{"id":7158,"date":"2016-10-06T11:56:40","date_gmt":"2016-10-06T09:56:40","guid":{"rendered":"https:\/\/www.pimealdia.org\/empreses-obligades-relacionar-electronicament-administracio-electronica\/"},"modified":"2017-07-26T12:53:35","modified_gmt":"2017-07-26T10:53:35","slug":"empreses-obligades-relacionar-electronicament-administracio-electronica","status":"publish","type":"post","link":"https:\/\/www.pimealdia.org\/es\/empreses-obligades-relacionar-electronicament-administracio-electronica\/","title":{"rendered":"Las empresas y asociaciones ya est\u00e1n obligadas a relacionarse de forma electr\u00f3nica con la administraci\u00f3n"},"content":{"rendered":"<p>A partir de esta semana, con la entrada en vigor de la <a href=\"https:\/\/boe.es\/boe_catalan\/dias\/2015\/10\/02\/pdfs\/BOE-A-2015-10565-C. pdf \" target=\" _ blank \"> Ley 39\/2015, de 1 de octubre, del procedimiento administrativo com\u00fan de las administraciones p\u00fablicas <\/a>, est\u00e1n obligados a efectuar cualquier tr\u00e1mite de un procedimiento administrativo a trav\u00e9s de medios electr\u00f3nicos:<\/p>\n<ul>\n<li>Las <strong> personas jur\u00eddicas <\/strong>.<\/li>\n<li>Las <strong> entidades sin personalidad jur\u00eddica <\/strong><\/li>\n<li>Quienes ejerzan una a <strong> ctividad profesional para la que se requiera la colegiaci\u00f3n obligatoria <\/strong>, para los tr\u00e1mites y actuaciones que lleven a cabo con las administraciones p\u00fablicas en ejercicio de la actividad profesional mencionada . En todo caso, dentro de este colectivo se entienden <strong> incluidos los notarios y registradores de la propiedad y mercantiles <\/strong><\/li>\n<li><strong> Quienes representen <\/strong> un interesado que est\u00e9 obligado a relacionarse electr\u00f3nicamente con la Administraci\u00f3n<\/li>\n<\/ul>\n<p>Adem\u00e1s, reglamentariamente, las administraciones pueden establecer la obligaci\u00f3n de relacionarse con ellas a trav\u00e9s de medios electr\u00f3nicos para determinados procedimientos y para ciertos colectivos de personas f\u00edsicas que, por raz\u00f3n de su capacidad econ\u00f3mica, t\u00e9cnica, dedicaci\u00f3n profesional u otros motivos, tengan acceso acreditado y disponibilidad de los medios electr\u00f3nicos necesarios.<\/p>\n<p><img loading=\"lazy\" class=\"alignnone wp-image-1997 size-full\" src=\"http:\/\/www.pimealdia.org\/wp-content\/uploads\/2016\/10\/administraci\u00f3-electr\u00f2nica1.jpg\" alt=\"administracion-electronica1 \" width=\" 680 \" height=\" 100 \" srcset=\"https:\/\/www.pimealdia.org\/wp-content\/uploads\/2016\/10\/administraci\u00f3-electr\u00f2nica1.jpg 680w, https:\/\/www.pimealdia.org\/wp-content\/uploads\/2016\/10\/administraci\u00f3-electr\u00f2nica1-300x44.jpg 300w, https:\/\/www.pimealdia.org\/wp-content\/uploads\/2016\/10\/administraci\u00f3-electr\u00f2nica1-600x88.jpg 600w, https:\/\/www.pimealdia.org\/wp-content\/uploads\/2016\/10\/administraci\u00f3-electr\u00f2nica1-400x59.jpg 400w\" sizes=\"(max-width: 680px) 100vw, 680px\" \/><\/p>\n<h4>\u00bfCu\u00e1les son los sistemas de firma admitidos por las administraciones p\u00fablicas?<\/h4>\n<ul>\n<li>Los sistemas de firma electr\u00f3nica reconocida o cualificada y avanzada basados ??en <strong> <a href=\"http:\/\/www.pimealdia.org\/els-certificats-digitals-de-persona-juridica-arriben-al-final -de-la-su-vida\/\" target=\" _ blank \"> certificados electr\u00f3nicos reconocidos o cualificados de firma electr\u00f3nica <\/a><\/strong> expedidos por prestadores incluidos en la\u00ab Lista de confianza de prestadores de servicios de certificaci\u00f3n \u00bb. A tal efecto, se entienden comprendidos entre dichos certificados electr\u00f3nicos reconocidos o cualificados los de persona jur\u00eddica y de entidad sin personalidad jur\u00eddica.<\/li>\n<li>Sistemas de sello electr\u00f3nico reconocido o cualificado y de sello electr\u00f3nico avanzado basados ??en certificados electr\u00f3nicos reconocidos o cualificados de <strong> sello electr\u00f3nico <\/strong> incluidos en la \u00abLista de confianza de prestadores de servicios de certificaci\u00f3n\u00bb.<\/li>\n<li>Cualquier otro sistema que las administraciones p\u00fablicas consideren v\u00e1lido, en los t\u00e9rminos y condiciones que se establezcan.<\/li>\n<\/ul>\n<blockquote><p><em><a href=\"http:\/\/www.certificatdigital.com\/\" target=\"_blank\" rel=\"noopener noreferrer\"><img loading=\"lazy\" class=\"wp-image-2000  alignright\" src=\"http:\/\/www.pimealdia.org\/wp-content\/uploads\/2016\/10\/administraci\u00f3-electr\u00f2nica2-300x220.jpg\" alt=\"administracion-electronica2\" width=\"356\" height=\"261\" srcset=\"https:\/\/www.pimealdia.org\/wp-content\/uploads\/2016\/10\/administraci\u00f3-electr\u00f2nica2-300x220.jpg 300w, https:\/\/www.pimealdia.org\/wp-content\/uploads\/2016\/10\/administraci\u00f3-electr\u00f2nica2-400x294.jpg 400w, https:\/\/www.pimealdia.org\/wp-content\/uploads\/2016\/10\/administraci\u00f3-electr\u00f2nica2.jpg 448w\" sizes=\"(max-width: 356px) 100vw, 356px\" \/><\/a> PIMEC ofrece a empresas, colectivos y aut\u00f3nomos los diferentes <a href=\"http:\/\/www.certificatdigital.com\/\" target=\"_blank\" rel=\"noopener noreferrer\"> certificados digitales <\/a> que las administraciones p\u00fablicas pueden requerir para relacionarse con ellas <\/em><\/p><\/blockquote>\n<p><strong> Sin embargo, cada Administraci\u00f3n p\u00fablica, organismo o entidad puede determinar si s\u00f3lo admite algunos de estos sistemas para efectuar determinados tr\u00e1mites o procedimientos de su \u00e1mbito de competencia. <\/strong><\/p>\n<h4>Sistemas de identificaci\u00f3n de las administraciones p\u00fablicas<\/h4>\n<p>Por su parte, las administraciones p\u00fablicas han de identificar los interesados ??en el procedimiento. En caso de que esta identificaci\u00f3n sea electr\u00f3nica, lo pueden hacer a trav\u00e9s de cualquier sistema que disponga de un registro previo como usuario que permita garantizar su identidad. En particular, se admiten los sistemas siguientes:<\/p>\n<ol>\n<li>Sistemas basados ??en certificados electr\u00f3nicos reconocidos o cualificados de <strong> firma electr\u00f3nica <\/strong> expedidos por prestadores incluidos en la \u00abLista de confianza de prestadores de servicios de certificaci\u00f3n\u00bb. A tal efecto, se entienden comprendidos entre los dichos certificados electr\u00f3nicos reconocidos o cualificados los de persona jur\u00eddica y de entidad sin personalidad jur\u00eddica.<\/li>\n<li>Sistemas basados ??en certificados electr\u00f3nicos reconocidos o cualificados de <strong> sello electr\u00f3nico <\/strong> expedidos por prestadores incluidos en la \u00abLista de confianza de prestadores de servicios de certificaci\u00f3n\u00bb.<\/li>\n<li>Sistemas de <strong> clave concertada <\/strong> y cualquier otro sistema que las administraciones p\u00fablicas consideren v\u00e1lido, en los t\u00e9rminos y condiciones que se establezcan.<\/li>\n<\/ol>\n<p>Cada Administraci\u00f3n p\u00fablica puede determinar si s\u00f3lo admite alguno de estos sistemas para efectuar determinados tr\u00e1mites o procedimientos, si bien la admisi\u00f3n de alguno de los sistemas de identificaci\u00f3n previstos en el punto 3) conlleva la admisi\u00f3n de todos los previstos en los puntos 1) y 2) anteriores para este tr\u00e1mite o procedimiento.<\/p>\n<h4>Administraci\u00f3n electr\u00f3nica<\/h4>\n<p>La norma tambi\u00e9n prev\u00e9 que las administraciones deben disponer de un registro electr\u00f3nico de apoderamientos, de un registro electr\u00f3nico, de un registro de empleados p\u00fablicos habilitados, de un punto de acceso general electr\u00f3nico de la Administraci\u00f3n y de un archivo \u00fanico electr\u00f3nico, aunque, en previsi\u00f3n de la dificultad de implementaci\u00f3n de estas herramientas, <strong> se prev\u00e9 un plazo de tiempo generoso para ponerlo en funcionamiento, hasta el 2 de octubre de 2018, 2 a\u00f1os despu\u00e9s del plazo de adaptaci\u00f3n establecido para las empresas y asociaciones. <\/strong><\/p>\n<p><em> <img loading=\"lazy\" class=\"alignleft wp-image-2003\" src=\"http:\/\/www.pimealdia.org\/wp-content\/uploads\/2016\/10\/Administraci\u00f3-p\u00fablica3-300x300.jpg\" alt=\"administracion -publica3 \" width=\" 242 \" height=\" 242 \" srcset=\"https:\/\/www.pimealdia.org\/wp-content\/uploads\/2016\/10\/Administraci\u00f3-p\u00fablica3-300x300.jpg 300w, https:\/\/www.pimealdia.org\/wp-content\/uploads\/2016\/10\/Administraci\u00f3-p\u00fablica3-150x150.jpg 150w, https:\/\/www.pimealdia.org\/wp-content\/uploads\/2016\/10\/Administraci\u00f3-p\u00fablica3-100x100.jpg 100w, https:\/\/www.pimealdia.org\/wp-content\/uploads\/2016\/10\/Administraci\u00f3-p\u00fablica3.jpg 340w\" sizes=\"(max-width: 300px) 100vw, 300px\" \/><\/em><\/p>\n<p><i> PIMEC considera que <a href=\"http:\/\/www.pimealdia.org\/entra-vigor-llei-procediment-administratiu-comu\/\" target=\"_blank\" rel=\"noopener noreferrer\"> la administraci\u00f3n electr\u00f3nica <\/a> debe ser positiva tanto para las administraciones p\u00fablicas como para las empresas, colectivos y aut\u00f3nomos, pero tambi\u00e9n advierte que los sistemas inform\u00e1ticos que tienen que soportar esta relaci\u00f3n a trav\u00e9s de medios electr\u00f3nicos deben ser fiables y eficientes .<br \/>\n<\/i><\/p>\n","protected":false},"excerpt":{"rendered":"<p>A partir de esta semana, con la entrada en vigor de la Ley 39\/2015, de 1 de octubre, del procedimiento administrativo com\u00fan de las administraciones p\u00fablicas , est\u00e1n obligados a efectuar cualquier tr\u00e1mite de un procedimiento administrativo a trav\u00e9s de medios electr\u00f3nicos: Las personas jur\u00eddicas . Las entidades sin personalidad jur\u00eddica Quienes ejerzan una a ctividad profesional para la que se requiera la colegiaci\u00f3n obligatoria , para los tr\u00e1mites y actuaciones que lleven a cabo con las administraciones p\u00fablicas en ejercicio de la actividad profesional mencionada . En todo caso, dentro de este colectivo se entienden incluidos los notarios y<\/p>\n","protected":false},"author":13,"featured_media":7160,"comment_status":"open","ping_status":"closed","sticky":false,"template":"","format":"standard","meta":[],"categories":[332],"tags":[],"_links":{"self":[{"href":"https:\/\/www.pimealdia.org\/es\/wp-json\/wp\/v2\/posts\/7158"}],"collection":[{"href":"https:\/\/www.pimealdia.org\/es\/wp-json\/wp\/v2\/posts"}],"about":[{"href":"https:\/\/www.pimealdia.org\/es\/wp-json\/wp\/v2\/types\/post"}],"author":[{"embeddable":true,"href":"https:\/\/www.pimealdia.org\/es\/wp-json\/wp\/v2\/users\/13"}],"replies":[{"embeddable":true,"href":"https:\/\/www.pimealdia.org\/es\/wp-json\/wp\/v2\/comments?post=7158"}],"version-history":[{"count":0,"href":"https:\/\/www.pimealdia.org\/es\/wp-json\/wp\/v2\/posts\/7158\/revisions"}],"wp:featuredmedia":[{"embeddable":true,"href":"https:\/\/www.pimealdia.org\/es\/wp-json\/wp\/v2\/media\/7160"}],"wp:attachment":[{"href":"https:\/\/www.pimealdia.org\/es\/wp-json\/wp\/v2\/media?parent=7158"}],"wp:term":[{"taxonomy":"category","embeddable":true,"href":"https:\/\/www.pimealdia.org\/es\/wp-json\/wp\/v2\/categories?post=7158"},{"taxonomy":"post_tag","embeddable":true,"href":"https:\/\/www.pimealdia.org\/es\/wp-json\/wp\/v2\/tags?post=7158"}],"curies":[{"name":"wp","href":"https:\/\/api.w.org\/{rel}","templated":true}]}}