{"id":7172,"date":"2016-10-12T11:00:43","date_gmt":"2016-10-12T09:00:43","guid":{"rendered":"https:\/\/www.pimealdia.org\/millorar-competitivitat-0e\/"},"modified":"2017-07-26T13:10:51","modified_gmt":"2017-07-26T11:10:51","slug":"millorar-competitivitat-0e","status":"publish","type":"post","link":"https:\/\/www.pimealdia.org\/es\/millorar-competitivitat-0e\/","title":{"rendered":"Mejorar la competitividad: 0 \u20ac"},"content":{"rendered":"<p>\u00bfPodr\u00edan las organizaciones aumentar su competitividad, evitando los gastos frecuentes y desaciertos, mediante una gesti\u00f3n sistem\u00e1tica y profesional de su comunicaci\u00f3n? \u00bfPor qu\u00e9 es conveniente invertir en la gesti\u00f3n comunicativa?<\/p>\n<p style=\"text-align: justify;\">A pesar de la visi\u00f3n de muchas organizaciones, que cuando se encuentran en una situaci\u00f3n de crisis recortan en comunicaci\u00f3n, la Comunicaci\u00f3n Organizacional es un pilar fundamental para el buen funcionamiento de la empresa. La mezcla de desconocimiento del valor de la gesti\u00f3n profesional de la comunicaci\u00f3n, por parte de los l\u00edderes organizacionales, y de la d\u00e9bil capacidad de medir y demostrar este valor, por parte de los responsables de gestionarla, es con frecuencia el c\u00f3ctel que lleva a la subvaloraci\u00f3n de la <strong> Comunicaci\u00f3n Organizacional como factor generador de competitividad <\/strong>.<\/p>\n<p><img loading=\"lazy\" class=\"size-medium wp-image-1740 aligncenter\" src=\"http:\/\/www.pimealdia.org\/wp-content\/uploads\/2016\/09\/71-Utilitzada-300x241.jpg\" alt=\"71 -utilizada \" width=\" 300 \" height=\" 241 \" srcset=\"https:\/\/www.pimealdia.org\/wp-content\/uploads\/2016\/09\/71-Utilitzada-300x241.jpg 300w, https:\/\/www.pimealdia.org\/wp-content\/uploads\/2016\/09\/71-Utilitzada-400x322.jpg 400w, https:\/\/www.pimealdia.org\/wp-content\/uploads\/2016\/09\/71-Utilitzada.jpg 425w\" sizes=\"(max-width: 300px) 100vw, 300px\" \/><\/p>\n<p>Y es que <strong> es muy importante <\/strong>:<\/p>\n<ul>\n<li><strong> Definir un \u00e1rea o persona responsable <\/strong> de gestionar sistem\u00e1tica y profesionalmente la Comunicaci\u00f3n de tu organizaci\u00f3n. La ausencia de responsables en comunicaci\u00f3n provoca que los errores se presenten con mayor frecuencia.<\/li>\n<li><strong> Asegurar la calificaci\u00f3n de la persona a cargo <\/strong>. Dentro del mercado de los profesionales de la comunicaci\u00f3n, como en todos, t\u00fa los podr\u00e1 encontrar muy buenos, buenos y no tan buenos. Busca, pide referencias y sigue tu propia intuici\u00f3n.<\/li>\n<li><strong> Involucrar siempre y desde el principio a la persona, o \u00e1rea, responsable <\/strong> de la gesti\u00f3n de la comunicaci\u00f3n de los diferentes proyectos y procesos organizacionales. Si esta persona cumple con el aspecto n\u00famero 2 de esta lista, con seguridad le aportar\u00e1 valor a la comunicaci\u00f3n de tu organizaci\u00f3n.<\/li>\n<\/ul>\n<blockquote><p>&#8220;Los procesos de comunicaci\u00f3n tambi\u00e9n requieren de la aplicaci\u00f3n del ciclo PFVA (Planear, Hacer, Verificar y Actuar)&#8221;<\/p><\/blockquote>\n<ul>\n<li><strong> Presupuestar la gesti\u00f3n de comunicaci\u00f3n <\/strong> incluyendo las partidas requeridas para realizar los estudios econ\u00f3micos correspondientes, para controlar indicadores, que te den la tranquilidad sobre que <strong> la comunicaci\u00f3n es una inversi\u00f3n y no un gasto <\/strong>. Los procesos de comunicaci\u00f3n, como todos los dem\u00e1s de una organizaci\u00f3n, tambi\u00e9n requieren de la aplicaci\u00f3n del ciclo PFVA (Planear, Hacer, Verificar y Actuar).<\/li>\n<\/ul>\n","protected":false},"excerpt":{"rendered":"<p>\u00bfPodr\u00edan las organizaciones aumentar su competitividad, evitando los gastos frecuentes y desaciertos, mediante una gesti\u00f3n sistem\u00e1tica y profesional de su comunicaci\u00f3n? \u00bfPor qu\u00e9 es conveniente invertir en la gesti\u00f3n comunicativa? A pesar de la visi\u00f3n de muchas organizaciones, que cuando se encuentran en una situaci\u00f3n de crisis recortan en comunicaci\u00f3n, la Comunicaci\u00f3n Organizacional es un pilar fundamental para el buen funcionamiento de la empresa. La mezcla de desconocimiento del valor de la gesti\u00f3n profesional de la comunicaci\u00f3n, por parte de los l\u00edderes organizacionales, y de la d\u00e9bil capacidad de medir y demostrar este valor, por parte de los responsables de<\/p>\n","protected":false},"author":10,"featured_media":7174,"comment_status":"open","ping_status":"closed","sticky":false,"template":"","format":"standard","meta":[],"categories":[330],"tags":[],"_links":{"self":[{"href":"https:\/\/www.pimealdia.org\/es\/wp-json\/wp\/v2\/posts\/7172"}],"collection":[{"href":"https:\/\/www.pimealdia.org\/es\/wp-json\/wp\/v2\/posts"}],"about":[{"href":"https:\/\/www.pimealdia.org\/es\/wp-json\/wp\/v2\/types\/post"}],"author":[{"embeddable":true,"href":"https:\/\/www.pimealdia.org\/es\/wp-json\/wp\/v2\/users\/10"}],"replies":[{"embeddable":true,"href":"https:\/\/www.pimealdia.org\/es\/wp-json\/wp\/v2\/comments?post=7172"}],"version-history":[{"count":0,"href":"https:\/\/www.pimealdia.org\/es\/wp-json\/wp\/v2\/posts\/7172\/revisions"}],"wp:featuredmedia":[{"embeddable":true,"href":"https:\/\/www.pimealdia.org\/es\/wp-json\/wp\/v2\/media\/7174"}],"wp:attachment":[{"href":"https:\/\/www.pimealdia.org\/es\/wp-json\/wp\/v2\/media?parent=7172"}],"wp:term":[{"taxonomy":"category","embeddable":true,"href":"https:\/\/www.pimealdia.org\/es\/wp-json\/wp\/v2\/categories?post=7172"},{"taxonomy":"post_tag","embeddable":true,"href":"https:\/\/www.pimealdia.org\/es\/wp-json\/wp\/v2\/tags?post=7172"}],"curies":[{"name":"wp","href":"https:\/\/api.w.org\/{rel}","templated":true}]}}