{"id":7503,"date":"2017-08-04T18:45:06","date_gmt":"2017-08-04T16:45:06","guid":{"rendered":"https:\/\/www.pimealdia.org\/sacaba-la-calorada\/"},"modified":"2017-09-01T10:03:54","modified_gmt":"2017-09-01T08:03:54","slug":"sacaba-la-calorada","status":"publish","type":"post","link":"https:\/\/www.pimealdia.org\/es\/sacaba-la-calorada\/","title":{"rendered":"Se acaba la ola de calor: predicci\u00f3n a la meteorolog\u00eda del 4 al 11 de agosto 2017"},"content":{"rendered":"<p><b> A partir de hoy cada viernes tendremos una cita con la meteorolog\u00eda, predicciones para los siguientes siete d\u00edas con consejos de todo tipo para tu negocio, dependiendo de las variaciones meteorol\u00f3gicas previstas. <\/b><\/p>\n<p>La ola de calor que estamos sufriendo tiene fecha de caducidad: domingo 6 de agosto. Ni que decir tiene que se ha disparado el consumo de bebidas refrescantes y helados, las playas y piscinas hacen &#8220;agosto&#8221; y la venta de aparatos de aire acondicionado no se detiene.<\/p>\n<p>Estamos registrando picos de consumo energ\u00e9tico que superan a los que se dan con olas de fr\u00edo en invierno. De hecho estamos teniendo el segundo verano m\u00e1s caluroso desde terrible 2003 &#8230; y as\u00ed continuar\u00e1 durante este fin de semana, a refrescarse como podamos, este a\u00f1o la can\u00edcula es potente.<\/p>\n<blockquote><p><img loading=\"lazy\" class=\"wp-image-7465 size-medium alignleft\" src=\"https:\/\/www.pimealdia.org\/wp-content\/uploads\/2017\/08\/27-jul-2016-300x200.jpg \" alt=\" \" width=\"300\" height=\"200\" srcset=\"https:\/\/www.pimealdia.org\/wp-content\/uploads\/2017\/08\/27-jul-2016-300x200.jpg 300w, https:\/\/www.pimealdia.org\/wp-content\/uploads\/2017\/08\/27-jul-2016-600x400.jpg 600w, https:\/\/www.pimealdia.org\/wp-content\/uploads\/2017\/08\/27-jul-2016-400x267.jpg 400w, https:\/\/www.pimealdia.org\/wp-content\/uploads\/2017\/08\/27-jul-2016.jpg 640w\" sizes=\"(max-width: 300px) 100vw, 300px\" \/><\/p><\/blockquote>\n<p>\u00a1Pero hay cambios a la vista! Domingo ya notaremos una ligera refrescada hacia el norte del pa\u00eds con alguna tormenta, pero ser\u00e1 a partir del martes y hasta el viernes d\u00eda 11 de agosto cuando disfrutaremos de unos aires m\u00e1s frescos, sin que falte alguna buena tormenta.<\/p>\n<blockquote><p>La bajada de temperatura, especialmente mi\u00e9rcoles y jueves, ser\u00e1 contundente, sobre todo viniendo de donde venimos<\/p><\/blockquote>\n<p>Seguramente disminuir\u00e1 un poco la afluencia en playas y piscinas, tambi\u00e9n bajar\u00e1 el consumo energ\u00e9tico y aquellos trabajos que se realizan al aire libre, por ejemplo en el sector de la construcci\u00f3n, jardiner\u00eda, agricultura &#8230; podr\u00e1n hacerse con un ambiente mucho m\u00e1s soportable.<\/p>\n<p>Sin embargo entre el martes y jueves, algunas tormentas que pueden afectar preferentemente Barcelona, Girona y norte de Lleida pueden interrumpir la planificaci\u00f3n de alguna actividad. El martes por la noche o el mi\u00e9rcoles ser\u00e1n buenos d\u00edas para abrir puertas y ventanas y ventilar las casas. Ahora bien, a partir del viernes de la pr\u00f3xima semana el ambiente volver\u00e1 a calentarse y de nuevo el calor ir\u00e1 ganando puntos.<\/p>\n<blockquote><p>\u00a1Tenemos a las puertas un respiro de unos cuatro d\u00edas pero cuidado, todav\u00eda queda verano para rato!<\/p><\/blockquote>\n<p>Por gentileza de <a href=\"http:\/\/www.taikometeorologia.com\/\" target=\"_blank\" rel=\"noopener noreferrer\"> Taiko Meteorolog\u00eda <\/a><\/p>\n","protected":false},"excerpt":{"rendered":"<p>A partir de hoy cada viernes tendremos una cita con la meteorolog\u00eda, predicciones para los siguientes siete d\u00edas con consejos de todo tipo para tu negocio, dependiendo de las variaciones meteorol\u00f3gicas previstas. La ola de calor que estamos sufriendo tiene fecha de caducidad: domingo 6 de agosto. Ni que decir tiene que se ha disparado el consumo de bebidas refrescantes y helados, las playas y piscinas hacen &#8220;agosto&#8221; y la venta de aparatos de aire acondicionado no se detiene. Estamos registrando picos de consumo energ\u00e9tico que superan a los que se dan con olas de fr\u00edo en invierno. De hecho<\/p>\n","protected":false},"author":60,"featured_media":7479,"comment_status":"open","ping_status":"closed","sticky":false,"template":"","format":"standard","meta":[],"categories":[338],"tags":[],"_links":{"self":[{"href":"https:\/\/www.pimealdia.org\/es\/wp-json\/wp\/v2\/posts\/7503"}],"collection":[{"href":"https:\/\/www.pimealdia.org\/es\/wp-json\/wp\/v2\/posts"}],"about":[{"href":"https:\/\/www.pimealdia.org\/es\/wp-json\/wp\/v2\/types\/post"}],"author":[{"embeddable":true,"href":"https:\/\/www.pimealdia.org\/es\/wp-json\/wp\/v2\/users\/60"}],"replies":[{"embeddable":true,"href":"https:\/\/www.pimealdia.org\/es\/wp-json\/wp\/v2\/comments?post=7503"}],"version-history":[{"count":3,"href":"https:\/\/www.pimealdia.org\/es\/wp-json\/wp\/v2\/posts\/7503\/revisions"}],"predecessor-version":[{"id":8788,"href":"https:\/\/www.pimealdia.org\/es\/wp-json\/wp\/v2\/posts\/7503\/revisions\/8788"}],"wp:featuredmedia":[{"embeddable":true,"href":"https:\/\/www.pimealdia.org\/es\/wp-json\/wp\/v2\/media\/7479"}],"wp:attachment":[{"href":"https:\/\/www.pimealdia.org\/es\/wp-json\/wp\/v2\/media?parent=7503"}],"wp:term":[{"taxonomy":"category","embeddable":true,"href":"https:\/\/www.pimealdia.org\/es\/wp-json\/wp\/v2\/categories?post=7503"},{"taxonomy":"post_tag","embeddable":true,"href":"https:\/\/www.pimealdia.org\/es\/wp-json\/wp\/v2\/tags?post=7503"}],"curies":[{"name":"wp","href":"https:\/\/api.w.org\/{rel}","templated":true}]}}