{"id":7558,"date":"2016-11-11T11:37:09","date_gmt":"2016-11-11T09:37:09","guid":{"rendered":"https:\/\/www.pimealdia.org\/impacte-donald-trump-pimes-catalanes\/"},"modified":"2017-08-07T17:49:26","modified_gmt":"2017-08-07T15:49:26","slug":"impacte-donald-trump-pimes-catalanes","status":"publish","type":"post","link":"https:\/\/www.pimealdia.org\/es\/impacte-donald-trump-pimes-catalanes\/","title":{"rendered":"Impacto Donald Trump en las pymes catalanas"},"content":{"rendered":"<p>Las encuestas pre-electorales posicionaban a Hillary Clinton como la candidata preferida para la presidencia de Estados Unidos pero, por sorpresa de muchos, el voto real de los estadounidenses dio finalmente la victoria al magnate inmobiliario Donald Trump.<\/p>\n<p><img loading=\"lazy\" class=\"alignnone wp-image-2396 size-full\" src=\"http:\/\/www.pimealdia.org\/wp-content\/uploads\/2016\/11\/EUA-1.jpg\" alt=\"eeuu\" width=\"665\" height=\"167\" srcset=\"https:\/\/www.pimealdia.org\/wp-content\/uploads\/2016\/11\/EUA-1.jpg 665w, https:\/\/www.pimealdia.org\/wp-content\/uploads\/2016\/11\/EUA-1-300x75.jpg 300w, https:\/\/www.pimealdia.org\/wp-content\/uploads\/2016\/11\/EUA-1-600x151.jpg 600w, https:\/\/www.pimealdia.org\/wp-content\/uploads\/2016\/11\/EUA-1-400x100.jpg 400w\" sizes=\"(max-width: 665px) 100vw, 665px\" \/><\/p>\n<p style=\"text-align: justify;\">Despu\u00e9s de lo que ha sido uno de los resultados electorales m\u00e1s sorprendentes, los miembros de la comisi\u00f3n internacional de PIMEC hemos evaluado las posibles repercusiones que puedan tener para las pymes catalanas.<\/p>\n<blockquote><p><strong> La \u00fanica certeza es que las relaciones internacionales como se han conocido hasta ahora, van a sufrir una transformaci\u00f3n <\/strong><\/p><\/blockquote>\n<h1>OTAN<\/h1>\n<p style=\"text-align: justify;\"><img loading=\"lazy\" class=\"alignleft wp-image-2402 size-medium\" src=\"http:\/\/www.pimealdia.org\/wp-content\/uploads\/2016\/11\/eua3-300x199.jpg \" alt=\" eua3 \" width=\" 300 \" height=\" 199 \" \/> Para empezar, Trump prometi\u00f3 retirar el apoyo econ\u00f3mico a la OTAN si el resto de miembros no aumentan sus aportaciones pero tambi\u00e9n pueden estar amenazadas otras organizaciones multilaterales como la OMC o el Banco Mundial, que, seg\u00fan su visi\u00f3n, son ineficientes.<\/p>\n<h1>Ttipia<\/h1>\n<p style=\"text-align: justify;\">Por otra parte, se prev\u00e9 que una de las medidas m\u00e1s inmediatas sea la paralizaci\u00f3n de las negociaciones de los tratados de libre comercio que estaban en v\u00edas de redacci\u00f3n (Ttipia) o de ratificaci\u00f3n (TPP). M\u00e1s all\u00e1 de las repercusiones que tenga la propia paralizaci\u00f3n, se teme que esto pueda desencadenar la adopci\u00f3n de <strong> pol\u00edticas proteccionistas <\/strong> en otros pa\u00edses.<\/p>\n<p style=\"text-align: justify;\">La comisi\u00f3n considera tambi\u00e9n que la reducci\u00f3n del libre comienzo representar\u00eda un gran paso atr\u00e1s, mermando la competitividad de las empresas y reduciendo las oportunidades de negocio. Teniendo en cuenta que, tradicionalmente, el partido republicano ha tendido a la liberalizaci\u00f3n del comercio, se espera que el af\u00e1n proteccionista de Trump quede amortiguado por la actuaci\u00f3n de las c\u00e1maras y el senado.<\/p>\n<p style=\"text-align: justify;\"><img loading=\"lazy\" class=\"alignnone wp-image-2.407 size-full\" src=\"http:\/\/www.pimealdia.org\/wp-content\/uploads\/2016\/11\/eua5.jpg \" alt=\" eua5 \" width=\" 665 \" height=\" 150 \" \/><\/p>\n<h1>Relaciones Internacionales<\/h1>\n<p style=\"text-align: justify;\">Respecto la relaci\u00f3n que establezca a partir de ahora con regiones espec\u00edficas, se especula con la posible paralizaci\u00f3n del proceso de desbloqueo en el que est\u00e1 inmerso actualmente la <strong> Ir\u00e1n <\/strong>. En cuanto Rusia, se cree que aumentar\u00e1 su poder, convirti\u00e9ndose en el nuevo aliado de los americanos en la lucha contra el Estado Isl\u00e1mico mientras que <strong> M\u00e9xico <\/strong> ser\u00e1, sin duda, uno de los m\u00e1s afectados por los cambios en la pol\u00edtica exterior americana. Si bien no se habla de la construcci\u00f3n del muro como una posibilidad real, si se cree que tendr\u00e1 un impacto en la industria fronteriza, en los movimientos migratorios y, sobre todo, en la situaci\u00f3n de los inmigrantes ilegales en el pa\u00eds.<\/p>\n<h1 style=\"text-align: justify;\"><a href=\"http:\/\/www.pimealdia.org\/category\/europa\/\" target=\"_blank\" rel=\"noopener noreferrer\"> Europa <\/a><\/h1>\n<p style=\"text-align: justify;\">Sin olvidar los retos internos a los que deber\u00e1 enfrentarse el nuevo presidente en materia de <img loading=\"lazy\" class=\"alignright wp-image-2405 size-thumbnail\" src=\" http:\/\/www.pimealdia.org\/wp-content\/uploads\/2016\/11\/eua4-150x150.jpg \" alt=\" eua4 \" width=\" 150 \" height=\" 150 \" \/> <strong> cohesi\u00f3n social <\/strong>, la comisi\u00f3n muestra su preocupaci\u00f3n por la posibilidad de que su discurso populista pueda dar fuerza a las organizaciones pol\u00edticas de ultraderecha que ya han ido ganando peso en Europa en los \u00faltimos a\u00f1os. Esto representar\u00eda un peligro para la cohesi\u00f3n europea, especialmente despu\u00e9s de los resultados del refer\u00e9ndum por <strong> <a href=\"http:\/\/www.pimealdia.org\/tag\/brexit\/\" target=\"_ blank\"> BREXIT <\/a> <\/strong> se cree que tendr\u00e1 una repercusi\u00f3n m\u00e1s directa en el corto plazo.<\/p>\n<p><strong> Se queda pues a la espera de los acontecimientos reales que tendr\u00e1n lugar en un futuro pr\u00f3ximo y de c\u00f3mo estos afectar\u00e1n a Europa con elecciones en Alemania y Francia donde amenaza la ola populista. <\/strong><\/p>\n","protected":false},"excerpt":{"rendered":"<p>Las encuestas pre-electorales posicionaban a Hillary Clinton como la candidata preferida para la presidencia de Estados Unidos pero, por sorpresa de muchos, el voto real de los estadounidenses dio finalmente la victoria al magnate inmobiliario Donald Trump. Despu\u00e9s de lo que ha sido uno de los resultados electorales m\u00e1s sorprendentes, los miembros de la comisi\u00f3n internacional de PIMEC hemos evaluado las posibles repercusiones que puedan tener para las pymes catalanas. La \u00fanica certeza es que las relaciones internacionales como se han conocido hasta ahora, van a sufrir una transformaci\u00f3n OTAN Para empezar, Trump prometi\u00f3 retirar el apoyo econ\u00f3mico a la<\/p>\n","protected":false},"author":12,"featured_media":7560,"comment_status":"open","ping_status":"closed","sticky":false,"template":"","format":"standard","meta":[],"categories":[342],"tags":[],"_links":{"self":[{"href":"https:\/\/www.pimealdia.org\/es\/wp-json\/wp\/v2\/posts\/7558"}],"collection":[{"href":"https:\/\/www.pimealdia.org\/es\/wp-json\/wp\/v2\/posts"}],"about":[{"href":"https:\/\/www.pimealdia.org\/es\/wp-json\/wp\/v2\/types\/post"}],"author":[{"embeddable":true,"href":"https:\/\/www.pimealdia.org\/es\/wp-json\/wp\/v2\/users\/12"}],"replies":[{"embeddable":true,"href":"https:\/\/www.pimealdia.org\/es\/wp-json\/wp\/v2\/comments?post=7558"}],"version-history":[{"count":0,"href":"https:\/\/www.pimealdia.org\/es\/wp-json\/wp\/v2\/posts\/7558\/revisions"}],"wp:featuredmedia":[{"embeddable":true,"href":"https:\/\/www.pimealdia.org\/es\/wp-json\/wp\/v2\/media\/7560"}],"wp:attachment":[{"href":"https:\/\/www.pimealdia.org\/es\/wp-json\/wp\/v2\/media?parent=7558"}],"wp:term":[{"taxonomy":"category","embeddable":true,"href":"https:\/\/www.pimealdia.org\/es\/wp-json\/wp\/v2\/categories?post=7558"},{"taxonomy":"post_tag","embeddable":true,"href":"https:\/\/www.pimealdia.org\/es\/wp-json\/wp\/v2\/tags?post=7558"}],"curies":[{"name":"wp","href":"https:\/\/api.w.org\/{rel}","templated":true}]}}