{"id":7591,"date":"2017-08-07T12:20:45","date_gmt":"2017-08-07T10:20:45","guid":{"rendered":"https:\/\/www.pimealdia.org\/realitza-una-analisi-qualitativa-en-tancar-el-semestre\/"},"modified":"2017-08-09T11:12:27","modified_gmt":"2017-08-09T09:12:27","slug":"realitza-una-analisi-qualitativa-en-tancar-el-semestre","status":"publish","type":"post","link":"https:\/\/www.pimealdia.org\/es\/realitza-una-analisi-qualitativa-en-tancar-el-semestre\/","title":{"rendered":"Realiza un an\u00e1lisis cualitativo al final del semestre"},"content":{"rendered":"<p><strong>Finales de julio, principios de agosto. Avalancha de presentaciones de resultados de negocios.<\/strong> Todo el mundo quiere ir de vacaciones con su trabajo hecho y su casa de inmediato. Por lo tanto, todas las empresas -las m\u00e1s grandes y las m\u00e1s expuestas al mercado, pero tambi\u00e9n las m\u00e1s peque\u00f1as- cierran el semestre en el mismo momento, situaci\u00f3n que hace pr\u00e1cticamente imposible realizar un an\u00e1lisis cualitativo de estos resultados.<\/p>\n<blockquote><p>A menudo solemos mirar s\u00f3lo la parte cuantitativa al final del semestre; <strong> \u00bfQu\u00e9 ganamos y si esto es m\u00e1s o menos lo mismo que el a\u00f1o pasado?<\/strong><\/p><\/blockquote>\n<figure id=\"attachment_7594\" aria-describedby=\"caption-attachment-7594\" style=\"width: 960px\" class=\"wp-caption aligncenter\"><img loading=\"lazy\" class=\"wp-image-7594 size-full\" src=\"https:\/\/www.pimealdia.org\/wp-content\/uploads\/2017\/08\/pla-digualtat-2.jpg\" alt=\"\" width=\"960\" height=\"270\" srcset=\"https:\/\/www.pimealdia.org\/wp-content\/uploads\/2017\/08\/pla-digualtat-2.jpg 960w, https:\/\/www.pimealdia.org\/wp-content\/uploads\/2017\/08\/pla-digualtat-2-300x84.jpg 300w, https:\/\/www.pimealdia.org\/wp-content\/uploads\/2017\/08\/pla-digualtat-2-800x225.jpg 800w, https:\/\/www.pimealdia.org\/wp-content\/uploads\/2017\/08\/pla-digualtat-2-600x169.jpg 600w, https:\/\/www.pimealdia.org\/wp-content\/uploads\/2017\/08\/pla-digualtat-2-400x113.jpg 400w\" sizes=\"(max-width: 960px) 100vw, 960px\" \/><figcaption id=\"caption-attachment-7594\" class=\"wp-caption-text\">Competencia, producto y eficiencia<\/figcaption><\/figure>\n<h2><strong> C\u00f3mo realizar un an\u00e1lisis cualitativo <\/strong><\/h2>\n<p>En primer lugar, tenemos que <strong> procurar analizar c\u00f3mo se construyen los beneficios empresariales <\/strong> <strong> para conocer aquellos aspectos c\u00edclicos o estructurales <\/strong>que debemos tener en cuenta en la evoluci\u00f3n del resultado de nuestra empresa<\/p>\n<h4>Analiza a tu competencia<\/h4>\n<p><strong> <img loading=\"lazy\" class=\"size-thumbnail wp-image-5978 alignleft\" src=\"https:\/\/www.pimealdia.org\/wp-content\/uploads\/2017\/07\/aut\u00f2noms-150x150.jpg\" alt=\" \" width=\" 150 \" height=\" 150 \" srcset=\"https:\/\/www.pimealdia.org\/wp-content\/uploads\/2017\/07\/aut\u00f2noms-150x150.jpg 150w, https:\/\/www.pimealdia.org\/wp-content\/uploads\/2017\/07\/aut\u00f2noms-100x100.jpg 100w, https:\/\/www.pimealdia.org\/wp-content\/uploads\/2017\/07\/aut\u00f2noms-50x50.jpg 50w\" sizes=\"(max-width: 150px) 100vw, 150px\" \/> El grado de competencia es uno de los elementos determinantes <\/strong> del precio que pueda fijar una empresa por sus productos (a pesar de muchos de los factores que afectan al grado de competencia var\u00edan en funci\u00f3n del sector en el que opera, por supuesto).<\/p>\n<h4>Diferencia con tu producto<\/h4>\n<p><img loading=\"lazy\" class=\"wp-image-6215 size-thumbnail alignleft\" src=\"https:\/\/www.pimealdia.org\/wp-content\/uploads\/2016\/05\/emprenedoria-interna-1-150x150.jpg\" alt=\"\" width=\"150\" height=\"150\" \/>Las empresas tambi\u00e9n tienen a su alcance otras estrategias para mejorar su posici\u00f3n competitiva, como <strong> la diferenciaci\u00f3n de producto y las mejoras de eficiencia del proceso productivo, <\/strong>dos l\u00edneas de acci\u00f3n que han recibido un fuerte impulso gracias a las nuevas tecnolog\u00edas ya la globalizaci\u00f3n.<\/p>\n<h4>Aumenta la eficiencia<\/h4>\n<p><img class=\"wp-image-5732 size-thumbnail alignleft\" src=\"https:\/\/www.pimealdia.org\/wp-content\/uploads\/2017\/06\/Gamificaci\u00f3n-150x150.jpg\" alt=\"\" width=\"150\" srcset=\"https:\/\/www.pimealdia.org\/wp-content\/uploads\/2017\/06\/Gamificaci\u00f3n-150x150.jpg 150w, https:\/\/www.pimealdia.org\/wp-content\/uploads\/2017\/06\/Gamificaci\u00f3n-100x100.jpg 100w, https:\/\/www.pimealdia.org\/wp-content\/uploads\/2017\/06\/Gamificaci\u00f3n-50x50.jpg 50w\" sizes=\"(max-width: 150px) 100vw, 150px\" \/><\/p>\n<p>Finalmente, a estos factores de car\u00e1cter m\u00e1s estructural se ha sumado, desde la crisis financiera, <strong> el efecto del ciclo econ\u00f3mico<\/strong>, donde en esta ocasi\u00f3n parece haberse impuesto la tesis de que parte el aumento de los m\u00e1rgenes durante el per\u00edodo se debe a una disminuci\u00f3n del nivel de competencia en algunos mercados.<\/p>\n<h2><strong> \u00bfPor qu\u00e9 las empresas ganan m\u00e1s? <\/strong><\/h2>\n<p>Durante el primer semestre del a\u00f1o, <strong> las empresas del Ibex 35 elevaron sus beneficios un 19%, hasta los 22.800 millones de euros. <\/strong> Ciertamente, se trata de grandes multinacionales con una composici\u00f3n de los beneficios muy heterog\u00e9neos. Algunos han sido impulsados por la internacionalizaci\u00f3n; otros, por el buen trabajo de sus negocios.<\/p>\n<h2><strong>Progreso tecnol\u00f3gico y globalizaci\u00f3n, factores positivos<\/strong><\/h2>\n<p>En definitiva, en los \u00faltimos a\u00f1os, <strong> ha habido factores c\u00edclicos y estructurales que han favorecido el aumento de los m\u00e1rgenes empresariales. <\/strong> Los factores c\u00edclicos es previsible que vayan diluy\u00e9ndose en los pr\u00f3ximos a\u00f1os, pero todo apunta a que los m\u00e1s profundos, como <strong> el progreso tecnol\u00f3gico y la globalizaci\u00f3n, sigan teniendo un amplio recorrido. <\/strong><\/p>\n<blockquote class=\"wp-embedded-content\" data-secret=\"RGhLeDtVhr\"><p><a href=\"https:\/\/www.pimealdia.org\/es\/gestion-orientada-margen\/\">La gesti\u00f3 orientada al marge<\/a><\/p><\/blockquote>\n<p><iframe class=\"wp-embedded-content\" sandbox=\"allow-scripts\" security=\"restricted\" style=\"position: absolute; clip: rect(1px, 1px, 1px, 1px);\" title=\"\u00abLa gesti\u00f3 orientada al marge\u00bb \u2014 Pime al dia\" src=\"https:\/\/www.pimealdia.org\/es\/gestion-orientada-margen\/embed\/#?secret=RGhLeDtVhr\" data-secret=\"RGhLeDtVhr\" width=\"600\" height=\"338\" frameborder=\"0\" marginwidth=\"0\" marginheight=\"0\" scrolling=\"no\"><\/iframe><\/p>\n<p>Tanto la globalizaci\u00f3n como el progreso tecnol\u00f3gico son factores indudablemente positivos, mejoran el crecimiento econ\u00f3mico y el bienestar, pero hay que seguir de cerca hasta qu\u00e9 punto el aumento de los m\u00e1rgenes es <strong> fruto de la recompensa que obtienen las empresas <\/strong> para el \u00e9xito de sus productos en el nuevo entorno o, hasta qu\u00e9 punto, es <strong> resultado de una reducci\u00f3n del grado de competencia <\/strong>.<\/p>\n<p>\u00a1Felices vacaciones!<\/p>\n","protected":false},"excerpt":{"rendered":"<p>Finales de julio, principios de agosto. Avalancha de presentaciones de resultados de negocios. Todo el mundo quiere ir de vacaciones con su trabajo hecho y su casa de inmediato. Por lo tanto, todas las empresas -las m\u00e1s grandes y las m\u00e1s expuestas al mercado, pero tambi\u00e9n las m\u00e1s peque\u00f1as- cierran el semestre en el mismo momento, situaci\u00f3n que hace pr\u00e1cticamente imposible realizar un an\u00e1lisis cualitativo de estos resultados. A menudo solemos mirar s\u00f3lo la parte cuantitativa al final del semestre; \u00bfQu\u00e9 ganamos y si esto es m\u00e1s o menos lo mismo que el a\u00f1o pasado? C\u00f3mo realizar un an\u00e1lisis cualitativo<\/p>\n","protected":false},"author":6,"featured_media":7520,"comment_status":"open","ping_status":"closed","sticky":false,"template":"","format":"standard","meta":[],"categories":[330],"tags":[],"_links":{"self":[{"href":"https:\/\/www.pimealdia.org\/es\/wp-json\/wp\/v2\/posts\/7591"}],"collection":[{"href":"https:\/\/www.pimealdia.org\/es\/wp-json\/wp\/v2\/posts"}],"about":[{"href":"https:\/\/www.pimealdia.org\/es\/wp-json\/wp\/v2\/types\/post"}],"author":[{"embeddable":true,"href":"https:\/\/www.pimealdia.org\/es\/wp-json\/wp\/v2\/users\/6"}],"replies":[{"embeddable":true,"href":"https:\/\/www.pimealdia.org\/es\/wp-json\/wp\/v2\/comments?post=7591"}],"version-history":[{"count":7,"href":"https:\/\/www.pimealdia.org\/es\/wp-json\/wp\/v2\/posts\/7591\/revisions"}],"predecessor-version":[{"id":7609,"href":"https:\/\/www.pimealdia.org\/es\/wp-json\/wp\/v2\/posts\/7591\/revisions\/7609"}],"wp:featuredmedia":[{"embeddable":true,"href":"https:\/\/www.pimealdia.org\/es\/wp-json\/wp\/v2\/media\/7520"}],"wp:attachment":[{"href":"https:\/\/www.pimealdia.org\/es\/wp-json\/wp\/v2\/media?parent=7591"}],"wp:term":[{"taxonomy":"category","embeddable":true,"href":"https:\/\/www.pimealdia.org\/es\/wp-json\/wp\/v2\/categories?post=7591"},{"taxonomy":"post_tag","embeddable":true,"href":"https:\/\/www.pimealdia.org\/es\/wp-json\/wp\/v2\/tags?post=7591"}],"curies":[{"name":"wp","href":"https:\/\/api.w.org\/{rel}","templated":true}]}}