{"id":7647,"date":"2016-11-16T11:00:17","date_gmt":"2016-11-16T09:00:17","guid":{"rendered":"https:\/\/www.pimealdia.org\/comunicacio-interna-indispensable-tant-per-lempleat-com-per-al-client\/"},"modified":"2017-08-11T16:19:33","modified_gmt":"2017-08-11T14:19:33","slug":"comunicacio-interna-indispensable-tant-per-lempleat-com-per-al-client","status":"publish","type":"post","link":"https:\/\/www.pimealdia.org\/es\/comunicacio-interna-indispensable-tant-per-lempleat-com-per-al-client\/","title":{"rendered":"Comunicaci\u00f3n interna, indispensable tanto para el empleado como para el cliente"},"content":{"rendered":"<p style=\"text-align: justify;\">No existe una estrategia global de comunicaci\u00f3n, bien dise\u00f1ada y ejecutada, que no incluya la comunicaci\u00f3n interna. El sentido com\u00fan ya nos lo advierte, pero algunas empresas y organizaciones siguen sin una adecuada gesti\u00f3n de la <strong> comunicaci\u00f3n interna <\/strong>. Y sin esta, es imposible proyectar a largo plazo una buena imagen externa y construir una s\u00f3lida <a href=\"http:\/\/www.pimealdia.org\/aconsegueixo-reputacio-corporativa\/\" target=\"_ blank\"> <strong> reputaci\u00f3n corporativa <\/strong> <\/a>.<\/p>\n<p style=\"text-align: justify;\">Una norma que nunca falla a la hora de dise\u00f1ar un plan o poner en marcha cualquier estrategia de comunicaci\u00f3n es poner a empleados o clientes, seg\u00fan el caso, en el centro. Dales el mando, ofrece la posibilidad de contribuir a cambiar las cosas y de mejorar la empresa.<\/p>\n<blockquote>\n<p style=\"text-align: justify;\">&#8220;Una norma que nunca falla a la hora de dise\u00f1ar un plan o poner en marcha cualquier estrategia de comunicaci\u00f3n es poner a empleados o clientes, seg\u00fan el caso, en el centro.&#8221;<\/p>\n<\/blockquote>\n<p style=\"text-align: justify;\">De esta manera, seguramente, te abrir\u00e1n los ojos y te otorgar\u00e1n una perspectiva nueva y distintas de las que te hab\u00edas planteado hasta entonces. Los datos demuestran que hay que relacionar las dos comunicaciones, la interna y la externa, ya que <strong> mientras el 80% de las organizaciones piensan que ofrecen una experiencia o servicio superior, s\u00f3lo el 8% de sus clientes lo perciben as\u00ed <\/strong>. En cambio, si se les hubiera escuchado y hubiera habido comunicaci\u00f3n entre ambas partes, estos errores se hubieran solucionado antes y sin ninguna consecuencia negativa.<\/p>\n<p>Una buena medida es anticiparte a los deseos de los tu p\u00fablico, porque en comunicaci\u00f3n ya se sabe: <strong> si no vas un paso por delante, vas un paso por detr\u00e1s <\/strong>. Y hay que estar al d\u00eda!<\/p>\n<p style=\"text-align: justify;\"><img loading=\"lazy\" class=\"size-medium wp-image-1757 alignleft\" src=\"http:\/\/www.pimealdia.org\/wp-content\/uploads\/2016\/09\/57-Utilitzada-300x157.jpg \" alt=\" 57-utilizada \" width=\" 300 \" height=\" 157 \" \/> En la comunicaci\u00f3n interna ocurre algo similar. La mayor\u00eda de las empresas piensan que su clima laboral es positivo, que el personal est\u00e1 identificado con los <a href=\"http:\/\/www.pimealdia.org\/respiren-valors-teva-companyia\/\" target=\"_ blank\"> valores de la empresa <\/a> y que sus condiciones laborales est\u00e1n por encima de la media. Pero s\u00f3lo hay que explorar un poco para darnos cuenta de la distancia entre percepci\u00f3n y realidad, donde la comunicaci\u00f3n es un valor m\u00e1s seguro.<\/p>\n<p style=\"text-align: justify;\"><strong> Por lo tanto, cambia el foco, privilegia a empleados y clientes, ofr\u00e9celes las <a href=\"http:\/\/www.pimealdia.org\/millorar- clima-laboral-mi-empresa\/\" target=\" _ blank \"> herramientas necesarias para sentirse parte de un proyecto com\u00fan <\/a> &#8230; <\/strong> Y con esta receta com\u00fan &#8211; para la comunicaci\u00f3n, en su vertiente externo e interno -, saludable, v\u00e1lida para cualquier \u00e9poca del a\u00f1o, econ\u00f3mica y por la que la ilusi\u00f3n y la actitud es m\u00e1s importante que los conocimientos de cocina, lograr\u00e1s tu objetivo.<\/p>\n","protected":false},"excerpt":{"rendered":"<p>No existe una estrategia global de comunicaci\u00f3n, bien dise\u00f1ada y ejecutada, que no incluya la comunicaci\u00f3n interna. El sentido com\u00fan ya nos lo advierte, pero algunas empresas y organizaciones siguen sin una adecuada gesti\u00f3n de la comunicaci\u00f3n interna . Y sin esta, es imposible proyectar a largo plazo una buena imagen externa y construir una s\u00f3lida reputaci\u00f3n corporativa . Una norma que nunca falla a la hora de dise\u00f1ar un plan o poner en marcha cualquier estrategia de comunicaci\u00f3n es poner a empleados o clientes, seg\u00fan el caso, en el centro. Dales el mando, ofrece la posibilidad de contribuir a<\/p>\n","protected":false},"author":10,"featured_media":7649,"comment_status":"open","ping_status":"closed","sticky":false,"template":"","format":"standard","meta":[],"categories":[330,332],"tags":[780],"_links":{"self":[{"href":"https:\/\/www.pimealdia.org\/es\/wp-json\/wp\/v2\/posts\/7647"}],"collection":[{"href":"https:\/\/www.pimealdia.org\/es\/wp-json\/wp\/v2\/posts"}],"about":[{"href":"https:\/\/www.pimealdia.org\/es\/wp-json\/wp\/v2\/types\/post"}],"author":[{"embeddable":true,"href":"https:\/\/www.pimealdia.org\/es\/wp-json\/wp\/v2\/users\/10"}],"replies":[{"embeddable":true,"href":"https:\/\/www.pimealdia.org\/es\/wp-json\/wp\/v2\/comments?post=7647"}],"version-history":[{"count":0,"href":"https:\/\/www.pimealdia.org\/es\/wp-json\/wp\/v2\/posts\/7647\/revisions"}],"wp:featuredmedia":[{"embeddable":true,"href":"https:\/\/www.pimealdia.org\/es\/wp-json\/wp\/v2\/media\/7649"}],"wp:attachment":[{"href":"https:\/\/www.pimealdia.org\/es\/wp-json\/wp\/v2\/media?parent=7647"}],"wp:term":[{"taxonomy":"category","embeddable":true,"href":"https:\/\/www.pimealdia.org\/es\/wp-json\/wp\/v2\/categories?post=7647"},{"taxonomy":"post_tag","embeddable":true,"href":"https:\/\/www.pimealdia.org\/es\/wp-json\/wp\/v2\/tags?post=7647"}],"curies":[{"name":"wp","href":"https:\/\/api.w.org\/{rel}","templated":true}]}}