{"id":7659,"date":"2016-11-17T12:12:34","date_gmt":"2016-11-17T10:12:34","guid":{"rendered":"https:\/\/www.pimealdia.org\/retrat-corporatiu-marqueting-visual\/"},"modified":"2017-08-11T16:30:15","modified_gmt":"2017-08-11T14:30:15","slug":"retrat-corporatiu-marqueting-visual","status":"publish","type":"post","link":"https:\/\/www.pimealdia.org\/es\/retrat-corporatiu-marqueting-visual\/","title":{"rendered":"Retrato corporativo. Marketing visual"},"content":{"rendered":"<p style=\"text-align: center;\">Foto de portada: La periodista Samanta Villar \u00a9 LaFotogr\u00e0fica<\/p>\n<p>No nos cansamos de hacer especial incidencia en la importancia que representa tener una buena imagen para muchos profesionales. Tener unas buenas fotos de retrato, tanto en la web como en las diferentes redes sociales que gestionamos, es esencial m\u00e1s teniendo en cuenta que muchos de vosotros os hab\u00e9is convertido en su propia marca. <strong> Para el marketing visual, el retrato corporativo &#8211; los retratos para uso profesional &#8211; es una pieza clave. <\/strong><\/p>\n<p>No nos deja de sorprender ver como redes sociales como Linkedin y otros se suben im\u00e1genes de mala calidad t\u00e9cnica, aparte de poco adecuadas con transmiten (en una fiesta, fumando, &#8230;).<\/p>\n<figure id=\"attachment_1477\" aria-describedby=\"caption-attachment-1477\" style=\"width: 300px\" class=\"wp-caption alignleft\"><img loading=\"lazy\" class=\"wp-image-1477 size-medium\" src=\"http:\/\/www.pimealdia.org\/wp-content\/uploads\/2016\/08\/La-Fotogr\u00e1fica_Cl\u00ednica-Tufet-300x170.png\" alt=\"retrat corporatiu\" width=\"300\" height=\"170\" srcset=\"https:\/\/www.pimealdia.org\/wp-content\/uploads\/2016\/08\/La-Fotogr\u00e1fica_Cl\u00ednica-Tufet-300x170.png 300w, https:\/\/www.pimealdia.org\/wp-content\/uploads\/2016\/08\/La-Fotogr\u00e1fica_Cl\u00ednica-Tufet-600x340.png 600w, https:\/\/www.pimealdia.org\/wp-content\/uploads\/2016\/08\/La-Fotogr\u00e1fica_Cl\u00ednica-Tufet-400x227.png 400w, https:\/\/www.pimealdia.org\/wp-content\/uploads\/2016\/08\/La-Fotogr\u00e1fica_Cl\u00ednica-Tufet.png 601w\" sizes=\"(max-width: 300px) 100vw, 300px\" \/><figcaption id=\"caption-attachment-1477\" class=\"wp-caption-text\">retrato del equipo profesional de la Cl\u00ednica Tufet \u00a9 LaFotogr\u00e0fica<\/figcaption><\/figure>\n<p>Un periodista, un coach, un abogado o un actor, por s\u00f3lo mencionar algunos ejemplos, a veces hacen actos y presentaciones m\u00e1s all\u00e1 de su actividad profesional, pero que son actos en que prestan su imagen como soporte de m\u00faltiples campa\u00f1as o causas . En ocasiones se trata de conferencias o clases a impartir, y en todas estas ocasiones se necesita una foto adecuada.<\/p>\n<p>Tratamos de hacer pedagog\u00eda de la importancia que tiene la imagen que transmitimos a trav\u00e9s de las redes, webs o perfiles profesionales, y <strong> a las sesiones de retrato corporativo hablamos de conceptos como seducci\u00f3n, comunicaci\u00f3n, empat\u00eda, cercan\u00eda, confianza, profesionalidad; conceptos que asociamos a valores positivos que conviene transmitir. <\/strong><\/p>\n<figure id=\"attachment_1476\" aria-describedby=\"caption-attachment-1476\" style=\"width: 274px\" class=\"wp-caption alignleft\"><img loading=\"lazy\" class=\"size-medium wp-image-1476\" src=\"http:\/\/www.pimealdia.org\/wp-content\/uploads\/2016\/08\/La-Fotogr\u00e1fica_Clara-Segura-274x300.png\" alt=\"retrat corporatiu\" width=\"274\" height=\"300\" srcset=\"https:\/\/www.pimealdia.org\/wp-content\/uploads\/2016\/08\/La-Fotogr\u00e1fica_Clara-Segura-274x300.png 274w, https:\/\/www.pimealdia.org\/wp-content\/uploads\/2016\/08\/La-Fotogr\u00e1fica_Clara-Segura-365x400.png 365w, https:\/\/www.pimealdia.org\/wp-content\/uploads\/2016\/08\/La-Fotogr\u00e1fica_Clara-Segura.png 412w\" sizes=\"(max-width: 274px) 100vw, 274px\" \/><figcaption id=\"caption-attachment-1476\" class=\"wp-caption-text\">Clara Segura \u00a9 LaFotogr\u00e0fica<\/figcaption><\/figure>\n<figure id=\"attachment_1475\" aria-describedby=\"caption-attachment-1475\" style=\"width: 205px\" class=\"wp-caption alignright\"><img loading=\"lazy\" class=\"wp-image-1475 size-full\" src=\"http:\/\/www.pimealdia.org\/wp-content\/uploads\/2016\/08\/La-Fotogr\u00e1fica_sessi\u00f3-pimec-e1479462058566.png\" alt=\"retrat corporatiu\" width=\"205\" height=\"300\" \/><figcaption id=\"caption-attachment-1475\" class=\"wp-caption-text\">Sesi\u00f3n de trabajo para Pimec \u00a9 LaFotogr\u00e0fica<\/figcaption><\/figure>\n<p>Esto sirve para todo tipo de retrato corporativo, tanto para profesionales liberales como para despachos profesionales u otro tipo de empresa que necesite o quiera mostrarse fotogr\u00e1ficamente<\/p>\n<p>En funci\u00f3n de cada tipo se necesitar\u00e1 una clase de fotograf\u00eda u otro, desde las individuales, hasta las grupales.<\/p>\n<p>\u00bfY nosotros? Pues tambi\u00e9n tuvimos que pasar, evidentemente! No se puede predicar sin dar ejemplo. Este es nuestro retrato corporativo.<\/p>\n<figure id=\"attachment_1485\" aria-describedby=\"caption-attachment-1485\" style=\"width: 700px\" class=\"wp-caption alignnone\"><img loading=\"lazy\" class=\"wp-image-1485 size-full\" src=\"http:\/\/www.pimealdia.org\/wp-content\/uploads\/2016\/08\/retrat-9634.jpg\" alt=\"retrat corporatiu\" width=\"700\" height=\"585\" srcset=\"https:\/\/www.pimealdia.org\/wp-content\/uploads\/2016\/08\/retrat-9634.jpg 700w, https:\/\/www.pimealdia.org\/wp-content\/uploads\/2016\/08\/retrat-9634-300x251.jpg 300w, https:\/\/www.pimealdia.org\/wp-content\/uploads\/2016\/08\/retrat-9634-600x501.jpg 600w, https:\/\/www.pimealdia.org\/wp-content\/uploads\/2016\/08\/retrat-9634-400x334.jpg 400w\" sizes=\"(max-width: 700px) 100vw, 700px\" \/><figcaption id=\"caption-attachment-1485\" class=\"wp-caption-text\">Equipo La Fotogr\u00e1fica \u00a9 LaFotogr\u00e0fica<\/figcaption><\/figure>\n<p>Marc Vidal \/ <a href=\"http:\/\/www.lafotografica.com\/\"> La Fotogr\u00e1fica <\/a><\/p>\n","protected":false},"excerpt":{"rendered":"<p>Foto de portada: La periodista Samanta Villar \u00a9 LaFotogr\u00e0fica No nos cansamos de hacer especial incidencia en la importancia que representa tener una buena imagen para muchos profesionales. Tener unas buenas fotos de retrato, tanto en la web como en las diferentes redes sociales que gestionamos, es esencial m\u00e1s teniendo en cuenta que muchos de vosotros os hab\u00e9is convertido en su propia marca. Para el marketing visual, el retrato corporativo &#8211; los retratos para uso profesional &#8211; es una pieza clave. No nos deja de sorprender ver como redes sociales como Linkedin y otros se suben im\u00e1genes de mala calidad<\/p>\n","protected":false},"author":30,"featured_media":7661,"comment_status":"open","ping_status":"closed","sticky":false,"template":"","format":"standard","meta":[],"categories":[330,332],"tags":[780],"_links":{"self":[{"href":"https:\/\/www.pimealdia.org\/es\/wp-json\/wp\/v2\/posts\/7659"}],"collection":[{"href":"https:\/\/www.pimealdia.org\/es\/wp-json\/wp\/v2\/posts"}],"about":[{"href":"https:\/\/www.pimealdia.org\/es\/wp-json\/wp\/v2\/types\/post"}],"author":[{"embeddable":true,"href":"https:\/\/www.pimealdia.org\/es\/wp-json\/wp\/v2\/users\/30"}],"replies":[{"embeddable":true,"href":"https:\/\/www.pimealdia.org\/es\/wp-json\/wp\/v2\/comments?post=7659"}],"version-history":[{"count":0,"href":"https:\/\/www.pimealdia.org\/es\/wp-json\/wp\/v2\/posts\/7659\/revisions"}],"wp:featuredmedia":[{"embeddable":true,"href":"https:\/\/www.pimealdia.org\/es\/wp-json\/wp\/v2\/media\/7661"}],"wp:attachment":[{"href":"https:\/\/www.pimealdia.org\/es\/wp-json\/wp\/v2\/media?parent=7659"}],"wp:term":[{"taxonomy":"category","embeddable":true,"href":"https:\/\/www.pimealdia.org\/es\/wp-json\/wp\/v2\/categories?post=7659"},{"taxonomy":"post_tag","embeddable":true,"href":"https:\/\/www.pimealdia.org\/es\/wp-json\/wp\/v2\/tags?post=7659"}],"curies":[{"name":"wp","href":"https:\/\/api.w.org\/{rel}","templated":true}]}}