{"id":7820,"date":"2017-06-12T13:00:46","date_gmt":"2017-06-12T11:00:46","guid":{"rendered":"https:\/\/www.pimealdia.org\/crear-marca-que-transmeti-valors\/"},"modified":"2017-08-14T12:07:41","modified_gmt":"2017-08-14T10:07:41","slug":"crear-marca-que-transmeti-valors","status":"publish","type":"post","link":"https:\/\/www.pimealdia.org\/es\/crear-marca-que-transmeti-valors\/","title":{"rendered":"C\u00f3mo crear una marca y que transmita valores"},"content":{"rendered":"<p>\u00bfComo se llama tu negocio? \u00bfComo has bautizado tu producto o servicio? \u00bfQu\u00e9 colores tiene el logotipo? \u00bfQu\u00e9 tipograf\u00eda usas? \u00bfQu\u00e9 transmite? \u00bfSe adecua al car\u00e1cter o personalidad que tiene tu empresa? <a href=\"https:\/\/www.pimealdia.org\/es\/posicionament-marca-barcelona-exemple\/\" target=\"_blank\" rel=\"noopener noreferrer\"> Crear una marca <\/a> y que transmita valores es un tema clave para definir tu identidad.<\/p>\n<p>En este y pr\u00f3ximos posts trataremos el tema y repasaremos conceptos como el Naming, la imagen corporativa, el libro de estilos, <a href=\"\/?p=4577\" target=\"_blank\" rel=\"noopener noreferrer\"> la audiobranding <\/a>, entre otros.<\/p>\n<h4>La marca, tu tarjeta de presentaci\u00f3n<\/h4>\n<p>La imagen, forma, sonido, colores, o palabras que utilizas para &#8220;vestir&#8221; tu nombre dicen mucho de ti, y con el tiempo consolidan tu marca mediante la cual los usuarios te reconocen y te asocias a unos valores determinados.<\/p>\n<p>Debemos entender la marca m\u00e1s all\u00e1 del logotipo gr\u00e1fico, la <a href=\"https:\/\/www.pimealdia.org\/es\/imatge-corporativa-principiants\/\" target=\"_blank\" rel=\"noopener noreferrer\"> imagen corporativa <\/a>, o el nombre comercial.<\/p>\n<p><strong> Se trata del conjunto de elementos, nombre, s\u00edmbolos, signos, dise\u00f1o, im\u00e1genes, sonidos o una combinaci\u00f3n de todos ellos que se otorgan a una empresa, negocio, producto o servicio d\u00e1ndole identidad \u00fanica, y lo distinguen ante el resto en el mercado. <\/strong><\/p>\n<p>La marca puede ser corporativa en cuando nos referimos a una empresa o negocio, o bien una marca de producto o servicio. Por poner un ejemplo, Nestl\u00e9 ser\u00eda una marca corporativa, y Nescaf\u00e9 o Nesquik marcas de producto.<\/p>\n<blockquote><p>A menudo es tu tarjeta de presentaci\u00f3n, la primera informaci\u00f3n que reciben de ti, y por tanto lo que determina una primera impresi\u00f3n.<\/p><\/blockquote>\n<p>En este primer post a modo de introducci\u00f3n, y tanto si ya tienes creada una marca como si lo tienes que crear, analizamos c\u00f3mo es o c\u00f3mo debe ser esta marca para que sea coherente al mensaje que quieres transmitir, y los valores intr\u00ednsecos de tu empresa, negocio, producto o servicio.<\/p>\n<h4>El significado de los elementos que forman tu marca<\/h4>\n<p>Por ejemplo, seguro que no te sorprende relacionar el negro con una marca que quiere transmitir elegancia. Cuenta sin embargo, el negro tambi\u00e9n se relaciona con la noche y cierta oscuridad &#8211; digamos cierto misterio -, por lo tanto puede que no casa con tu negocio si quieres posicionar dentro de la gama de la elegancia pero tiene una connotaci\u00f3n, quiz\u00e1, claramente ecol\u00f3gica, de actividad diurna, o quiere transmitir a la vez luz y alegr\u00eda.<\/p>\n<p><img loading=\"lazy\" class=\"size-medium wp-image-5661 alignleft\" src=\"https:\/\/www.pimealdia.org\/wp-content\/uploads\/2017\/06\/negres-300x87.png\" alt=\"c\u00f3mo crear una marca \" width=\" 300 \" height=\" 87 \" srcset=\"https:\/\/www.pimealdia.org\/wp-content\/uploads\/2017\/06\/negres-300x87.png 300w, https:\/\/www.pimealdia.org\/wp-content\/uploads\/2017\/06\/negres-1024x298.png 1024w, https:\/\/www.pimealdia.org\/wp-content\/uploads\/2017\/06\/negres-1000x291.png 1000w, https:\/\/www.pimealdia.org\/wp-content\/uploads\/2017\/06\/negres-800x233.png 800w, https:\/\/www.pimealdia.org\/wp-content\/uploads\/2017\/06\/negres-600x175.png 600w, https:\/\/www.pimealdia.org\/wp-content\/uploads\/2017\/06\/negres-400x117.png 400w\" sizes=\"(max-width: 300px) 100vw, 300px\" \/> <img loading=\"lazy\" class=\" size-medium wp-image-5662 alignleft \" src=\" https:\/\/www.pimealdia.org\/wp-content\/uploads\/2017\/06\/sony_bis-300x119.png \" alt=\" c\u00f3mo crear una marca \" width=\" 300 \" height=\" 119 \" \/><\/p>\n<p>\u00daltimamente est\u00e1 &#8220;de moda&#8221; la tipolog\u00eda (tipo de letra que se utiliza) vintage, retro, con aires rom\u00e1nticos, hasta r\u00fasticos y semejantes a escritos a mano. Si somos una empresa dedicada a las nuevas tecnolog\u00edas, no tendr\u00eda demasiado sentido seguir esta &#8220;moda&#8221;.<\/p>\n<blockquote><p><img loading=\"lazy\" class=\"size-medium wp-image-5659 alignright\" src=\"https:\/\/www.pimealdia.org\/wp-content\/uploads\/2017\/06\/la-caixa-dos-versions-300x103.png \" alt=\" c\u00f3mo crear una marca \" width=\" 300 \" height=\" 103 \" \/> \u00bfTe imaginas un banco utilizando un s\u00edmbolo que se parezca a una m\u00e1scara o antifaz? \u00bfY una jardiner\u00eda que recuerde a una f\u00e1brica?<\/p><\/blockquote>\n<p>\u00bfO si llamaras al tel\u00e9fono de atenci\u00f3n al cliente de tu aseguradora y el sonido de espera fuera una m\u00fasica de terror?<\/p>\n<p>Asimismo pensar c\u00f3mo se debe decir y c\u00f3mo debe ser <img loading=\"lazy\" class=\"size-medium wp-image-5660 alignleft\" src=\"https:\/\/www.pimealdia.org\/wp-content\/uploads\/2017\/06\/jardineria-f\u00e1brica-300x86.png\" alt=\"com crear una marca\" width=\"300\" height=\"86\" srcset=\"https:\/\/www.pimealdia.org\/wp-content\/uploads\/2017\/06\/jardineria-f\u00e1brica-300x86.png 300w, https:\/\/www.pimealdia.org\/wp-content\/uploads\/2017\/06\/jardineria-f\u00e1brica-1024x293.png 1024w, https:\/\/www.pimealdia.org\/wp-content\/uploads\/2017\/06\/jardineria-f\u00e1brica-1000x286.png 1000w, https:\/\/www.pimealdia.org\/wp-content\/uploads\/2017\/06\/jardineria-f\u00e1brica-800x229.png 800w, https:\/\/www.pimealdia.org\/wp-content\/uploads\/2017\/06\/jardineria-f\u00e1brica-600x172.png 600w, https:\/\/www.pimealdia.org\/wp-content\/uploads\/2017\/06\/jardineria-f\u00e1brica-400x115.png 400w\" sizes=\"(max-width: 300px) 100vw, 300px\" \/> tu marca, hay decisiones que parecen evidentes o de sentido com\u00fan, pero existen miles de sutilezas que nos pueden hacer errar, y predestinar nuestra marca a no ser reconocida o pasar desapercibida.<\/p>\n<p>O peor a\u00fan, a proyectar una imagen en la que no nos identificamos, o est\u00e1 lejos de nuestros valores.<\/p>\n<p>Establecer un an\u00e1lisis de avanzado, pensar en los elementos y una estrategia global, sin duda y como siempre, nos ayudar\u00e1 a acertar.<\/p>\n<p>No se pierdan el post de nuestros compa\u00f1eros de jur\u00eddico respecto al registro de patentes y marcas!<\/p>\n<blockquote class=\"wp-embedded-content\" data-secret=\"9tCZ5uHw01\"><p><a href=\"https:\/\/www.pimealdia.org\/es\/registrar-o-no-registrar-la-teva-marca\/\">Registrar o no registrar la teva marca?<\/a><\/p><\/blockquote>\n<p><iframe class=\"wp-embedded-content\" sandbox=\"allow-scripts\" security=\"restricted\" style=\"position: absolute; clip: rect(1px, 1px, 1px, 1px);\" title=\"\u00abRegistrar o no registrar la teva marca?\u00bb \u2014 Pime al dia\" src=\"https:\/\/www.pimealdia.org\/es\/registrar-o-no-registrar-la-teva-marca\/embed\/#?secret=9tCZ5uHw01\" data-secret=\"9tCZ5uHw01\" width=\"600\" height=\"338\" frameborder=\"0\" marginwidth=\"0\" marginheight=\"0\" scrolling=\"no\"><\/iframe><\/p>\n","protected":false},"excerpt":{"rendered":"<p>\u00bfComo se llama tu negocio? \u00bfComo has bautizado tu producto o servicio? \u00bfQu\u00e9 colores tiene el logotipo? \u00bfQu\u00e9 tipograf\u00eda usas? \u00bfQu\u00e9 transmite? \u00bfSe adecua al car\u00e1cter o personalidad que tiene tu empresa? Crear una marca y que transmita valores es un tema clave para definir tu identidad. En este y pr\u00f3ximos posts trataremos el tema y repasaremos conceptos como el Naming, la imagen corporativa, el libro de estilos, la audiobranding , entre otros. La marca, tu tarjeta de presentaci\u00f3n La imagen, forma, sonido, colores, o palabras que utilizas para &#8220;vestir&#8221; tu nombre dicen mucho de ti, y con el tiempo<\/p>\n","protected":false},"author":9,"featured_media":7821,"comment_status":"open","ping_status":"closed","sticky":false,"template":"","format":"standard","meta":[],"categories":[330,772],"tags":[],"_links":{"self":[{"href":"https:\/\/www.pimealdia.org\/es\/wp-json\/wp\/v2\/posts\/7820"}],"collection":[{"href":"https:\/\/www.pimealdia.org\/es\/wp-json\/wp\/v2\/posts"}],"about":[{"href":"https:\/\/www.pimealdia.org\/es\/wp-json\/wp\/v2\/types\/post"}],"author":[{"embeddable":true,"href":"https:\/\/www.pimealdia.org\/es\/wp-json\/wp\/v2\/users\/9"}],"replies":[{"embeddable":true,"href":"https:\/\/www.pimealdia.org\/es\/wp-json\/wp\/v2\/comments?post=7820"}],"version-history":[{"count":0,"href":"https:\/\/www.pimealdia.org\/es\/wp-json\/wp\/v2\/posts\/7820\/revisions"}],"wp:featuredmedia":[{"embeddable":true,"href":"https:\/\/www.pimealdia.org\/es\/wp-json\/wp\/v2\/media\/7821"}],"wp:attachment":[{"href":"https:\/\/www.pimealdia.org\/es\/wp-json\/wp\/v2\/media?parent=7820"}],"wp:term":[{"taxonomy":"category","embeddable":true,"href":"https:\/\/www.pimealdia.org\/es\/wp-json\/wp\/v2\/categories?post=7820"},{"taxonomy":"post_tag","embeddable":true,"href":"https:\/\/www.pimealdia.org\/es\/wp-json\/wp\/v2\/tags?post=7820"}],"curies":[{"name":"wp","href":"https:\/\/api.w.org\/{rel}","templated":true}]}}