{"id":7828,"date":"2016-12-07T11:00:14","date_gmt":"2016-12-07T09:00:14","guid":{"rendered":"https:\/\/www.pimealdia.org\/aconsegueixo-reputacio-corporativa\/"},"modified":"2017-08-14T12:12:48","modified_gmt":"2017-08-14T10:12:48","slug":"aconsegueixo-reputacio-corporativa","status":"publish","type":"post","link":"https:\/\/www.pimealdia.org\/es\/aconsegueixo-reputacio-corporativa\/","title":{"rendered":"\u00bfC\u00f3mo consigo reputaci\u00f3n corporativa?"},"content":{"rendered":"<p style=\"text-align: justify;\">La reputaci\u00f3n corporativa cotiza al alza. De hecho <strong> es ya uno de los dos indicadores no financieros m\u00e1s populares en las empresas <\/strong>. \u00bfPero, \u00bfpor qu\u00e9? \u00bfA qu\u00e9 se debe su reciente \u00e9xito?<\/p>\n<h3 style=\"text-align: justify;\"><strong> Ventajas de una buena reputaci\u00f3n corporativa <\/strong><\/h3>\n<p style=\"text-align: justify;\">Es cierto que los <strong> ventajas de una buena reputaci\u00f3n corporativa <\/strong> parecen claros:<\/p>\n<ul>\n<li style=\"text-align: justify;\">Atrae inversiones,<\/li>\n<li style=\"text-align: justify;\">Retener clientes y empleados,<\/li>\n<li style=\"text-align: justify;\">Favorece los niveles de satisfacci\u00f3n y fidelidad para con tus productos y marcas &#8230; Ya que acercan la organizaci\u00f3n a la sociedad, los valores compartidos por la mayor\u00eda,<\/li>\n<li style=\"text-align: justify;\">Refuerza la cohesi\u00f3n interna<\/li>\n<li style=\"text-align: justify;\">Y mejora la imagen que proyecta.<\/li>\n<\/ul>\n<blockquote><p>&#8220;Una buena reputaci\u00f3n corporativa acerca la organizaci\u00f3n a la sociedad, los valores compartidos por la mayor\u00eda, refuerza la cohesi\u00f3n interna y mejora la imagen que proyecta&#8221;<\/p><\/blockquote>\n<p style=\"text-align: justify;\">Pero, \u00bfpor qu\u00e9 ahora parece que hasta ahora algunas empresas no se hab\u00edan dado cuenta de eso? Algunos motivos o explicaciones podr\u00edan ser que el entorno de crisis externa, y tambi\u00e9n interna de muchas empresas, la b\u00fasqueda de una diferenciaci\u00f3n sostenible, el entorno digital que hace m\u00e1s vulnerables a las empresas o la necesidad de las organizaciones de mostrar un mayor compromiso con la responsabilidad social han podido propulsar el inter\u00e9s por la reputaci\u00f3n corporativa.<\/p>\n<p style=\"text-align: justify;\"><img loading=\"lazy\" class=\"wp-image-1845 alignleft\" src=\"http:\/\/www.pimealdia.org\/wp-content\/uploads\/2016\/09\/66-300x205.jpg \" alt=\" 66 \" width=\" 312 \" height=\" 213 \" \/><\/p>\n<p style=\"text-align: justify;\">No se puede, o al menos no de forma continuada, dar la espalda a la sociedad: a tus clientes, empleados, ciudadanos &#8230; Los resultados econ\u00f3micos siguen estableciendo la l\u00ednea que separa el \u00e9xito o el fracaso, pero la legitimaci\u00f3n social, la reputaci\u00f3n la honestidad y la transparencia, influyen cada vez m\u00e1s en estos resultados.<\/p>\n<p style=\"text-align: justify;\">Y es que el paralelismo es absoluto con el sector p\u00fablico, donde la imagen y reputaci\u00f3n de las instituciones y sus protagonistas son las que marcan su futuro m\u00e1s inmediato.<\/p>\n<h4 style=\"text-align: justify;\">Distinci\u00f3n de las organizaciones con reputaci\u00f3n corporativa<\/h4>\n<p style=\"text-align: justify;\">Y qu\u00e9 distingue a las organizaciones que han apostado por la reputaci\u00f3n corporativa? La distinci\u00f3n existe desde el momento que:<\/p>\n<ul style=\"text-align: justify;\">\n<li>Favorecen la escucha activa<\/li>\n<li>Tienden a la excelencia, en un proceso de mejora continua<\/li>\n<li>Alimentan la innovaci\u00f3n como garant\u00eda de una transformaci\u00f3n continua en l\u00ednea con lo que su p\u00fablico demanda<\/li>\n<li>Integran <a href=\"http:\/\/www.pimealdia.org\/comunicacio-corporativa-optima-requereix\/\" target=\"_blank\" rel=\"noopener noreferrer\"> la comunicaci\u00f3n <\/a> a su gesti\u00f3n , como parte de la misma<\/li>\n<li>Generan confianza gracias a que dicen lo que hacen y hacen lo que dicen<\/li>\n<\/ul>\n<p style=\"text-align: justify;\"><strong> Y en su gesti\u00f3n debe aparecer como elemento clave y pilar fundamental la comunicaci\u00f3n, ya que precisa de nuevos conocimientos e instrumentos para cumplir eficazmente su tarea. <\/strong><\/p>\n","protected":false},"excerpt":{"rendered":"<p>La reputaci\u00f3n corporativa cotiza al alza. De hecho es ya uno de los dos indicadores no financieros m\u00e1s populares en las empresas . \u00bfPero, \u00bfpor qu\u00e9? \u00bfA qu\u00e9 se debe su reciente \u00e9xito? Ventajas de una buena reputaci\u00f3n corporativa Es cierto que los ventajas de una buena reputaci\u00f3n corporativa parecen claros: Atrae inversiones, Retener clientes y empleados, Favorece los niveles de satisfacci\u00f3n y fidelidad para con tus productos y marcas &#8230; Ya que acercan la organizaci\u00f3n a la sociedad, los valores compartidos por la mayor\u00eda, Refuerza la cohesi\u00f3n interna Y mejora la imagen que proyecta. &#8220;Una buena reputaci\u00f3n corporativa acerca<\/p>\n","protected":false},"author":10,"featured_media":7830,"comment_status":"open","ping_status":"closed","sticky":false,"template":"","format":"standard","meta":[],"categories":[330,772],"tags":[],"_links":{"self":[{"href":"https:\/\/www.pimealdia.org\/es\/wp-json\/wp\/v2\/posts\/7828"}],"collection":[{"href":"https:\/\/www.pimealdia.org\/es\/wp-json\/wp\/v2\/posts"}],"about":[{"href":"https:\/\/www.pimealdia.org\/es\/wp-json\/wp\/v2\/types\/post"}],"author":[{"embeddable":true,"href":"https:\/\/www.pimealdia.org\/es\/wp-json\/wp\/v2\/users\/10"}],"replies":[{"embeddable":true,"href":"https:\/\/www.pimealdia.org\/es\/wp-json\/wp\/v2\/comments?post=7828"}],"version-history":[{"count":0,"href":"https:\/\/www.pimealdia.org\/es\/wp-json\/wp\/v2\/posts\/7828\/revisions"}],"wp:featuredmedia":[{"embeddable":true,"href":"https:\/\/www.pimealdia.org\/es\/wp-json\/wp\/v2\/media\/7830"}],"wp:attachment":[{"href":"https:\/\/www.pimealdia.org\/es\/wp-json\/wp\/v2\/media?parent=7828"}],"wp:term":[{"taxonomy":"category","embeddable":true,"href":"https:\/\/www.pimealdia.org\/es\/wp-json\/wp\/v2\/categories?post=7828"},{"taxonomy":"post_tag","embeddable":true,"href":"https:\/\/www.pimealdia.org\/es\/wp-json\/wp\/v2\/tags?post=7828"}],"curies":[{"name":"wp","href":"https:\/\/api.w.org\/{rel}","templated":true}]}}