{"id":7917,"date":"2016-12-14T14:43:00","date_gmt":"2016-12-14T12:43:00","guid":{"rendered":"https:\/\/www.pimealdia.org\/govern-aprova-registre-facturacio-temps-real\/"},"modified":"2017-08-14T17:56:09","modified_gmt":"2017-08-14T15:56:09","slug":"govern-aprova-registre-facturacio-temps-real","status":"publish","type":"post","link":"https:\/\/www.pimealdia.org\/es\/govern-aprova-registre-facturacio-temps-real\/","title":{"rendered":"El Gobierno aprueba el registro de facturaci\u00f3n en tiempo real"},"content":{"rendered":"<p style=\"text-align: justify;\">El ejecutivo espa\u00f1ol ha recuperado una medida <a href=\"http:\/\/www.agenciatributaria.es\/AEAT.internet\/Inicio\/_componentes_\/_Notas_de_prensa\/La_Agencia_Tributaria_lanza_un_nuevo_sistema_de_gestion_del_IVA_basado_en_la_informacion_en_tiempo_real_de_las_transacciones_comerciales.shtml\"> anunciada el 2014 <\/a> y que deb\u00eda entrar en vigor el 1 de enero de 2017, pero que la aprobaci\u00f3n de la que hab\u00eda sido parada este a\u00f1o. Se trata del llamado <strong> Sistema de Informaci\u00f3n Inmediato (SII) <\/strong> y consiste en que los contribuyentes han de <strong> enviar la informaci\u00f3n de las facturas emitidas y recibidas en un plazo de 4 d\u00edas. <\/strong> Este registro de facturaci\u00f3n finalmente <strong> entrar\u00e1 en vigor el 1 de julio de 2017 <\/strong>. Los detalles de la medida est\u00e1n indicados al <a href=\"https:\/\/www.boe.es\/boe\/dias\/2016\/12\/06\/pdfs\/BOE-A-2016-11575.pdf\"> Real Decreto 596\/2016, de 2 de diciembre, por la modernizaci\u00f3n, mejora e impulso del uso de medios electr\u00f3nicos en la gesti\u00f3n del Impuesto sobre el Valor A\u00f1adido <\/a>.<\/p>\n<p style=\"text-align: justify;\"><img loading=\"lazy\" class=\"aligncenter wp-image-3157 size-full\" src=\"http:\/\/www.pimealdia.org\/wp-content\/uploads\/2016\/12\/banner-registre-de-facturaci\u00f3.jpg \" alt=\" banner-registro-de-facturacion \" width=\" 665 \" height=\" 150 \" srcset=\"https:\/\/www.pimealdia.org\/wp-content\/uploads\/2016\/12\/banner-registre-de-facturaci\u00f3.jpg 665w, https:\/\/www.pimealdia.org\/wp-content\/uploads\/2016\/12\/banner-registre-de-facturaci\u00f3-300x68.jpg 300w, https:\/\/www.pimealdia.org\/wp-content\/uploads\/2016\/12\/banner-registre-de-facturaci\u00f3-600x135.jpg 600w, https:\/\/www.pimealdia.org\/wp-content\/uploads\/2016\/12\/banner-registre-de-facturaci\u00f3-400x90.jpg 400w\" sizes=\"(max-width: 665px) 100vw, 665px\" \/><\/p>\n<h3 style=\"text-align: justify;\">En qu\u00e9 consiste el sistema de Sumministrament Inmediato de Informaci\u00f3n (SII)<\/h3>\n<p style=\"text-align: justify;\">El sistema pretende que las empresas lleven sus libros de registro a trav\u00e9s de la web de la Agencia Tributaria. Es decir, <strong> la informaci\u00f3n incluida en los libros de registro de facturas emitidas, facturas recibidas, bienes de inversi\u00f3n, operaciones intracomunitarias y operaciones en met\u00e1lico <\/strong> introduzca electr\u00f3nicamente mediante la web de la <a href=\"http:\/\/www.agenciatributaria.es\/\"> AEAT <\/a>.<\/p>\n<p style=\"text-align: justify;\">Estos env\u00edos por medios electr\u00f3nicos deber\u00e1n hacerse en un plazo de 4 d\u00edas iniciados a partir de:<\/p>\n<ol style=\"text-align: justify;\">\n<li><strong> La fecha de expedici\u00f3n, en el caso de facturas emitidas <\/strong> (excepto en el caso de facturas emitidas por el destinatario o un tercero, en que el plazo ser\u00e1 de 8 d\u00edas).<\/li>\n<li><strong> La fecha del registro contable, en el caso de facturas recibidas <\/strong>.<\/li>\n<li>La fecha de inicio de expedici\u00f3n o transporte, o recepci\u00f3n de los bienes, en las operaciones correspondientes al art\u00edculo 66.1 del reglamento del IVA.<\/li>\n<\/ol>\n<p style=\"text-align: justify;\">Se tendr\u00e1n en cuenta los d\u00edas naturales <strong> sin considerar los s\u00e1bados, domingos y festivos nacionales <\/strong>. En los dos primeros casos, deber\u00e1 enviarse antes del d\u00eda 16 del mes siguiente al de la liquidaci\u00f3n al que se refiera la declaraci\u00f3n.<\/p>\n<p style=\"text-align: justify;\">Hay que tener en cuenta que el plazo de 4 d\u00edas se ampl\u00eda a 8 durante el 2017.<\/p>\n<h3 style=\"text-align: justify;\">A qui\u00e9n afecta la obligatoriedad de suministrar la informaci\u00f3n en los t\u00e9rminos descritos?<\/h3>\n<p style=\"text-align: justify;\">La medida es de car\u00e1cter obligatorio para aquellas empresas que est\u00e1n obligadas a liquidar el IVA mensualmente; es decir, las que tienen una <strong> facturaci\u00f3n superior a 6 millones de euros <\/strong> <strong> grupos de sociedades a efectos de IVA <\/strong>. Tambi\u00e9n deber\u00e1n cumplir con estos requisitos las empresas que voluntariamente opten por la <strong> liquidaci\u00f3n mensual del Impuesto sobre el Valor A\u00f1adido <\/strong>. Es el caso de muchas empresas que por su actividad exportadora se acogen voluntariamente al <strong> REDEME <\/strong> para beneficiarse de la devoluci\u00f3n mensual de IVA y que ahora, para mantenerse en \u00e9l, deber\u00e1n satisfacer esta informaci\u00f3n.<\/p>\n<p style=\"text-align: justify;\">Por otra parte, las empresas que no est\u00e9n obligadas, podr\u00e1n optar voluntariamente por este sistema de informaci\u00f3n previa solicitud a la AEAT. Las empresas acogidas voluntariamente el SII deber\u00e1n mantenerse durante al menos el a\u00f1o natural en que presenten su renuncia. Cualquier notificaci\u00f3n deber\u00e1 hacerse antes del 30 de noviembre del a\u00f1o previo, pero para 2017 el periodo ser\u00e1 el mes de junio.<\/p>\n<h3 style=\"text-align: justify;\">\u00bfQu\u00e9 persigue esta medida?<\/h3>\n<p style=\"text-align: justify;\">El SII se enmarca dentro de la pol\u00edtica de priorizar los medios electr\u00f3nicos en las comunicaciones entre administraci\u00f3n y contribuyentes as\u00ed como en la voluntad del gobierno de maximizar la informaci\u00f3n disponible de sus contribuyentes.<\/p>\n<p style=\"text-align: justify;\">De esta manera, las autoridades tributarias tendr\u00e1n informaci\u00f3n en tiempo real de emisores y receptores de facturas y por tanto, tendr\u00e1n m\u00e1s f\u00e1cil poder relacionar las informaciones enviadas y hacer los controles necesarios para detectar errores e infracciones de manera m\u00e1s sencilla.<\/p>\n<h3 style=\"text-align: justify;\">\u00bfQu\u00e9 efectos conllevar\u00e1 para las empresas obligadas o acogidas voluntariamente?<\/h3>\n<p style=\"text-align: justify;\">La medida conlleva <strong> nuevas cargas formales <\/strong> en forma de env\u00edos constantes de informaci\u00f3n a cargo de las empresas.<\/p>\n<p style=\"text-align: justify;\">Por el contrario, el hecho de suministrar informaci\u00f3n para cada factura emitida y recibida, <strong> eximir\u00e1 a las empresas a presentar los modelos 347 <\/strong> (informaci\u00f3n de operaciones con terceros), <strong> 340 <\/strong> (operaciones incluidas en los libros de registro) y <strong> 390 <\/strong> (resumen anual del IVA).<\/p>\n<p style=\"text-align: justify;\">Adem\u00e1s, <strong> se dispondr\u00e1 de 10 d\u00edas adicionales para presentar las liquidaciones <\/strong>; es decir, hasta el d\u00eda 30 de cada mes (d\u00eda 28 en el caso de febrero). Es decir, se dispone de m\u00e1s d\u00edas para presentar el modelo <strong> 303 <\/strong>, que sigue siendo de cumplimiento obligatorio.<\/p>\n<p style=\"text-align: justify;\">La entrada en vigor a partir del 1 de julio de 2017 supone que las empresas tengan que hacer los env\u00edos en los plazos descritos a partir del segundo semestre, pero habr\u00e1 que adapten con rapidez ya que tambi\u00e9n deber\u00e1n presentar toda la informaci\u00f3n requerida correspondiente al primer semestre durante la segunda mitad del a\u00f1o.<\/p>\n<h3 style=\"text-align: justify;\">Valoraci\u00f3n de PIMEC en la medida<\/h3>\n<p style=\"text-align: justify;\">La patronal de la peque\u00f1a y mediana empresa de Catalu\u00f1a ha mostrado su disconformidad con la medida por las cargas formales adicionales que supone la medida. Adem\u00e1s, hay que tener en cuenta que la obligatoriedad a partir de 6 millones de euros <strong> conlleva que muchas pymes se vean afectadas y, por tanto, vean incrementadas sus cargas formales <\/strong> a pesar se trate de empresas con relativa poca estructura y capacidad personal y material para cumplir con estas obligaciones.<\/p>\n<p style=\"text-align: justify;\">Por otra parte, la improvisaci\u00f3n del gobierno hace que esta obligaci\u00f3n se inicie a mediados de 2017 en vez de la previsi\u00f3n de hacerlo un 1 de enero, a\u00f1adiendo complejidad y produci\u00e9ndose por ejemplo, la situaci\u00f3n de que algunas empresas acogidas voluntariamente al REDEME y que quieran abandonar por estas nuevas obligaciones hayan visto pasar el plazo de comunicaci\u00f3n (noviembre del a\u00f1o anterior al cambio). En este sentido, ser\u00eda necesario que las empresas puedan modificar esta circunstancia antes del mes de julio.<\/p>\n<p style=\"text-align: justify;\">PIMEC alerta que estas nuevas obligaciones pueden conllevar un cambio en el funcionamiento de las empresas o en las relaciones con sus asesores o gestores ya que ser\u00e1 necesario enviar informaci\u00f3n en tiempo real, no siendo posible el env\u00edo en un momento concreto del mes como muchas micro y peque\u00f1as empresas con estos servicios externalizados hacen actualmente.<\/p>\n","protected":false},"excerpt":{"rendered":"<p>El ejecutivo espa\u00f1ol ha recuperado una medida anunciada el 2014 y que deb\u00eda entrar en vigor el 1 de enero de 2017, pero que la aprobaci\u00f3n de la que hab\u00eda sido parada este a\u00f1o. Se trata del llamado Sistema de Informaci\u00f3n Inmediato (SII) y consiste en que los contribuyentes han de enviar la informaci\u00f3n de las facturas emitidas y recibidas en un plazo de 4 d\u00edas. Este registro de facturaci\u00f3n finalmente entrar\u00e1 en vigor el 1 de julio de 2017 . Los detalles de la medida est\u00e1n indicados al Real Decreto 596\/2016, de 2 de diciembre, por la modernizaci\u00f3n, mejora<\/p>\n","protected":false},"author":4,"featured_media":7918,"comment_status":"open","ping_status":"closed","sticky":false,"template":"","format":"standard","meta":[],"categories":[330],"tags":[],"_links":{"self":[{"href":"https:\/\/www.pimealdia.org\/es\/wp-json\/wp\/v2\/posts\/7917"}],"collection":[{"href":"https:\/\/www.pimealdia.org\/es\/wp-json\/wp\/v2\/posts"}],"about":[{"href":"https:\/\/www.pimealdia.org\/es\/wp-json\/wp\/v2\/types\/post"}],"author":[{"embeddable":true,"href":"https:\/\/www.pimealdia.org\/es\/wp-json\/wp\/v2\/users\/4"}],"replies":[{"embeddable":true,"href":"https:\/\/www.pimealdia.org\/es\/wp-json\/wp\/v2\/comments?post=7917"}],"version-history":[{"count":0,"href":"https:\/\/www.pimealdia.org\/es\/wp-json\/wp\/v2\/posts\/7917\/revisions"}],"wp:featuredmedia":[{"embeddable":true,"href":"https:\/\/www.pimealdia.org\/es\/wp-json\/wp\/v2\/media\/7918"}],"wp:attachment":[{"href":"https:\/\/www.pimealdia.org\/es\/wp-json\/wp\/v2\/media?parent=7917"}],"wp:term":[{"taxonomy":"category","embeddable":true,"href":"https:\/\/www.pimealdia.org\/es\/wp-json\/wp\/v2\/categories?post=7917"},{"taxonomy":"post_tag","embeddable":true,"href":"https:\/\/www.pimealdia.org\/es\/wp-json\/wp\/v2\/tags?post=7917"}],"curies":[{"name":"wp","href":"https:\/\/api.w.org\/{rel}","templated":true}]}}