{"id":7945,"date":"2016-12-16T13:38:47","date_gmt":"2016-12-16T11:38:47","guid":{"rendered":"https:\/\/www.pimealdia.org\/la-factura-electronica-es-consolida-a-lestat-espanyol\/"},"modified":"2017-08-14T18:57:25","modified_gmt":"2017-08-14T16:57:25","slug":"la-factura-electronica-es-consolida-a-lestat-espanyol","status":"publish","type":"post","link":"https:\/\/www.pimealdia.org\/es\/la-factura-electronica-es-consolida-a-lestat-espanyol\/","title":{"rendered":"La factura electr\u00f3nica se consolida en el estado Espa\u00f1ol"},"content":{"rendered":"<p style=\"text-align: justify;\">Lo que naci\u00f3 como una obligaci\u00f3n para las empresas proveedoras de las administraciones p\u00fablicas, se ha convertido en un <strong> ventaja competitiva para las empresas <\/strong>. A d\u00eda de hoy, son muchas las peque\u00f1as y medianas empresas que han pasado a la factura electr\u00f3nica para todos sus clientes, ya sean administraciones p\u00fablicas o empresas privadas o consumidores finales.<\/p>\n<h3 style=\"text-align: justify;\"><strong> Formatos m\u00e1s utilizados por las pymes <\/strong><\/h3>\n<ul style=\"text-align: justify;\">\n<li><strong> El formato <a href=\"http:\/\/www.facturae.gob.es\/paginas\/Index.aspx\" target=\"_blank\" rel=\"noopener noreferrer\"> facturae <\/a> <\/strong> es el formato obligado, si el receptor de la factura es una administraci\u00f3n p\u00fablica. La mayor parte de los softwares de facturaci\u00f3n ya la han integrado en sus est\u00e1ndar. Algunos programas de facturaci\u00f3n, normalmente antiguos o de procedencia extranjera, a\u00fan no lo han hecho.<\/li>\n<\/ul>\n<p><img loading=\"lazy\" class=\"aligncenter wp-image-3212 size-full\" src=\"http:\/\/www.pimealdia.org\/wp-content\/uploads\/2016\/12\/factura-electr\u00f2nica-2.jpg\" alt=\"factura-Electr\u00f3nica-2 \" width=\" 665 \" height=\" 150 \" srcset=\"https:\/\/www.pimealdia.org\/wp-content\/uploads\/2016\/12\/factura-electr\u00f2nica-2.jpg 665w, https:\/\/www.pimealdia.org\/wp-content\/uploads\/2016\/12\/factura-electr\u00f2nica-2-300x68.jpg 300w, https:\/\/www.pimealdia.org\/wp-content\/uploads\/2016\/12\/factura-electr\u00f2nica-2-600x135.jpg 600w, https:\/\/www.pimealdia.org\/wp-content\/uploads\/2016\/12\/factura-electr\u00f2nica-2-400x90.jpg 400w\" sizes=\"(max-width: 665px) 100vw, 665px\" \/><\/p>\n<ul style=\"text-align: justify;\">\n<li><strong> El formato PDF es el formato m\u00e1s utilizado para el intercambio de facturas fuera del \u00e1mbito de las administraciones p\u00fablicas. Este formato de facturas, tiene como ventaja que todos (o pr\u00e1cticamente todos) las puede emitir y las puede leer, pero como desventaja no se pueden integrar en los sistemas contables de forma autom\u00e1tica <\/strong><\/li>\n<\/ul>\n<p style=\"text-align: justify;\">En el caso de las administraciones p\u00fablicas, hemos podido constatar que e <strong> ls periodos medios de pago se han reducido de forma sensible <\/strong>. Por lo tanto, la recomendaci\u00f3n que PIMEC a los empresarios es que <strong> hagan uso siempre de la factura electr\u00f3nica <\/strong>, aunque las facturas sean de importes bajos.<\/p>\n<p style=\"text-align: justify;\">En el caso de los clientes no administraciones p\u00fablicas, las evidencias de entrega y descarga de las facturas en formato PDF que los formato electr\u00f3nicos permiten, hacen que la factura electr\u00f3nica sea una buena herramienta para evitar retrasos de los pagos de las facturas que por medios convencionales no suelen llegar a determinados clientes.<\/p>\n<p style=\"text-align: justify;\">El balance que hacemos desde PIMEC del a\u00f1o 2016 es muy positivo. M\u00e1s de 6.000 empresas han hecho uso de los <a href=\"http:\/\/web.pimefactura.com\/\" target=\"_blank\" rel=\"noopener noreferrer\"> servicios gratuitos y avanzados <\/a> que la patronal pone a disposici\u00f3n de empresas y aut\u00f3nomos.<\/p>\n<p style=\"text-align: justify;\">PIMEC, prev\u00e9 que en el a\u00f1o 2017, ser\u00e1 el a\u00f1o de la normalizaci\u00f3n de la factura electr\u00f3nica, no como una novedad si no como un procedimiento totalmente establecido en todas las empresas.<\/p>\n<p style=\"text-align: justify;\">Pr\u00f3xima meta, la <a href=\"https:\/\/ec.europa.eu\/inea\/en\/connecting-europe-facility\/cef-telecom\/apply-funding\/2016-cef-telecom-call-einvoicing-cef-tc-2016-3 \" target=\" _ blank \"> factura electr\u00f3nica Europea <\/a>!<\/p>\n","protected":false},"excerpt":{"rendered":"<p>Lo que naci\u00f3 como una obligaci\u00f3n para las empresas proveedoras de las administraciones p\u00fablicas, se ha convertido en un ventaja competitiva para las empresas . A d\u00eda de hoy, son muchas las peque\u00f1as y medianas empresas que han pasado a la factura electr\u00f3nica para todos sus clientes, ya sean administraciones p\u00fablicas o empresas privadas o consumidores finales. Formatos m\u00e1s utilizados por las pymes El formato facturae es el formato obligado, si el receptor de la factura es una administraci\u00f3n p\u00fablica. La mayor parte de los softwares de facturaci\u00f3n ya la han integrado en sus est\u00e1ndar. Algunos programas de facturaci\u00f3n, normalmente<\/p>\n","protected":false},"author":11,"featured_media":7947,"comment_status":"open","ping_status":"closed","sticky":false,"template":"","format":"standard","meta":[],"categories":[332,770],"tags":[],"_links":{"self":[{"href":"https:\/\/www.pimealdia.org\/es\/wp-json\/wp\/v2\/posts\/7945"}],"collection":[{"href":"https:\/\/www.pimealdia.org\/es\/wp-json\/wp\/v2\/posts"}],"about":[{"href":"https:\/\/www.pimealdia.org\/es\/wp-json\/wp\/v2\/types\/post"}],"author":[{"embeddable":true,"href":"https:\/\/www.pimealdia.org\/es\/wp-json\/wp\/v2\/users\/11"}],"replies":[{"embeddable":true,"href":"https:\/\/www.pimealdia.org\/es\/wp-json\/wp\/v2\/comments?post=7945"}],"version-history":[{"count":0,"href":"https:\/\/www.pimealdia.org\/es\/wp-json\/wp\/v2\/posts\/7945\/revisions"}],"wp:featuredmedia":[{"embeddable":true,"href":"https:\/\/www.pimealdia.org\/es\/wp-json\/wp\/v2\/media\/7947"}],"wp:attachment":[{"href":"https:\/\/www.pimealdia.org\/es\/wp-json\/wp\/v2\/media?parent=7945"}],"wp:term":[{"taxonomy":"category","embeddable":true,"href":"https:\/\/www.pimealdia.org\/es\/wp-json\/wp\/v2\/categories?post=7945"},{"taxonomy":"post_tag","embeddable":true,"href":"https:\/\/www.pimealdia.org\/es\/wp-json\/wp\/v2\/tags?post=7945"}],"curies":[{"name":"wp","href":"https:\/\/api.w.org\/{rel}","templated":true}]}}