{"id":7986,"date":"2016-12-17T01:46:28","date_gmt":"2016-12-16T23:46:28","guid":{"rendered":"https:\/\/www.pimealdia.org\/conclusions-del-consell-europeu-sobre-desenvolupament-economic-i-social\/"},"modified":"2017-08-15T17:39:45","modified_gmt":"2017-08-15T15:39:45","slug":"conclusions-del-consell-europeu-sobre-desenvolupament-economic-i-social","status":"publish","type":"post","link":"https:\/\/www.pimealdia.org\/es\/conclusions-del-consell-europeu-sobre-desenvolupament-economic-i-social\/","title":{"rendered":"Conclusiones del Consejo Europeo sobre desarrollo econ\u00f3mico y social"},"content":{"rendered":"<p style=\"text-align: justify;\">El <strong> <a href=\"https:\/\/es.wikipedia.org\/wiki\/Consejo_Europeo\" target=\"_blank\" rel=\"noopener noreferrer\"> Consejo Europeo <\/a> <\/strong> es la reuni\u00f3n que, cuatro veces al a\u00f1o como m\u00e1ximo, re\u00fane los jefes de Estado o de gobierno de la Uni\u00f3n Europea y el presidente de la Comisi\u00f3n, donde se fijan las orientaciones pol\u00edticas generales de la Uni\u00f3n Europea. Despu\u00e9s de cada cumbre europea, el presidente del Consejo Europeo presenta un informe al Parlamento sobre los resultados de su actividad.<\/p>\n<p style=\"text-align: justify;\"><img loading=\"lazy\" class=\"wp-image-3241 alignleft\" src=\"http:\/\/www.pimealdia.org\/wp-content\/uploads\/2016\/12\/consell-europeu1-300x200.jpg \" alt=\" consejo-europeo1 \" width=\" 206 \" height=\" 137 \" \/> el pasado d\u00eda 15 se reunieron en Consejo Europeo acogiendo con satisfacci\u00f3n el acuerdo alcanzado en el Consejo sobre la ampliaci\u00f3n del fondo Europeo para Inversiones Estrat\u00e9gicas (hac\u00edas), que deber\u00e1 ser adoptado por los colegisladores en el primer semestre de 2017.<\/p>\n<h3 style=\"text-align: justify;\">Pol\u00edtica industrial<\/h3>\n<p style=\"text-align: justify;\">Pidi\u00f3 al Consejo ya la Comisi\u00f3n <strong> que eval\u00faen las repercusiones de la integraci\u00f3n de la pol\u00edtica industrial <\/strong> a las iniciativas estrat\u00e9gicas de la UE y que establezcan medidas concretas para reforzar y modernizar la base industrial del mercado \u00fanico.<\/p>\n<h3 style=\"text-align: justify;\">Energ\u00eda<\/h3>\n<p style=\"text-align: justify;\">Se puso de manifiesto la importancia de las <strong> diferentes estrategias del mercado \u00fanico y de la Uni\u00f3n de la Energ\u00eda <\/strong>, e inst\u00f3 a todas las instituciones a que aprovechen este impulso y adopten una perspectiva a\u00fan m\u00e1s ambiciosa, especialmente en los \u00e1mbitos esenciales de los servicios y del mercado \u00fanico digital, con vistas al Consejo Europeo de marzo de 2017, iI reclam\u00f3 que se supriman los obst\u00e1culos dentro del mercado \u00fanico en lo en cuanto a la libre circulaci\u00f3n de datos.<\/p>\n<h3 style=\"text-align: justify;\">Uni\u00f3n bancaria<\/h3>\n<p style=\"text-align: justify;\">El Consejo Europeo subray\u00f3 la <strong> necesidad de completar la uni\u00f3n bancaria <\/strong> en cuanto a reducir y compartir los riesgos en el sector financiero tal y como se establece en las Conclusiones del Consejo de 17 de junio 2016 sobre una hoja de ruta trazada al efecto. En este contexto, el Consejo Europeo pide al Consejo que estudie sin tardanza las recientes propuestas de la Comisi\u00f3n para incluir la resiliencia en el sector financiero.<\/p>\n<h3 style=\"text-align: justify;\">Garant\u00eda Juvenil<\/h3>\n<p>http:\/\/www.pimealdia.org\/informe-comissio-europea-ocupacio-juvenil\/<\/p>\n<p style=\"text-align: justify;\">Por \u00faltimo, el Consejo Europeo pidi\u00f3 la <strong> despu\u00e9s de la <a href=\"http:\/\/www.pimealdia.org\/informe-comissio-europea-ocupacio -Juvenil\/ \" target=\" _ blank \"> Garant\u00eda Juvenil <\/a> <\/strong> y solicit\u00f3 que se siga avanzando en las iniciativas recientes de la Comisi\u00f3n dedicadas a la juventud, incluidas las relativas a la movilidad, la educaci\u00f3n, el desarrollo de competencias y el Cuerpo Europeo de Solidaridad.<\/p>\n","protected":false},"excerpt":{"rendered":"<p>El Consejo Europeo es la reuni\u00f3n que, cuatro veces al a\u00f1o como m\u00e1ximo, re\u00fane los jefes de Estado o de gobierno de la Uni\u00f3n Europea y el presidente de la Comisi\u00f3n, donde se fijan las orientaciones pol\u00edticas generales de la Uni\u00f3n Europea. Despu\u00e9s de cada cumbre europea, el presidente del Consejo Europeo presenta un informe al Parlamento sobre los resultados de su actividad. el pasado d\u00eda 15 se reunieron en Consejo Europeo acogiendo con satisfacci\u00f3n el acuerdo alcanzado en el Consejo sobre la ampliaci\u00f3n del fondo Europeo para Inversiones Estrat\u00e9gicas (hac\u00edas), que deber\u00e1 ser adoptado por los colegisladores en el<\/p>\n","protected":false},"author":21,"featured_media":7987,"comment_status":"open","ping_status":"closed","sticky":false,"template":"","format":"standard","meta":[],"categories":[330,342],"tags":[781],"_links":{"self":[{"href":"https:\/\/www.pimealdia.org\/es\/wp-json\/wp\/v2\/posts\/7986"}],"collection":[{"href":"https:\/\/www.pimealdia.org\/es\/wp-json\/wp\/v2\/posts"}],"about":[{"href":"https:\/\/www.pimealdia.org\/es\/wp-json\/wp\/v2\/types\/post"}],"author":[{"embeddable":true,"href":"https:\/\/www.pimealdia.org\/es\/wp-json\/wp\/v2\/users\/21"}],"replies":[{"embeddable":true,"href":"https:\/\/www.pimealdia.org\/es\/wp-json\/wp\/v2\/comments?post=7986"}],"version-history":[{"count":0,"href":"https:\/\/www.pimealdia.org\/es\/wp-json\/wp\/v2\/posts\/7986\/revisions"}],"wp:featuredmedia":[{"embeddable":true,"href":"https:\/\/www.pimealdia.org\/es\/wp-json\/wp\/v2\/media\/7987"}],"wp:attachment":[{"href":"https:\/\/www.pimealdia.org\/es\/wp-json\/wp\/v2\/media?parent=7986"}],"wp:term":[{"taxonomy":"category","embeddable":true,"href":"https:\/\/www.pimealdia.org\/es\/wp-json\/wp\/v2\/categories?post=7986"},{"taxonomy":"post_tag","embeddable":true,"href":"https:\/\/www.pimealdia.org\/es\/wp-json\/wp\/v2\/tags?post=7986"}],"curies":[{"name":"wp","href":"https:\/\/api.w.org\/{rel}","templated":true}]}}