{"id":8000,"date":"2016-12-20T16:02:15","date_gmt":"2016-12-20T14:02:15","guid":{"rendered":"https:\/\/www.pimealdia.org\/sgae-i-pimes-puc-posar-la-radio-al-meu-comerc\/"},"modified":"2017-08-15T18:02:04","modified_gmt":"2017-08-15T16:02:04","slug":"sgae-i-pimes-puc-posar-la-radio-al-meu-comerc","status":"publish","type":"post","link":"https:\/\/www.pimealdia.org\/es\/sgae-i-pimes-puc-posar-la-radio-al-meu-comerc\/","title":{"rendered":"SGAE y pymes: \u00bfpuedo poner la radio en mi comercio?"},"content":{"rendered":"<p style=\"text-align: justify;\">\u00bfPuedo poner m\u00fasica de fondo a mi establecimiento? \u00bfEs gratuito o tengo que pagar algo? \u00bfQui\u00e9n y qu\u00e9 podr\u00e1 exigir al respecto? En este art\u00edculo os contamos qu\u00e9 papel juega la SGAE en nuestros comercios.<\/p>\n<p style=\"text-align: justify;\">Seguramente estas son algunas de las preguntas que \u00faltimamente pasan por la cabeza de muchos comerciantes a la hora de poner m\u00fasica a sus tiendas. Pues bien, pongamos manos a la obra y damos una breve respuesta.<\/p>\n<h3 style=\"text-align: justify;\"><strong> Derechos de propiedad intelectual <\/strong><\/h3>\n<p style=\"text-align: justify;\">El <em> quid <\/em> de la cuesti\u00f3n es que la m\u00fasica es susceptible de tener derechos de autor, de int\u00e9rprete y de productor. Por lo tanto, una canci\u00f3n puede tener hasta 3 derechos acumulados por los que las entidades que tienen encomendada la gesti\u00f3n de los derechos de explotaci\u00f3n pueden cobrar la tarifa que se haya establecido al respecto.<\/p>\n<h3 style=\"text-align: justify;\"><strong> Las entidades de gesti\u00f3n <\/strong><\/h3>\n<p style=\"text-align: justify;\">Son entidades que se han constituido como asociaciones de titulares de derechos de propiedad intelectual, y deben contar con la autorizaci\u00f3n del Ministerio de Cultura espa\u00f1ol para funcionar como tales. Algunas son, por ejemplo, el <a href=\"http:\/\/www.sgae.es\/es-ES\/SitePages\/index.aspx\" target=\"_blank\" rel=\"noopener noreferrer\"> SGAE <\/a> (autores y editores), <a href=\"https:\/\/www.aie.es\/\" target=\"_blank\" rel=\"noopener noreferrer\"> AIE <\/a> (int\u00e9rpretes) y <a href=\"http: \/\/www.agedi.es\/ \" target=\" _ blank \"> AGEDI <\/a> (productores).<\/p>\n<blockquote><p>Hay comunicaci\u00f3n p\u00fablica cuando reproducir m\u00fasica de forma p\u00fablica en la tienda influya directa o indirectamente en la mejora de las ventas o del servicio<\/p><\/blockquote>\n<h3 style=\"text-align: justify;\"><strong> Cuando tengo que pagar la tarifa? <\/strong><\/h3>\n<p style=\"text-align: justify;\">Resumiendo, el comerciante deber\u00e1 pagar la tarifa por los derechos de propiedad intelectual cuando haga una &#8220;comunicaci\u00f3n p\u00fablica&#8221; de las obras registradas en una entidad de gesti\u00f3n. Seg\u00fan el Tribunal de Justicia de la UE, se entender\u00e1 que hay comunicaci\u00f3n p\u00fablica cuando se desprenda un car\u00e1cter lucrativo de la reproducci\u00f3n de los fonogramas. Es decir,<\/p>\n<h3 style=\"text-align: justify;\"><strong> \u00bfCualquier tipo de m\u00fasica est\u00e1 sujeto a los derechos de propiedad intelectual? <\/strong><\/h3>\n<p style=\"text-align: justify;\">No, tambi\u00e9n hay m\u00fasica de la que los autores han decidido no reservarse sus derechos de propiedad intelectual y permitir, entre otras cosas, la comunicaci\u00f3n p\u00fablica. <strong> Es el concepto creado por la organizaci\u00f3n <a href=\"https:\/\/creativecommons.org\/\" target=\"_blank\" rel=\"noopener noreferrer\"> CreativeCommons <\/a>, conocido como <em> <a href=\"https:\/\/es.wikipedia.org\/wiki\/Copyleft\" target=\"_ blank\"> Copyleft <\/a>. <\/em> <\/strong><\/p>\n<p style=\"text-align: justify;\"><img loading=\"lazy\" class=\"aligncenter wp-image-3300 size-full\" src=\"http:\/\/www.pimealdia.org\/wp-content\/uploads\/2016\/12\/SGAE1.jpg \" alt=\" sgae1 \" width=\" 665 \" height=\" 150 \" srcset=\"https:\/\/www.pimealdia.org\/wp-content\/uploads\/2016\/12\/SGAE1.jpg 665w, https:\/\/www.pimealdia.org\/wp-content\/uploads\/2016\/12\/SGAE1-300x68.jpg 300w, https:\/\/www.pimealdia.org\/wp-content\/uploads\/2016\/12\/SGAE1-600x135.jpg 600w, https:\/\/www.pimealdia.org\/wp-content\/uploads\/2016\/12\/SGAE1-400x90.jpg 400w\" sizes=\"(max-width: 665px) 100vw, 665px\" \/><\/p>\n<p style=\"text-align: justify;\">Por \u00faltimo, vale la pena recordar el <strong> convenio firmado entre <a href=\"http:\/\/www.pimec.org\/ca\/institucio\/nosaltres\/sectors\/ pimecomerc \" target=\" _ blank \"> PIMEComer\u00e7 <\/a> y la SGAE <\/strong> para obtener <strong> descuentos <\/strong> sobre sus tarifas, as\u00ed como la <strong> creaci\u00f3n de una Comisi\u00f3n Mixta de mediaci\u00f3n <\/strong> que tiene por objetivo la resoluci\u00f3n alternativa de conflictos que eventualmente puedan producirse en este \u00e1mbito, a veces tan complejo.<\/p>\n","protected":false},"excerpt":{"rendered":"<p>\u00bfPuedo poner m\u00fasica de fondo a mi establecimiento? \u00bfEs gratuito o tengo que pagar algo? \u00bfQui\u00e9n y qu\u00e9 podr\u00e1 exigir al respecto? En este art\u00edculo os contamos qu\u00e9 papel juega la SGAE en nuestros comercios. Seguramente estas son algunas de las preguntas que \u00faltimamente pasan por la cabeza de muchos comerciantes a la hora de poner m\u00fasica a sus tiendas. Pues bien, pongamos manos a la obra y damos una breve respuesta. Derechos de propiedad intelectual El quid de la cuesti\u00f3n es que la m\u00fasica es susceptible de tener derechos de autor, de int\u00e9rprete y de productor. Por lo tanto,<\/p>\n","protected":false},"author":52,"featured_media":8001,"comment_status":"open","ping_status":"closed","sticky":false,"template":"","format":"standard","meta":[],"categories":[330],"tags":[],"_links":{"self":[{"href":"https:\/\/www.pimealdia.org\/es\/wp-json\/wp\/v2\/posts\/8000"}],"collection":[{"href":"https:\/\/www.pimealdia.org\/es\/wp-json\/wp\/v2\/posts"}],"about":[{"href":"https:\/\/www.pimealdia.org\/es\/wp-json\/wp\/v2\/types\/post"}],"author":[{"embeddable":true,"href":"https:\/\/www.pimealdia.org\/es\/wp-json\/wp\/v2\/users\/52"}],"replies":[{"embeddable":true,"href":"https:\/\/www.pimealdia.org\/es\/wp-json\/wp\/v2\/comments?post=8000"}],"version-history":[{"count":0,"href":"https:\/\/www.pimealdia.org\/es\/wp-json\/wp\/v2\/posts\/8000\/revisions"}],"wp:featuredmedia":[{"embeddable":true,"href":"https:\/\/www.pimealdia.org\/es\/wp-json\/wp\/v2\/media\/8001"}],"wp:attachment":[{"href":"https:\/\/www.pimealdia.org\/es\/wp-json\/wp\/v2\/media?parent=8000"}],"wp:term":[{"taxonomy":"category","embeddable":true,"href":"https:\/\/www.pimealdia.org\/es\/wp-json\/wp\/v2\/categories?post=8000"},{"taxonomy":"post_tag","embeddable":true,"href":"https:\/\/www.pimealdia.org\/es\/wp-json\/wp\/v2\/tags?post=8000"}],"curies":[{"name":"wp","href":"https:\/\/api.w.org\/{rel}","templated":true}]}}