{"id":8019,"date":"2017-06-07T10:06:12","date_gmt":"2017-06-07T08:06:12","guid":{"rendered":"https:\/\/www.pimealdia.org\/la-etica-empresarial-contribuye-al-exito\/"},"modified":"2017-06-07T10:06:12","modified_gmt":"2017-06-07T08:06:12","slug":"la-etica-empresarial-contribuye-al-exito","status":"publish","type":"post","link":"https:\/\/www.pimealdia.org\/es\/la-etica-empresarial-contribuye-al-exito\/","title":{"rendered":"La \u00e9tica empresarial contribuye al \u00e9xito"},"content":{"rendered":"<p>S\u00f3lo con el compromiso con el entorno y las personas, se consiguen unas bases s\u00f3lidas para desarrollar las mejores y m\u00e1s competitivas organizaciones, productos y servicios para unos mercados cada d\u00eda m\u00e1s competitivos pero tambi\u00e9n m\u00e1s sensibles con todo lo que tiene relaci\u00f3n con la \u00e9tica empresarial, los valores y el respeto por la sociedad y las personas.<\/p>\n<p>La sociedad demanda cada vez m\u00e1s transparencia, compromiso y \u00e9tica, por lo que cuando hablamos de rentabilidad empresarial, adem\u00e1s de la econ\u00f3mica, tambi\u00e9n deber\u00edamos hablar de la rentabilidad social y medioambiental.<\/p>\n<h2>El dinero debe ser un medio, no un fin<\/h2>\n<p>Organizaciones en las que el beneficio es positivo como indicador de que las cosas se hacen bien, pero con enfoques a largo plazo en sus modelos de negocio y que sean viables econ\u00f3micamente son las que promueven la actividad econ\u00f3mica desde la sostenibilidad. Y hoy, los usuarios demandan cada vez m\u00e1s compromiso.<\/p>\n<blockquote class=\"wp-embedded-content\" data-secret=\"55rHIkkrqV\"><p><a href=\"https:\/\/www.pimealdia.org\/es\/que-efectos-puede-tener-la-rse-en-mi-pyme\/\">Quins efectes pot tenir la RSE dins la meva PIME?<\/a><\/p><\/blockquote>\n<p><iframe class=\"wp-embedded-content\" sandbox=\"allow-scripts\" security=\"restricted\" style=\"position: absolute; clip: rect(1px, 1px, 1px, 1px);\" title=\"\u00abQuins efectes pot tenir la RSE dins la meva PIME?\u00bb \u2014 Pime al dia\" src=\"https:\/\/www.pimealdia.org\/es\/que-efectos-puede-tener-la-rse-en-mi-pyme\/embed\/#?secret=55rHIkkrqV\" data-secret=\"55rHIkkrqV\" width=\"600\" height=\"338\" frameborder=\"0\" marginwidth=\"0\" marginheight=\"0\" scrolling=\"no\"><\/iframe><\/p>\n<p>Las organizaciones son entes vivos que tienen muchos paralelismos con los seres humanos que las componen. Ahora mismo la gran mayor\u00eda de empresas no piensan en cu\u00e1l es el impacto real que tienen en la sociedad. Su d\u00eda a d\u00eda est\u00e1 gobernado por el estr\u00e9s, la hipervelocidad y el automatismo. No tienen tiempo para la reflexi\u00f3n y si un obsesivo af\u00e1n de lucro en el corto plazo.<\/p>\n<p>Por eso el gran reto que propone la econom\u00eda consciente es que se apueste por crear <a href=\"http:\/\/www.numintec.com\/sube-nube-numintec\/compromiso-social-de-numintec\/\" target=\"_blank\" rel=\"noopener noreferrer\">valor a trav\u00e9s de valores humanos<\/a>.<\/p>\n<p><img loading=\"lazy\" class=\"alignleft wp-image-5636 size-medium\" src=\"https:\/\/www.pimealdia.org\/wp-content\/uploads\/2017\/06\/Foto-de-Vanessa-Junqu\u00e9-2-300x225.jpg\" alt=\"\" width=\"300\" height=\"225\" srcset=\"https:\/\/www.pimealdia.org\/wp-content\/uploads\/2017\/06\/Foto-de-Vanessa-Junqu\u00e9-2-300x225.jpg 300w, https:\/\/www.pimealdia.org\/wp-content\/uploads\/2017\/06\/Foto-de-Vanessa-Junqu\u00e9-2-1024x768.jpg 1024w, https:\/\/www.pimealdia.org\/wp-content\/uploads\/2017\/06\/Foto-de-Vanessa-Junqu\u00e9-2-1000x750.jpg 1000w, https:\/\/www.pimealdia.org\/wp-content\/uploads\/2017\/06\/Foto-de-Vanessa-Junqu\u00e9-2-800x600.jpg 800w, https:\/\/www.pimealdia.org\/wp-content\/uploads\/2017\/06\/Foto-de-Vanessa-Junqu\u00e9-2-600x450.jpg 600w, https:\/\/www.pimealdia.org\/wp-content\/uploads\/2017\/06\/Foto-de-Vanessa-Junqu\u00e9-2-400x300.jpg 400w, https:\/\/www.pimealdia.org\/wp-content\/uploads\/2017\/06\/Foto-de-Vanessa-Junqu\u00e9-2.jpg 1600w\" sizes=\"(max-width: 300px) 100vw, 300px\" \/><\/p>\n<p>Los negocios han de estar al servicio de la sociedad, generando productos y servicios que satisfagan necesidades, que creen riqueza social y generen empleo. La verdadera ventaja competitiva est\u00e1 en los valores, que deben trasladarse a todos los miembros de la empresa, desterrando las pr\u00e1cticas ego\u00edstas de los \u00faltimos a\u00f1os que nos han llevado a la crisis global que todos conocemos.<\/p>\n<h3>Valores Humanos<\/h3>\n<p>Cuando hablamos de Valores Humanos debemos englobar, la pol\u00edtica de <a href=\"\/?p=3348\" target=\"_blank\" rel=\"noopener noreferrer\">formaci\u00f3n continuada<\/a> adaptada a las necesidades de los empleados, la pol\u00edtica de contrataci\u00f3n, en la que se incluyan contratos fijos, contratos a personas discapacitadas o a personas de m\u00e1s de 45 a\u00f1os. <a href=\"\/?p=3354\" target=\"_blank\" rel=\"noopener noreferrer\">Pol\u00edticas de participaci\u00f3n<\/a>, donde la empresa hace consultas en relaci\u00f3n a decisiones estrat\u00e9gicas y tiene mecanismos para recibir sugerencias con sistemas de est\u00edmulos.<\/p>\n<blockquote class=\"wp-embedded-content\" data-secret=\"zJs03Zh4wP\"><p><a href=\"https:\/\/www.pimealdia.org\/es\/quina-importancia-clima-laboral\/\">Quina import\u00e0ncia t\u00e9 el clima laboral?<\/a><\/p><\/blockquote>\n<p><iframe class=\"wp-embedded-content\" sandbox=\"allow-scripts\" security=\"restricted\" style=\"position: absolute; clip: rect(1px, 1px, 1px, 1px);\" title=\"\u00abQuina import\u00e0ncia t\u00e9 el clima laboral?\u00bb \u2014 Pime al dia\" src=\"https:\/\/www.pimealdia.org\/es\/quina-importancia-clima-laboral\/embed\/#?secret=zJs03Zh4wP\" data-secret=\"zJs03Zh4wP\" width=\"600\" height=\"338\" frameborder=\"0\" marginwidth=\"0\" marginheight=\"0\" scrolling=\"no\"><\/iframe><\/p>\n<p>Pol\u00edticas de <a href=\"https:\/\/www.pimealdia.org\/es\/cultura-presencialista-cultura-valors\/\" target=\"_blank\" rel=\"noopener noreferrer\">conciliaci\u00f3n de la vida laboral y familiar<\/a>, y pol\u00edticas de seguridad y salud en el trabajo.<\/p>\n<h3>Medio Ambiente<\/h3>\n<p>Respecto al Medio Ambiente, tener implantado un sistema de <a href=\"https:\/\/www.pimealdia.org\/es\/category\/medio-ambiente\/\" target=\"_blank\" rel=\"noopener noreferrer\">gesti\u00f3n ambiental<\/a> y tener pol\u00edticas de re utilizaci\u00f3n y ahorro de recursos es fundamental.<\/p>\n<h3>Contribuci\u00f3n a la Sociedad<\/h3>\n<p>En relaci\u00f3n a la Contribuci\u00f3n a la Sociedad, por un lado es importante ofrecer plazas para la realizaci\u00f3n de pr\u00e1cticas\u00a0 apoyando as\u00ed \u00a0la formaci\u00f3n y la educaci\u00f3n. Por otro lado, situar\u00edamos la acci\u00f3n social, con soporte t\u00e9cnico o financiero a ONGs, y patrocinios de actividades culturales o de ocio para la poblaci\u00f3n.<\/p>\n<p><img loading=\"lazy\" class=\"alignleft wp-image-5608 size-medium\" src=\"https:\/\/www.pimealdia.org\/wp-content\/uploads\/2017\/06\/\u00c9tica-empresarial-300x217.jpg\" alt=\"\" width=\"300\" height=\"217\" srcset=\"https:\/\/www.pimealdia.org\/wp-content\/uploads\/2017\/06\/\u00c9tica-empresarial-300x217.jpg 300w, https:\/\/www.pimealdia.org\/wp-content\/uploads\/2017\/06\/\u00c9tica-empresarial-600x433.jpg 600w, https:\/\/www.pimealdia.org\/wp-content\/uploads\/2017\/06\/\u00c9tica-empresarial-400x289.jpg 400w, https:\/\/www.pimealdia.org\/wp-content\/uploads\/2017\/06\/\u00c9tica-empresarial.jpg 734w\" sizes=\"(max-width: 300px) 100vw, 300px\" \/>La sociedad actual quiere un enfoque m\u00e1s humano y ejemplaridad, y s\u00f3lo ser\u00e1n competitivas en el medio y largo plazo las empresas que incorporen estos valores. Las que no lo hagan acabar\u00e1n generando rechazo y dejar\u00e1n de ser rentables. Podemos afirmar, que <strong>la \u00e9tica contribuye al \u00e9xito empresarial<\/strong>.<\/p>\n<p>En esencia, es un proceso de cambio hacia un ideal en el que los h\u00e1bitos de producci\u00f3n, consumo e inversi\u00f3n permitan que las personas, en el presente y en el futuro, disfruten de condiciones \u00a0que les permitan acceder a una existencia digna y a una mejor calidad de vida.<\/p>\n","protected":false},"excerpt":{"rendered":"<p>S\u00f3lo con el compromiso con el entorno y las personas, se consiguen unas bases s\u00f3lidas para desarrollar las mejores y m\u00e1s competitivas organizaciones, productos y servicios para unos mercados cada d\u00eda m\u00e1s competitivos pero tambi\u00e9n m\u00e1s sensibles con todo lo que tiene relaci\u00f3n con la \u00e9tica empresarial, los valores y el respeto por la sociedad y las personas. La sociedad demanda cada vez m\u00e1s transparencia, compromiso y \u00e9tica, por lo que cuando hablamos de rentabilidad empresarial, adem\u00e1s de la econ\u00f3mica, tambi\u00e9n deber\u00edamos hablar de la rentabilidad social y medioambiental. El dinero debe ser un medio, no un fin Organizaciones en<\/p>\n","protected":false},"author":54,"featured_media":8021,"comment_status":"open","ping_status":"closed","sticky":false,"template":"","format":"standard","meta":[],"categories":[338],"tags":[],"_links":{"self":[{"href":"https:\/\/www.pimealdia.org\/es\/wp-json\/wp\/v2\/posts\/8019"}],"collection":[{"href":"https:\/\/www.pimealdia.org\/es\/wp-json\/wp\/v2\/posts"}],"about":[{"href":"https:\/\/www.pimealdia.org\/es\/wp-json\/wp\/v2\/types\/post"}],"author":[{"embeddable":true,"href":"https:\/\/www.pimealdia.org\/es\/wp-json\/wp\/v2\/users\/54"}],"replies":[{"embeddable":true,"href":"https:\/\/www.pimealdia.org\/es\/wp-json\/wp\/v2\/comments?post=8019"}],"version-history":[{"count":0,"href":"https:\/\/www.pimealdia.org\/es\/wp-json\/wp\/v2\/posts\/8019\/revisions"}],"wp:featuredmedia":[{"embeddable":true,"href":"https:\/\/www.pimealdia.org\/es\/wp-json\/wp\/v2\/media\/8021"}],"wp:attachment":[{"href":"https:\/\/www.pimealdia.org\/es\/wp-json\/wp\/v2\/media?parent=8019"}],"wp:term":[{"taxonomy":"category","embeddable":true,"href":"https:\/\/www.pimealdia.org\/es\/wp-json\/wp\/v2\/categories?post=8019"},{"taxonomy":"post_tag","embeddable":true,"href":"https:\/\/www.pimealdia.org\/es\/wp-json\/wp\/v2\/tags?post=8019"}],"curies":[{"name":"wp","href":"https:\/\/api.w.org\/{rel}","templated":true}]}}