{"id":8079,"date":"2017-08-18T11:58:36","date_gmt":"2017-08-18T09:58:36","guid":{"rendered":"https:\/\/www.pimealdia.org\/lestiu-va-per-llarg\/"},"modified":"2017-08-18T12:20:35","modified_gmt":"2017-08-18T10:20:35","slug":"el-verano-va-para-largo","status":"publish","type":"post","link":"https:\/\/www.pimealdia.org\/es\/el-verano-va-para-largo\/","title":{"rendered":"El verano va para largo: predicci\u00f3n meteorol\u00f3gica del 19 al 25 de agosto 2017"},"content":{"rendered":"<p>De nuevo llevamos un par de jornadas caniculares, calor intenso que se tomar\u00e1 un respiro este fin de semana, la temperatura bajar\u00e1 un poco, tampoco demasiado, y algunas nubes afectar\u00e1n zonas de la costa, m\u00e1s s\u00e1bado no domingo. Aqu\u00ed tenemos la predicci\u00f3n meteorol\u00f3gica hasta el pr\u00f3ximo viernes.<\/p>\n<p><img loading=\"lazy\" class=\"alignleft wp-image-8068 size-medium\" src=\"https:\/\/www.pimealdia.org\/wp-content\/uploads\/2017\/08\/Term\u00f2metre-78x300.png\" alt=\"\" width=\"78\" height=\"300\" srcset=\"https:\/\/www.pimealdia.org\/wp-content\/uploads\/2017\/08\/Term\u00f2metre-78x300.png 78w, https:\/\/www.pimealdia.org\/wp-content\/uploads\/2017\/08\/Term\u00f2metre-266x1024.png 266w, https:\/\/www.pimealdia.org\/wp-content\/uploads\/2017\/08\/Term\u00f2metre-208x800.png 208w, https:\/\/www.pimealdia.org\/wp-content\/uploads\/2017\/08\/Term\u00f2metre-156x600.png 156w, https:\/\/www.pimealdia.org\/wp-content\/uploads\/2017\/08\/Term\u00f2metre-104x400.png 104w, https:\/\/www.pimealdia.org\/wp-content\/uploads\/2017\/08\/Term\u00f2metre.png 830w\" sizes=\"(max-width: 78px) 100vw, 78px\" \/> Lunes el anticicl\u00f3n vuelve al ataque y los term\u00f3metros iniciar\u00e1n una nueva remontada, situaci\u00f3n que se va repitiendo una y otra vez este verano&#8230; y no ser\u00e1 la \u00faltima. <strong> El sector agr\u00edcola empieza a desesperarse ante la contundente sequ\u00eda<\/strong>, no tenemos tormentas generales, tan s\u00f3lo fen\u00f3menos puntuales que solucionan muy poco. Que caigan 10 litros en una zona muy sedienta sirven para poco. 20 litros bien ca\u00eddos ya son m\u00e1s aprovechables. Seguramente <strong> entre el martes y el viernes, el calor ser\u00e1 m\u00e1s intenso con el consecuente aumento del consumo energ\u00e9tico, bebidas refrescantes, helados, actividades al aire libre&#8230; <\/strong> Los restaurantes con terrazas est\u00e1n haciendo su &#8220;agosto&#8221; ya que los d\u00edas nublados o con lluvia son muy escasos, qu\u00e9 diferencia de los veranos de 2011 o 2014, cuando d\u00eda s\u00ed, d\u00eda no, las nubes o las tormentas nos imped\u00edan disfrutar de actividades al aire libre.<\/p>\n<p>Por cierto, la falta de lluvias y el poco viento est\u00e1 favoreciendo que la electricidad que consumimos venga de energ\u00edas no especialmente limpias. Debemos apostar fuerte por las <a href=\"https:\/\/www.pimealdia.org\/renovables-demanen-pla-urgent-detallat-sobre-seva-implantacio-catalunya\/\" target=\"_blank\" rel=\"noopener noreferrer\"> renovables <\/a>. Con estos calores y los que faltan por venir, <strong> el consumo de agua continuar\u00e1 bastante elevado, desde el particular, pasando por el del mantenimiento de parques, jardines, campos de golf &#8230; <\/strong> aprovechar el agua de la lluvia, almacen\u00e1ndola en grandes dep\u00f3sitos es una buena soluci\u00f3n.<\/p>\n<figure id=\"attachment_8074\" aria-describedby=\"caption-attachment-8074\" style=\"width: 800px\" class=\"wp-caption alignnone\"><img loading=\"lazy\" class=\"wp-image-8074 size-large\" src=\"https:\/\/www.pimealdia.org\/wp-content\/uploads\/2017\/08\/Aigua4-1024x480.jpg\" alt=\" \" width=\"800\" height=\"375\" srcset=\"https:\/\/www.pimealdia.org\/wp-content\/uploads\/2017\/08\/Aigua4-1024x480.jpg 1024w, https:\/\/www.pimealdia.org\/wp-content\/uploads\/2017\/08\/Aigua4-300x141.jpg 300w, https:\/\/www.pimealdia.org\/wp-content\/uploads\/2017\/08\/Aigua4-1000x469.jpg 1000w, https:\/\/www.pimealdia.org\/wp-content\/uploads\/2017\/08\/Aigua4-800x375.jpg 800w, https:\/\/www.pimealdia.org\/wp-content\/uploads\/2017\/08\/Aigua4-600x281.jpg 600w, https:\/\/www.pimealdia.org\/wp-content\/uploads\/2017\/08\/Aigua4-400x188.jpg 400w, https:\/\/www.pimealdia.org\/wp-content\/uploads\/2017\/08\/Aigua4.jpg 1440w\" sizes=\"(max-width: 800px) 100vw, 800px\" \/><figcaption id=\"caption-attachment-8074\" class=\"wp-caption-text\">Aprovechar el agua de la lluvia, almacen\u00e1ndola en grandes dep\u00f3sitos es una buena soluci\u00f3n<\/figcaption><\/figure>\n<p><strong> Quiz\u00e1s el viernes y el pr\u00f3ximo fin de semana aumente un poco la actividad tormentosa, incluso y de forma puntual podr\u00e1n ser fuertes y con granizo hacia el Pirineo y ponente <\/strong> y por lo tanto muy pocos beneficios sacaremos.<\/p>\n<p>Tambi\u00e9n os podemos adelantar que en d\u00edas posteriores, ya hacia finales de mes, una perturbaci\u00f3n podr\u00eda situarse en el oeste de la Pen\u00ednsula Ib\u00e9rica, envi\u00e1ndonos viento del sur&#8230; y a su vez \u00a1m\u00e1s calor!<\/p>\n<p><strong> Este a\u00f1o el verano se debe escribir en may\u00fasculas y seguramente ser\u00e1 el m\u00e1s c\u00e1lido desde el terrible de 2003. <\/strong><\/p>\n<p>Buen fin de semana&#8230; \u00a1con un poco menos de calor!<\/p>\n","protected":false},"excerpt":{"rendered":"<p>De nuevo llevamos un par de jornadas caniculares, calor intenso que se tomar\u00e1 un respiro este fin de semana, la temperatura bajar\u00e1 un poco, tampoco demasiado, y algunas nubes afectar\u00e1n zonas de la costa, m\u00e1s s\u00e1bado no domingo. Aqu\u00ed tenemos la predicci\u00f3n meteorol\u00f3gica hasta el pr\u00f3ximo viernes. Lunes el anticicl\u00f3n vuelve al ataque y los term\u00f3metros iniciar\u00e1n una nueva remontada, situaci\u00f3n que se va repitiendo una y otra vez este verano&#8230; y no ser\u00e1 la \u00faltima. El sector agr\u00edcola empieza a desesperarse ante la contundente sequ\u00eda, no tenemos tormentas generales, tan s\u00f3lo fen\u00f3menos puntuales que solucionan muy poco. Que caigan<\/p>\n","protected":false},"author":60,"featured_media":7479,"comment_status":"open","ping_status":"closed","sticky":false,"template":"","format":"standard","meta":[],"categories":[338],"tags":[],"_links":{"self":[{"href":"https:\/\/www.pimealdia.org\/es\/wp-json\/wp\/v2\/posts\/8079"}],"collection":[{"href":"https:\/\/www.pimealdia.org\/es\/wp-json\/wp\/v2\/posts"}],"about":[{"href":"https:\/\/www.pimealdia.org\/es\/wp-json\/wp\/v2\/types\/post"}],"author":[{"embeddable":true,"href":"https:\/\/www.pimealdia.org\/es\/wp-json\/wp\/v2\/users\/60"}],"replies":[{"embeddable":true,"href":"https:\/\/www.pimealdia.org\/es\/wp-json\/wp\/v2\/comments?post=8079"}],"version-history":[{"count":2,"href":"https:\/\/www.pimealdia.org\/es\/wp-json\/wp\/v2\/posts\/8079\/revisions"}],"predecessor-version":[{"id":8081,"href":"https:\/\/www.pimealdia.org\/es\/wp-json\/wp\/v2\/posts\/8079\/revisions\/8081"}],"wp:featuredmedia":[{"embeddable":true,"href":"https:\/\/www.pimealdia.org\/es\/wp-json\/wp\/v2\/media\/7479"}],"wp:attachment":[{"href":"https:\/\/www.pimealdia.org\/es\/wp-json\/wp\/v2\/media?parent=8079"}],"wp:term":[{"taxonomy":"category","embeddable":true,"href":"https:\/\/www.pimealdia.org\/es\/wp-json\/wp\/v2\/categories?post=8079"},{"taxonomy":"post_tag","embeddable":true,"href":"https:\/\/www.pimealdia.org\/es\/wp-json\/wp\/v2\/tags?post=8079"}],"curies":[{"name":"wp","href":"https:\/\/api.w.org\/{rel}","templated":true}]}}