{"id":8161,"date":"2017-08-22T19:51:56","date_gmt":"2017-08-22T17:51:56","guid":{"rendered":"https:\/\/www.pimealdia.org\/pimes-de-lexpansio-a-la-crisi-i-de-la-crisi-a-la-recuperacio-economica\/"},"modified":"2017-08-23T16:55:23","modified_gmt":"2017-08-23T14:55:23","slug":"pymes-de-la-expansion-a-la-crisis-y-de-la-crisis-a-la-recuperacion-economica","status":"publish","type":"post","link":"https:\/\/www.pimealdia.org\/es\/pymes-de-la-expansion-a-la-crisis-y-de-la-crisis-a-la-recuperacion-economica\/","title":{"rendered":"Pymes: de la expansi\u00f3n a la crisis, y de la crisis a la recuperaci\u00f3n econ\u00f3mica"},"content":{"rendered":"<p>Este siglo XXI nos ha tra\u00eddo situaciones econ\u00f3micas muy contrastadas: un crecimiento espectacular que dur\u00f3 hasta el 2007, una profunda disminuci\u00f3n de la actividad hasta el 2.013 y un ciclo entre 2.013 y 2.015 de recuperaci\u00f3n econ\u00f3mica.<\/p>\n<blockquote><p>En el a\u00f1o 2.013 nos situ\u00e1bamos al mismo nivel que est\u00e1bamos en el 2.000<\/p><\/blockquote>\n<figure id=\"attachment_8146\" aria-describedby=\"caption-attachment-8146\" style=\"width: 804px\" class=\"wp-caption alignnone\"><a href=\"https:\/\/www.pimec.org\/es\/institucion\/observatorio\" target=\"_blank\" rel=\"noopener noreferrer\"><img loading=\"lazy\" class=\"wp-image-8146 size-full\" src=\"https:\/\/www.pimealdia.org\/wp-content\/uploads\/2017\/08\/observatori.gif\" alt=\"\" width=\"804\" height=\"159\" \/><\/a><figcaption id=\"caption-attachment-8146\" class=\"wp-caption-text\">El \u00faltimo INFORMES del Observatorio de la pimec, recoge todos los datos durante estos a\u00f1os de expansi\u00f3n, crisis y recuperaci\u00f3n por sectores primario, industria, construcci\u00f3n y servicios<\/figcaption><\/figure>\n<p>La pyme catalana creci\u00f3 en n\u00famero de forma muy significativa los 7 primeros a\u00f1os de este nuevo milenio. Despu\u00e9s, sin embargo, una crisis devastadora hizo desaparecer tal n\u00famero de empresas, que <strong> nos situaba en 2.013, al mismo nivel que est\u00e1bamos en el a\u00f1o 2.000. En t\u00e9rminos de ocupaci\u00f3n, adem\u00e1s, la ca\u00edda fue a\u00fan m\u00e1s acusada.<\/strong><\/p>\n<h2>Una crisis devastadora<\/h2>\n<figure id=\"attachment_8130\" aria-describedby=\"caption-attachment-8130\" style=\"width: 256px\" class=\"wp-caption alignleft\"><img loading=\"lazy\" class=\"wp-image-8130 size-medium\" src=\"https:\/\/www.pimealdia.org\/wp-content\/uploads\/2017\/08\/Taula-1-256x300.jpg\" alt=\" \" width=\"256\" height=\"300\" srcset=\"https:\/\/www.pimealdia.org\/wp-content\/uploads\/2017\/08\/Taula-1-256x300.jpg 256w, https:\/\/www.pimealdia.org\/wp-content\/uploads\/2017\/08\/Taula-1.jpg 286w\" sizes=\"(max-width: 256px) 100vw, 256px\" \/><figcaption id=\"caption-attachment-8130\" class=\"wp-caption-text\">La crisis nos llev\u00f3 a estar como est\u00e1bamos 13 a\u00f1os atr\u00e1s<\/figcaption><\/figure>\n<p>La crisis en Espa\u00f1a vino a remolque del estallido de una burbuja inmobiliaria y de una situaci\u00f3n cercana a la quiebra del sistema bancario. El endurecimiento de las condiciones financieras afect\u00f3 a todas las empresas, y en particular a las pymes, m\u00e1s vulnerables que las grandes a las restricciones del cr\u00e9dito bancario.<\/p>\n<p>A la ca\u00edda de la demanda propia de la crisis se sum\u00f3 el hecho de que las condiciones de financiaci\u00f3n externa se hicieron cada vez m\u00e1s exigentes. La restricci\u00f3n del cr\u00e9dito se agrav\u00f3 a\u00fan m\u00e1s a medida que, por un lado el n\u00famero de entidades financieras (especialmente cajas de ahorros, en una primera ola) disminu\u00eda dr\u00e1sticamente por absorciones y cierres, y que, por otro, se produc\u00eda un importante aumento de la morosidad, que hizo cerrar muchas pymes. Se estima que entre el 30% y el 40% de la mortalidad empresarial a lo largo de la \u00faltima crisis se explica de forma directa por problemas de morosidad en los cobros, o de impagos.<\/p>\n<h2>La recuperaci\u00f3n econ\u00f3mica<\/h2>\n<figure id=\"attachment_8140\" aria-describedby=\"caption-attachment-8140\" style=\"width: 300px\" class=\"wp-caption alignright\"><img loading=\"lazy\" class=\"wp-image-8140 size-medium\" src=\"https:\/\/www.pimealdia.org\/wp-content\/uploads\/2017\/08\/recuperaci\u00f3-econ\u00f2mica-2-300x181.jpg\" alt=\" \" width=\"300\" height=\"181\" srcset=\"https:\/\/www.pimealdia.org\/wp-content\/uploads\/2017\/08\/recuperaci\u00f3-econ\u00f2mica-2-300x181.jpg 300w, https:\/\/www.pimealdia.org\/wp-content\/uploads\/2017\/08\/recuperaci\u00f3-econ\u00f2mica-2-1024x618.jpg 1024w, https:\/\/www.pimealdia.org\/wp-content\/uploads\/2017\/08\/recuperaci\u00f3-econ\u00f2mica-2-1000x603.jpg 1000w, https:\/\/www.pimealdia.org\/wp-content\/uploads\/2017\/08\/recuperaci\u00f3-econ\u00f2mica-2-800x483.jpg 800w, https:\/\/www.pimealdia.org\/wp-content\/uploads\/2017\/08\/recuperaci\u00f3-econ\u00f2mica-2-600x362.jpg 600w, https:\/\/www.pimealdia.org\/wp-content\/uploads\/2017\/08\/recuperaci\u00f3-econ\u00f2mica-2-400x241.jpg 400w, https:\/\/www.pimealdia.org\/wp-content\/uploads\/2017\/08\/recuperaci\u00f3-econ\u00f2mica-2.jpg 1160w\" sizes=\"(max-width: 300px) 100vw, 300px\" \/><figcaption id=\"caption-attachment-8140\" class=\"wp-caption-text\">Ya se contempla un crecimiento del PIB de este a\u00f1o en torno al 3,1% y tambi\u00e9n hay buenas expectativas para el 2018<\/figcaption><\/figure>\n<p>Los balances de las pymes que han sobrevivido, han aumentado de valor en todos los sectores a lo largo del per\u00edodo y los ratios financieros m\u00e1s habituales (solvencia, liquidez, tesorer\u00eda y endeudamiento) presentan valores que indican fortaleza empresarial.<\/p>\n<p>A partir de 2.013, la din\u00e1mica global ha sido claramente positiva en la industria catalana. El sector industrial es el \u00fanico que en la etapa de recuperaci\u00f3n ha registrado cifras de ventas superiores a las del periodo de expansi\u00f3n (el resto a\u00fan se encontraba en 2.015 entre un 20 y un 30% por debajo de los valores de la a\u00f1o 2.000, siendo la situaci\u00f3n del sector de la construcci\u00f3n, especialmente negativa).<\/p>\n<figure id=\"attachment_4680\" aria-describedby=\"caption-attachment-4680\" style=\"width: 665px\" class=\"wp-caption alignnone\"><img loading=\"lazy\" class=\"wp-image-4680 size-full\" src=\"https:\/\/www.pimealdia.org\/wp-content\/uploads\/2016\/07\/prevenci\u00f3-de-riscos-laborals-2.jpg\" alt=\" \" width=\"665\" height=\"143\" srcset=\"https:\/\/www.pimealdia.org\/wp-content\/uploads\/2016\/07\/prevenci\u00f3-de-riscos-laborals-2.jpg 665w, https:\/\/www.pimealdia.org\/wp-content\/uploads\/2016\/07\/prevenci\u00f3-de-riscos-laborals-2-300x65.jpg 300w, https:\/\/www.pimealdia.org\/wp-content\/uploads\/2016\/07\/prevenci\u00f3-de-riscos-laborals-2-600x129.jpg 600w, https:\/\/www.pimealdia.org\/wp-content\/uploads\/2016\/07\/prevenci\u00f3-de-riscos-laborals-2-400x86.jpg 400w\" sizes=\"(max-width: 665px) 100vw, 665px\" \/><figcaption id=\"caption-attachment-4680\" class=\"wp-caption-text\">En el sector de la construcci\u00f3n, las ventas anuales por empresa fueron de 1, 2 millones entre 2000 y 2007. Con la crisis bajaron hasta menos de 0,9 millones y en el 2015 no llegaron a los 0,7. Es el sector con peor comportamiento en este \u00e1mbito de los cuatro que consideramos<\/figcaption><\/figure>\n<p>En definitiva, hablar ahora de econom\u00eda es m\u00e1s agradable que en los \u00faltimos a\u00f1os de crisis que hemos pasado. La peque\u00f1a o microeconom\u00eda, la de nuestras pymes y aut\u00f3nomos, est\u00e1 en general en franca mejora de incremento de ventas, de exportaciones, de inversiones, de confianza empresarial y, sobre todo, de empleo y afiliaciones a la Seguridad Social. Adem\u00e1s, tambi\u00e9n crece el consumo. Ya se contempla un crecimiento del PIB de este a\u00f1o en torno al 3,1% y tambi\u00e9n hay buenas expectativas para el 2018.<\/p>\n<p>PIMEC presenta los datos de balance y cuenta de explotaci\u00f3n de las pymes, distinguiendo los cuatro subsectores de la econom\u00eda (primario, industria, construcci\u00f3n y servicios). Lee como las pymes catalanas mejoran la estructura del pasivo durante el periodo 2000-2015 en <a href=\"https:\/\/www.pimec.org\/sites\/default\/files\/documents_pagines\/informes_7_2017.pdf\" target=\"_ blank\"> este estudio <\/a>.<\/p>\n","protected":false},"excerpt":{"rendered":"<p>Este siglo XXI nos ha tra\u00eddo situaciones econ\u00f3micas muy contrastadas: un crecimiento espectacular que dur\u00f3 hasta el 2007, una profunda disminuci\u00f3n de la actividad hasta el 2.013 y un ciclo entre 2.013 y 2.015 de recuperaci\u00f3n econ\u00f3mica. En el a\u00f1o 2.013 nos situ\u00e1bamos al mismo nivel que est\u00e1bamos en el 2.000 La pyme catalana creci\u00f3 en n\u00famero de forma muy significativa los 7 primeros a\u00f1os de este nuevo milenio. Despu\u00e9s, sin embargo, una crisis devastadora hizo desaparecer tal n\u00famero de empresas, que nos situaba en 2.013, al mismo nivel que est\u00e1bamos en el a\u00f1o 2.000. En t\u00e9rminos de ocupaci\u00f3n, adem\u00e1s,<\/p>\n","protected":false},"author":61,"featured_media":8139,"comment_status":"open","ping_status":"closed","sticky":false,"template":"","format":"standard","meta":[],"categories":[338,770,342],"tags":[],"_links":{"self":[{"href":"https:\/\/www.pimealdia.org\/es\/wp-json\/wp\/v2\/posts\/8161"}],"collection":[{"href":"https:\/\/www.pimealdia.org\/es\/wp-json\/wp\/v2\/posts"}],"about":[{"href":"https:\/\/www.pimealdia.org\/es\/wp-json\/wp\/v2\/types\/post"}],"author":[{"embeddable":true,"href":"https:\/\/www.pimealdia.org\/es\/wp-json\/wp\/v2\/users\/61"}],"replies":[{"embeddable":true,"href":"https:\/\/www.pimealdia.org\/es\/wp-json\/wp\/v2\/comments?post=8161"}],"version-history":[{"count":2,"href":"https:\/\/www.pimealdia.org\/es\/wp-json\/wp\/v2\/posts\/8161\/revisions"}],"predecessor-version":[{"id":8164,"href":"https:\/\/www.pimealdia.org\/es\/wp-json\/wp\/v2\/posts\/8161\/revisions\/8164"}],"wp:featuredmedia":[{"embeddable":true,"href":"https:\/\/www.pimealdia.org\/es\/wp-json\/wp\/v2\/media\/8139"}],"wp:attachment":[{"href":"https:\/\/www.pimealdia.org\/es\/wp-json\/wp\/v2\/media?parent=8161"}],"wp:term":[{"taxonomy":"category","embeddable":true,"href":"https:\/\/www.pimealdia.org\/es\/wp-json\/wp\/v2\/categories?post=8161"},{"taxonomy":"post_tag","embeddable":true,"href":"https:\/\/www.pimealdia.org\/es\/wp-json\/wp\/v2\/tags?post=8161"}],"curies":[{"name":"wp","href":"https:\/\/api.w.org\/{rel}","templated":true}]}}