{"id":8220,"date":"2016-12-23T13:40:15","date_gmt":"2016-12-23T11:40:15","guid":{"rendered":"https:\/\/www.pimealdia.org\/pimes-reserva-federal\/"},"modified":"2017-08-25T15:40:00","modified_gmt":"2017-08-25T13:40:00","slug":"pimes-reserva-federal","status":"publish","type":"post","link":"https:\/\/www.pimealdia.org\/es\/pimes-reserva-federal\/","title":{"rendered":"\u00bfAfecta a mi pyme la pol\u00edtica de la FED?"},"content":{"rendered":"<p style=\"text-align: justify;\"><a href=\"https:\/\/www.federalreserve.gov\/monetarypolicy\/fomcpresconf20161214.htm\"> La Reserva Federal (FED) ha incrementado los tipos de inter\u00e9s de referencia desde el 0,5% hasta el 0,75% <\/a>.<\/p>\n<p style=\"text-align: justify;\">Este aumento no deber\u00eda sorprender porque ya hace meses que fue anunciado y desde entonces no se ha dejado de recordar que esta medida se tomar\u00eda. De hecho, se esperaba antes por los relativamente buenos resultados econ\u00f3micos, recuperando las <a href=\"http:\/\/data.bls.gov\/timeseries\/LNS14000000\"> tasas de paro <\/a> precrisis, por ejemplo. Pero eventos como <a href=\"http:\/\/www.pimealdia.org\/el-brexit-una-oportunitat-per-les-empreses-catalanes\/\" target=\"_blank\" rel=\"noopener noreferrer\"> el Brexit <\/a> y las elecciones presidenciales hab\u00edan aplazado la implantaci\u00f3n para minimizar los efectos econ\u00f3micos en momentos de especial incertidumbre.<\/p>\n<p style=\"text-align: justify;\">Tambi\u00e9n hay que recordar que se esperan sucesivos incrementos durante el 2017, aunque existe la posibilidad de que se modere el escalado de aumentos respecto los primeros anuncios debido a las incertidumbres imperantes la econom\u00eda estadounidense e internacional.<\/p>\n<p style=\"text-align: justify;\"><img loading=\"lazy\" class=\"size-full wp-image-3430 alignleft\" src=\"http:\/\/www.pimealdia.org\/wp-content\/uploads\/2016\/12\/FED-1.jpg \" alt=\" fed \" width=\" 284 \" height=\" 177 \" \/> las elecciones presidenciales esparcieron dudas sobre esta decisi\u00f3n ya que la victoria de Trump a\u00f1ad\u00eda incertidumbres en diversos \u00e1mbitos econ\u00f3micos de los EEUU y sus relaciones internacionales. Pero finalmente, la FED ha tomado una decisi\u00f3n que se hab\u00eda ido aplazando pero que todas las previsiones situaban como inevitable.<\/p>\n<h3 style=\"text-align: justify;\">Sin cambios en la pol\u00edtica del Banco Central Europeo<\/h3>\n<p style=\"text-align: justify;\">Por el contrario, el BCE mantiene una <a href=\"http:\/\/www.bde.es\/f\/webbde\/GAP\/Secciones\/SalaPrensa\/ComunicadosBCE\/DecisionesPoliticaMonetaria\/16\/Arc\/Fic\/pr160908es.pdf\">pol\u00edtica monetaria expansiva <\/a>, con los tipos de inter\u00e9s para operaciones principales de financiaci\u00f3n en el 0,00%, un inter\u00e9s sobre los dep\u00f3sitos del -0,4% y un inter\u00e9s para financiaci\u00f3n a un d\u00eda en el 0,25%; adem\u00e1s de la compra de activos por valor de 60.000 millones mensuales (se ha reducido de los 80.000 pero alargado el periodo hasta finales de 2017). As\u00ed pues, no se espera que esta posici\u00f3n cambie en el corto plazo, a pesar de la inflaci\u00f3n esperada no se aleje del objetivo del 2%, situ\u00e1ndose todav\u00eda ligeramente por debajo, de acuerdo con la situaci\u00f3n de crecimiento econ\u00f3mico moderado .<\/p>\n<h3 style=\"text-align: justify;\">Incidencia global indirecta, tambi\u00e9n sobre Catalu\u00f1a<\/h3>\n<p style=\"text-align: justify;\">El incremento de tipos en EEUU puede tener incidencia en los mercados internacionales ya que el d\u00f3lar sigue siendo la principal referencia monetaria. Por este motivo, es posible que el aumento de tipos reduzca la inversi\u00f3n agregada y por lo tanto que esto condicione el crecimiento econ\u00f3mico, con los efectos fruto de la interrelaci\u00f3n que esto podr\u00eda causar. Dicho esto, como se ha comentado al principio, la medida del incremento de tipos ha sido ampliamente anunciada, por lo que no es de esperar que la realizaci\u00f3n de estos anuncios altere significativamente las previsiones de crecimiento, que para el 2017 son moderadamente positivas.<\/p>\n<p style=\"text-align: justify;\"><img loading=\"lazy\" class=\"size-medium wp-image-3431 alignleft\" src=\"http:\/\/www.pimealdia.org\/wp-content\/uploads\/2016\/12\/FED1-300x195.jpg \" alt=\" fed1 \" width=\" 300 \" height=\" 195 \" \/> Al mismo tiempo, sin embargo, uno de los efectos que puede tener esta medida es una atracci\u00f3n de capitales hacia los EE.UU., lo que seguir\u00eda apreciando el d\u00f3lar y por lo tanto, podr\u00eda hacer m\u00e1s atractivas las exportaciones europeas, por ejemplo. Esto beneficiar\u00eda a las empresas catalanas que exportan a EEUU u otros pa\u00edses con monedas relacionadas con el d\u00f3lar. Pero tambi\u00e9n encarecer las importaciones.<\/p>\n<p style=\"text-align: justify;\">Hay que apuntar que se espera que el Euro y el dolar alcancen la paridad durante el 2017, y que el momento depender\u00e1 entre otros factores precisamente los sucesivos incrementos en los tipos de inter\u00e9s anunciados.<\/p>\n<p style=\"text-align: justify;\">En t\u00e9rminos generales, sin embargo, un incremento de los tipos en EEUU no deber\u00eda tener un impacto excesivo sobre las pymes catalanas m\u00e1s all\u00e1 de las especialmente dependientes de EE.UU. ya que <a href=\"http:\/\/www.pimec.org\/sites\/default\/files\/documents_pagines\/informes_pimec_3_2015.comerc_internacional_observatori.pdf\">el principal mercado internacional es el Europeo <\/a> y porque como se ha comentado, no se espera que la medida sea reproducida por el BCE, por lo que los tipos de inter\u00e9s europeos no deber\u00edan verse afectados. S\u00ed que podr\u00eda tener una incidencia mayor si efectivamente se mantiene la depreciaci\u00f3n de la moneda europea respecto a la estadounidense, ya que esto incrementar\u00eda la inflaci\u00f3n para la importaci\u00f3n de productos energ\u00e9ticos, por ejemplo, que ya presentan inflaciones crecientes. Tambi\u00e9n deber\u00eda generar ganancias de competitividad de los productos europeos por la diferente tendencia de las dos divisas.<\/p>\n<h3 style=\"text-align: justify;\">En resumen<\/h3>\n<p style=\"text-align: justify;\">As\u00ed pues, la pol\u00edtica monetaria de la Reserva Federal, pero s\u00ed podr\u00eda afectar a las pymes catalanas v\u00eda el tipo de cambio. Habr\u00e1, por tanto, que las empresas m\u00e1s internacionalizadas tengan en cuenta la evoluci\u00f3n del tipo de cambio.<\/p>\n<p style=\"text-align: justify;\">Por otra parte, las pymes con unas relaciones m\u00e1s estrechas con el pa\u00eds norteamericano deber\u00e1n tener en cuenta las pol\u00edticas que finalmente ponga en marcha el nuevo gobierno de EEUU con Trump al frente y su incidencia agregada.<\/p>\n","protected":false},"excerpt":{"rendered":"<p>La Reserva Federal (FED) ha incrementado los tipos de inter\u00e9s de referencia desde el 0,5% hasta el 0,75% . Este aumento no deber\u00eda sorprender porque ya hace meses que fue anunciado y desde entonces no se ha dejado de recordar que esta medida se tomar\u00eda. De hecho, se esperaba antes por los relativamente buenos resultados econ\u00f3micos, recuperando las tasas de paro precrisis, por ejemplo. Pero eventos como el Brexit y las elecciones presidenciales hab\u00edan aplazado la implantaci\u00f3n para minimizar los efectos econ\u00f3micos en momentos de especial incertidumbre. Tambi\u00e9n hay que recordar que se esperan sucesivos incrementos durante el 2017, aunque<\/p>\n","protected":false},"author":4,"featured_media":8221,"comment_status":"open","ping_status":"closed","sticky":false,"template":"","format":"standard","meta":[],"categories":[330],"tags":[],"_links":{"self":[{"href":"https:\/\/www.pimealdia.org\/es\/wp-json\/wp\/v2\/posts\/8220"}],"collection":[{"href":"https:\/\/www.pimealdia.org\/es\/wp-json\/wp\/v2\/posts"}],"about":[{"href":"https:\/\/www.pimealdia.org\/es\/wp-json\/wp\/v2\/types\/post"}],"author":[{"embeddable":true,"href":"https:\/\/www.pimealdia.org\/es\/wp-json\/wp\/v2\/users\/4"}],"replies":[{"embeddable":true,"href":"https:\/\/www.pimealdia.org\/es\/wp-json\/wp\/v2\/comments?post=8220"}],"version-history":[{"count":0,"href":"https:\/\/www.pimealdia.org\/es\/wp-json\/wp\/v2\/posts\/8220\/revisions"}],"wp:featuredmedia":[{"embeddable":true,"href":"https:\/\/www.pimealdia.org\/es\/wp-json\/wp\/v2\/media\/8221"}],"wp:attachment":[{"href":"https:\/\/www.pimealdia.org\/es\/wp-json\/wp\/v2\/media?parent=8220"}],"wp:term":[{"taxonomy":"category","embeddable":true,"href":"https:\/\/www.pimealdia.org\/es\/wp-json\/wp\/v2\/categories?post=8220"},{"taxonomy":"post_tag","embeddable":true,"href":"https:\/\/www.pimealdia.org\/es\/wp-json\/wp\/v2\/tags?post=8220"}],"curies":[{"name":"wp","href":"https:\/\/api.w.org\/{rel}","templated":true}]}}