{"id":8265,"date":"2016-12-28T16:56:00","date_gmt":"2016-12-28T14:56:00","guid":{"rendered":"https:\/\/www.pimealdia.org\/comunicacio-amb-perspectiva-inclusiva-diguem-no-a-qualsevol-tipus-de-discriminacio\/"},"modified":"2017-08-25T17:36:42","modified_gmt":"2017-08-25T15:36:42","slug":"comunicacio-amb-perspectiva-inclusiva-diguem-no-a-qualsevol-tipus-de-discriminacio","status":"publish","type":"post","link":"https:\/\/www.pimealdia.org\/es\/comunicacio-amb-perspectiva-inclusiva-diguem-no-a-qualsevol-tipus-de-discriminacio\/","title":{"rendered":"Comunicaci\u00f3n con perspectiva inclusiva: Digamos no a cualquier tipo de discriminaci\u00f3n"},"content":{"rendered":"<p style=\"text-align: justify;\">En el marco de <a href=\"https:\/\/ca.wikipedia.org\/wiki\/Responsabilitat_social_corporativa\" target=\"_blank\" rel=\"noopener noreferrer\"> <strong> la RSE <\/strong> <\/a> hace tiempo que se habla de <a href=\"http:\/\/www.pimealdia.org\/comunicacio-perspectiva-genere-adrecem\/\" target=\"_ blank\"> <strong> comunicaci\u00f3n con perspectiva de g\u00e9nero <\/strong> <\/a>, con la voluntad de dar la misma representatividad y visibilidad a hombres y mujeres. Con esta perspectiva, sin embargo, no es suficiente para evitar cualquier tipo de discriminaci\u00f3n hacia aquellas personas que, por la raz\u00f3n que sea, son diferentes.<\/p>\n<p style=\"text-align: justify;\">Si lo que queremos es respetar todas las diferencias, tenemos que mirar m\u00e1s all\u00e1 y en un contexto mucho m\u00e1s amplio hablar de <strong> comunicaci\u00f3n con perspectiva inclusiva <\/strong>.<\/p>\n<figure id=\"attachment_3606\" aria-describedby=\"caption-attachment-3606\" style=\"width: 300px\" class=\"wp-caption alignleft\"><img loading=\"lazy\" class=\"wp-image-3606 size-medium\" src=\"http:\/\/www.pimealdia.org\/wp-content\/uploads\/2016\/12\/comunicaci\u00f3-inclusiva-300x148.jpg\" alt=\"comunicacio-inclusiva1\" width=\"300\" height=\"148\" srcset=\"https:\/\/www.pimealdia.org\/wp-content\/uploads\/2016\/12\/comunicaci\u00f3-inclusiva-300x148.jpg 300w, https:\/\/www.pimealdia.org\/wp-content\/uploads\/2016\/12\/comunicaci\u00f3-inclusiva-768x379.jpg 768w, https:\/\/www.pimealdia.org\/wp-content\/uploads\/2016\/12\/comunicaci\u00f3-inclusiva-800x395.jpg 800w, https:\/\/www.pimealdia.org\/wp-content\/uploads\/2016\/12\/comunicaci\u00f3-inclusiva-600x296.jpg 600w, https:\/\/www.pimealdia.org\/wp-content\/uploads\/2016\/12\/comunicaci\u00f3-inclusiva-400x198.jpg 400w, https:\/\/www.pimealdia.org\/wp-content\/uploads\/2016\/12\/comunicaci\u00f3-inclusiva.jpg 935w\" sizes=\"(max-width: 300px) 100vw, 300px\" \/><figcaption id=\"caption-attachment-3606\" class=\"wp-caption-text\">La nuestra es una sociedad diversa donde hay personas con discapacidad o sin, personas con diferentes edades, etnias, orientaci\u00f3n sexual, religi\u00f3n, condici\u00f3n social<\/figcaption><\/figure>\n<p style=\"text-align: justify;\">La nuestra es una sociedad diversa y no s\u00f3lo porque hay hombres y mujeres, sino tambi\u00e9n porque hay personas con discapacidad o sin, personas con diferentes edades, etnias, orientaci\u00f3n sexual , religi\u00f3n, condici\u00f3n social, &#8230; y todo esto lo tenemos que tener en cuenta como empresas que somos a la hora de comunicarnos.<\/p>\n<p style=\"text-align: justify;\">Algunas de estas diferencias las hemos visto desde siempre, otras son m\u00e1s recientes. Pero s\u00ed es cierto que no hace tanto tiempo que ha cambiado la percepci\u00f3n que tenemos de esta situaci\u00f3n. Poco a poco ha ido arraigando en nuestra sociedad la idea de que <strong> todas las personas somos iguales independientemente de lo que nos hace diferentes. <\/strong><\/p>\n<p style=\"text-align: justify;\">Y si pensamos un poco m\u00e1s nos daremos cuenta de que esta diversidad en s\u00ed misma no es un problema, sino que nos enriquece. S\u00ed que es verdad, sin embargo, que hay un problema: la valoraci\u00f3n desigual que hacemos de las diferencias.<\/p>\n<blockquote>\n<p style=\"text-align: justify;\">Con la valoraci\u00f3n desigual de las diferencias convertimos la diversidad en desigualdad, y la desigualdad en discriminaci\u00f3n.<\/p>\n<\/blockquote>\n<p style=\"text-align: justify;\">Tal como ocurre con la comunicaci\u00f3n con perspectiva de g\u00e9nero, con la comunicaci\u00f3n con perspectiva inclusiva podemos <strong> contribuir a romper con las desigualdades y con la discriminaci\u00f3n. <\/strong><\/p>\n<p style=\"text-align: justify;\">Debemos ser conscientes de que el lenguaje no discrimina a las personas sino que lo hace la forma en que lo usamos, ya que con el lenguaje expresamos lo que pensamos tanto a nivel colectivo (como sociedad) como a nivel individual (como personas). Pero tambi\u00e9n a la inversa: con el lenguaje podemos cambiar lo que pensamos y mejorar nuestra sociedad, haciendo que todas las personas se encuentren al mismo nivel al margen de sus diferencias.<\/p>\n<blockquote>\n<p style=\"text-align: justify;\">La comunicaci\u00f3n con perspectiva inclusiva rompe los estereotipos que hay respecto de la diversidad entre las personas y evita el menosprecio hacia los colectivos diferentes.<\/p>\n<\/blockquote>\n<p style=\"text-align: justify;\">Ponemos alg\u00fan ejemplo &#8230; Actualmente las personas con alguna discapacidad ya no son una minor\u00eda, sino que aqu\u00ed y en el resto de Europa son una parte importante de una poblaci\u00f3n que, adem\u00e1s de tener una discapacidad, tambi\u00e9n son hombres o mujeres, trabajadoras o no, grandes o j\u00f3venes, &#8230; As\u00ed, cuando nos referimos se recomienda hablar de una &#8220;persona con discapacidad&#8221; y no de una &#8220;persona discapacitada&#8221; (dando a entender que no tiene m\u00e1s caracter\u00edstica), o decir que &#8220;esta mujer tiene una discapacidad&#8221; y no decir &#8220;esta mujer sufre una discapacidad&#8221; (para evitar dramatizar su situaci\u00f3n).<\/p>\n<p style=\"text-align: justify;\">Lo mismo ocurre con las personas mayores. Hoy en d\u00eda ha aumentado espectacularmente la esperanza de vida, y no s\u00f3lo eso sino que tambi\u00e9n se ha alargado la vida activa de las personas y, por tanto, su participaci\u00f3n social. Este es, pues, un colectivo que debemos tener en consideraci\u00f3n en nuestros productos y servicios, y en la forma en que nos comunicamos y c\u00f3mo nos referimos como empresa en nuestros mensajes orales, escritos o publicitarios.<\/p>\n<p style=\"text-align: justify;\">Y lo mismo podr\u00edamos decir de las personas con diversidad \u00e9tnica, cultural, de orientaci\u00f3n sexual, de condici\u00f3n social, con enfermedades cr\u00f3nicas, &#8230;<\/p>\n<blockquote>\n<p style=\"text-align: justify;\">Con la comunicaci\u00f3n con perspectiva inclusiva lo que queremos es dar visibilidad y representatividad a la diversidad de colectivos que forman nuestra sociedad.<\/p>\n<\/blockquote>\n<p style=\"text-align: justify;\"><em> <a href=\"http:\/\/www.pimealdia.org\/rse-en-lus-del-catala-mes-enlla-de-la-normativa \/ \" target=\" _ blank \"> la campa\u00f1a&#8221; Emprende en catal\u00e1n: + all\u00e1 del g\u00e9nero &#8220;<\/a> es una acci\u00f3n destinada a promover el uso de la lengua catalana en Catalu\u00f1a en el \u00e1mbito laboral y empresarial promovida por la <a href=\"http:\/\/emprenencatala.pimec.org\/\" target=\"_blank\" rel=\"noopener noreferrer\"> Fundaci\u00f3n PIMEC <\/a> y con el apoyo del Departamento de Cultura de la Generalidad de Catalu\u00f1a (2016). <\/em><\/p>\n<p style=\"text-align: justify;\"><span style=\"font-family: 'Default Sans Serif', Verdana, Arial, Helvetica, sans-serif; font-size: small;\"> <span style=\"font-family: 'Default Sans serif', Verdana, Arial, Helvetica, sans-serif; font-size: small;\"> <b> Teresa Re\u00f1\u00e9, <\/b> Gestora de Contenidos y colaboradora de la Fundaci\u00f3n PIMEC <\/span> <\/span><\/p>\n","protected":false},"excerpt":{"rendered":"<p>En el marco de la RSE hace tiempo que se habla de comunicaci\u00f3n con perspectiva de g\u00e9nero , con la voluntad de dar la misma representatividad y visibilidad a hombres y mujeres. Con esta perspectiva, sin embargo, no es suficiente para evitar cualquier tipo de discriminaci\u00f3n hacia aquellas personas que, por la raz\u00f3n que sea, son diferentes. Si lo que queremos es respetar todas las diferencias, tenemos que mirar m\u00e1s all\u00e1 y en un contexto mucho m\u00e1s amplio hablar de comunicaci\u00f3n con perspectiva inclusiva . La nuestra es una sociedad diversa y no s\u00f3lo porque hay hombres y mujeres, sino<\/p>\n","protected":false},"author":30,"featured_media":8267,"comment_status":"open","ping_status":"closed","sticky":false,"template":"","format":"standard","meta":[],"categories":[338,342],"tags":[780],"_links":{"self":[{"href":"https:\/\/www.pimealdia.org\/es\/wp-json\/wp\/v2\/posts\/8265"}],"collection":[{"href":"https:\/\/www.pimealdia.org\/es\/wp-json\/wp\/v2\/posts"}],"about":[{"href":"https:\/\/www.pimealdia.org\/es\/wp-json\/wp\/v2\/types\/post"}],"author":[{"embeddable":true,"href":"https:\/\/www.pimealdia.org\/es\/wp-json\/wp\/v2\/users\/30"}],"replies":[{"embeddable":true,"href":"https:\/\/www.pimealdia.org\/es\/wp-json\/wp\/v2\/comments?post=8265"}],"version-history":[{"count":0,"href":"https:\/\/www.pimealdia.org\/es\/wp-json\/wp\/v2\/posts\/8265\/revisions"}],"wp:featuredmedia":[{"embeddable":true,"href":"https:\/\/www.pimealdia.org\/es\/wp-json\/wp\/v2\/media\/8267"}],"wp:attachment":[{"href":"https:\/\/www.pimealdia.org\/es\/wp-json\/wp\/v2\/media?parent=8265"}],"wp:term":[{"taxonomy":"category","embeddable":true,"href":"https:\/\/www.pimealdia.org\/es\/wp-json\/wp\/v2\/categories?post=8265"},{"taxonomy":"post_tag","embeddable":true,"href":"https:\/\/www.pimealdia.org\/es\/wp-json\/wp\/v2\/tags?post=8265"}],"curies":[{"name":"wp","href":"https:\/\/api.w.org\/{rel}","templated":true}]}}