{"id":8289,"date":"2017-08-26T19:19:38","date_gmt":"2017-08-26T17:19:38","guid":{"rendered":"https:\/\/www.pimealdia.org\/preparats-assumir-pujades-salarials\/"},"modified":"2017-08-26T19:32:55","modified_gmt":"2017-08-26T17:32:55","slug":"preparados-para-asumir-subidas-salariales","status":"publish","type":"post","link":"https:\/\/www.pimealdia.org\/es\/preparados-para-asumir-subidas-salariales\/","title":{"rendered":"\u00bfPreparados para asumir subidas salariales?"},"content":{"rendered":"<p>Aunque la crisis est\u00e1 formalmente superada, sus secuelas se extienden en el tiempo y a\u00fan son visibles. Diez a\u00f1os despu\u00e9s, el crecimiento mundial a\u00fan no ha podido desplegar todo su potencial y se mantienen las pol\u00edticas monetarias excepcionales. \u00bfEstamos preparados para asumir subidas salariales?<\/p>\n<h3>10 a\u00f1os del colapso de las hipotecas &#8216;subprime&#8217;<\/h3>\n<figure id=\"attachment_8278\" aria-describedby=\"caption-attachment-8278\" style=\"width: 300px\" class=\"wp-caption alignleft\"><img loading=\"lazy\" class=\"wp-image-8278 size-medium\" src=\"https:\/\/www.pimealdia.org\/wp-content\/uploads\/2017\/08\/Hipoteca-subprime-300x200.jpg\" alt=\"\" width=\"300\" height=\"200\" srcset=\"https:\/\/www.pimealdia.org\/wp-content\/uploads\/2017\/08\/Hipoteca-subprime-300x200.jpg 300w, https:\/\/www.pimealdia.org\/wp-content\/uploads\/2017\/08\/Hipoteca-subprime.jpg 800w, https:\/\/www.pimealdia.org\/wp-content\/uploads\/2017\/08\/Hipoteca-subprime-600x400.jpg 600w, https:\/\/www.pimealdia.org\/wp-content\/uploads\/2017\/08\/Hipoteca-subprime-400x267.jpg 400w\" sizes=\"(max-width: 300px) 100vw, 300px\" \/><figcaption id=\"caption-attachment-8278\" class=\"wp-caption-text\">Un cr\u00e9dito subprime es una modalidad crediticia del mercado financiero de Estados Unidos que se caracteriza por tener un nivel de riesgo de impago superior a la media del resto de cr\u00e9ditos<\/figcaption><\/figure>\n<p>Durante las vacaciones de verano hemos conmemorado un aniversario que cambi\u00f3 la evoluci\u00f3n de la actividad econ\u00f3mica mundial. A todos nos ha cogido en &#8216;fuera de juego&#8217;, y posiblemente no hemos sido conscientes del todo, pero vale la pena recordarlo para entender sus consecuencias. El 8 de agosto se cumplieron 10 a\u00f1os del colapso de las <a href=\"https:\/\/es.wikipedia.org\/wiki\/Cr%C3%A9dito_subprime\" target=\"_blank\" rel=\"noopener noreferrer\">hipotecas &#8216;subprime&#8217;<\/a>. Su estallido sec\u00f3 los mercados y hundi\u00f3 las bolsas. En 19 meses, se perdieron 8,7 millones de puestos de trabajo en EE.UU. y el <em>Dow Jones<\/em> cay\u00f3 hasta los 13.270 puntos; hoy ronda los 22.000.<\/p>\n<h3>Crecimiento sostenido y &#8230; sostenible?<\/h3>\n<p>En todo caso, muchas son las se\u00f1ales que muestran como la econom\u00eda, en t\u00e9rminos macroecon\u00f3micos, ha recuperado un camino de crecimiento sostenido (ya veremos si sostenible) a partir de 2015.<\/p>\n<p>Una de estas se\u00f1ales, quiz\u00e1s la m\u00e1s significativa, es el beneficio de las empresas. Explic\u00e1bamos en este art\u00edculo, que <strong>en el primer semestre del a\u00f1o, los beneficios de las compa\u00f1\u00edas cotizadas han aumentado m\u00e1s de un 19%.<\/strong><\/p>\n<blockquote class=\"wp-embedded-content\" data-secret=\"KBQLX9BaLt\"><p><a href=\"https:\/\/www.pimealdia.org\/es\/realitza-una-analisi-qualitativa-en-tancar-el-semestre\/\">Realiza un an\u00e1lisis cualitativo al final del semestre<\/a><\/p><\/blockquote>\n<p><iframe class=\"wp-embedded-content\" sandbox=\"allow-scripts\" security=\"restricted\" style=\"position: absolute; clip: rect(1px, 1px, 1px, 1px);\" title=\"\u00abRealiza un an\u00e1lisis cualitativo al final del semestre\u00bb \u2014 Pime al dia\" src=\"https:\/\/www.pimealdia.org\/es\/realitza-una-analisi-qualitativa-en-tancar-el-semestre\/embed\/#?secret=KBQLX9BaLt\" data-secret=\"KBQLX9BaLt\" width=\"600\" height=\"338\" frameborder=\"0\" marginwidth=\"0\" marginheight=\"0\" scrolling=\"no\"><\/iframe><\/p>\n<blockquote><p>Como este incremento est\u00e1 basado, a priori, en un crecimiento de las ventas y, por tanto, es m\u00e1s s\u00f3lido, deber\u00eda ser m\u00e1s sostenible en el tiempo en funci\u00f3n de la demanda<\/p><\/blockquote>\n<p>Se supone, tambi\u00e9n, que este aumento de los beneficios permitir\u00e1 reducir el endeudamiento y, acabe concret\u00e1ndose tal vez, en un aumento de los puestos de trabajo. Aunque esto no es evidente. No ser\u00eda la primera vez en la evoluci\u00f3n econ\u00f3mica reciente, que un aumento de los beneficios no va asociado a m\u00e1s inversi\u00f3n y mejores puestos de trabajo.<\/p>\n<h3>Normalizar los salarios<\/h3>\n<p>A este contexto de reactivaci\u00f3n econ\u00f3mica le corresponder\u00eda el final de la pol\u00edtica de ajuste de rentas. Los resultados empresariales sugieren (pero no confirman) que las compa\u00f1\u00edas pueden asumir subidas salariales (selectivas) compatibles con el mantenimiento del poder adquisitivo de sus trabajadores.<\/p>\n<figure id=\"attachment_8282\" aria-describedby=\"caption-attachment-8282\" style=\"width: 665px\" class=\"wp-caption alignleft\"><img loading=\"lazy\" class=\"wp-image-8282 size-full\" src=\"https:\/\/www.pimealdia.org\/wp-content\/uploads\/2017\/08\/Salario.jpg\" alt=\"\" width=\"665\" height=\"170\" srcset=\"https:\/\/www.pimealdia.org\/wp-content\/uploads\/2017\/08\/Salario.jpg 665w, https:\/\/www.pimealdia.org\/wp-content\/uploads\/2017\/08\/Salario-300x77.jpg 300w, https:\/\/www.pimealdia.org\/wp-content\/uploads\/2017\/08\/Salario-600x153.jpg 600w, https:\/\/www.pimealdia.org\/wp-content\/uploads\/2017\/08\/Salario-400x102.jpg 400w\" sizes=\"(max-width: 665px) 100vw, 665px\" \/><figcaption id=\"caption-attachment-8282\" class=\"wp-caption-text\">A este contexto de reactivaci\u00f3n econ\u00f3mica le corresponder\u00eda el final de la pol\u00edtica de ajuste de rentas<\/figcaption><\/figure>\n<p>Para afrontarlo, conviene recordar que todav\u00eda seguimos muy lejos de los <a href=\"https:\/\/www.pimealdia.org\/es\/pymes-de-la-expansion-a-la-crisis-y-de-la-crisis-a-la-recuperacion-economica\/\" target=\"_blank\" rel=\"noopener noreferrer\">niveles de ocupaci\u00f3n laboral precrisis<\/a>. La moderaci\u00f3n salarial, por tanto, se presenta como una necesidad. Adem\u00e1s, de cara al futuro, las subidas salariales deber\u00e1n saber diferenciar la situaci\u00f3n particular de cada empresa y sector.<\/p>\n<blockquote><p>Una de las principales causas de la p\u00e9rdida de competitividad antes de la crisis fueron las subidas generalizadas de sueldos, con escasa relaci\u00f3n con la evoluci\u00f3n de la productividad de las empresas<\/p><\/blockquote>\n<p>En cualquier caso, parece que ha llegado el momento de normalizar los salarios para, al menos, evitar el riesgo -desde mi punto de vista, lo m\u00e1s relevante- de que empiecen a aparecer burbujas de inestabilidad social y crezca el grado de precariedad.<\/p>\n<p>Un aspecto que, como sociedad, no nos podemos permitir y que acabar\u00edamos pagando muy caro.<\/p>\n","protected":false},"excerpt":{"rendered":"<p>Aunque la crisis est\u00e1 formalmente superada, sus secuelas se extienden en el tiempo y a\u00fan son visibles. Diez a\u00f1os despu\u00e9s, el crecimiento mundial a\u00fan no ha podido desplegar todo su potencial y se mantienen las pol\u00edticas monetarias excepcionales. \u00bfEstamos preparados para asumir subidas salariales? 10 a\u00f1os del colapso de las hipotecas &#8216;subprime&#8217; Durante las vacaciones de verano hemos conmemorado un aniversario que cambi\u00f3 la evoluci\u00f3n de la actividad econ\u00f3mica mundial. A todos nos ha cogido en &#8216;fuera de juego&#8217;, y posiblemente no hemos sido conscientes del todo, pero vale la pena recordarlo para entender sus consecuencias. El 8 de agosto<\/p>\n","protected":false},"author":6,"featured_media":8288,"comment_status":"open","ping_status":"closed","sticky":false,"template":"","format":"standard","meta":[],"categories":[330],"tags":[387],"_links":{"self":[{"href":"https:\/\/www.pimealdia.org\/es\/wp-json\/wp\/v2\/posts\/8289"}],"collection":[{"href":"https:\/\/www.pimealdia.org\/es\/wp-json\/wp\/v2\/posts"}],"about":[{"href":"https:\/\/www.pimealdia.org\/es\/wp-json\/wp\/v2\/types\/post"}],"author":[{"embeddable":true,"href":"https:\/\/www.pimealdia.org\/es\/wp-json\/wp\/v2\/users\/6"}],"replies":[{"embeddable":true,"href":"https:\/\/www.pimealdia.org\/es\/wp-json\/wp\/v2\/comments?post=8289"}],"version-history":[{"count":2,"href":"https:\/\/www.pimealdia.org\/es\/wp-json\/wp\/v2\/posts\/8289\/revisions"}],"predecessor-version":[{"id":8291,"href":"https:\/\/www.pimealdia.org\/es\/wp-json\/wp\/v2\/posts\/8289\/revisions\/8291"}],"wp:featuredmedia":[{"embeddable":true,"href":"https:\/\/www.pimealdia.org\/es\/wp-json\/wp\/v2\/media\/8288"}],"wp:attachment":[{"href":"https:\/\/www.pimealdia.org\/es\/wp-json\/wp\/v2\/media?parent=8289"}],"wp:term":[{"taxonomy":"category","embeddable":true,"href":"https:\/\/www.pimealdia.org\/es\/wp-json\/wp\/v2\/categories?post=8289"},{"taxonomy":"post_tag","embeddable":true,"href":"https:\/\/www.pimealdia.org\/es\/wp-json\/wp\/v2\/tags?post=8289"}],"curies":[{"name":"wp","href":"https:\/\/api.w.org\/{rel}","templated":true}]}}