{"id":8363,"date":"2016-12-31T11:56:06","date_gmt":"2016-12-31T09:56:06","guid":{"rendered":"https:\/\/www.pimealdia.org\/posa-vida-a-la-teva-comunicacio\/"},"modified":"2017-08-27T21:04:08","modified_gmt":"2017-08-27T19:04:08","slug":"posa-vida-a-la-teva-comunicacio","status":"publish","type":"post","link":"https:\/\/www.pimealdia.org\/es\/posa-vida-a-la-teva-comunicacio\/","title":{"rendered":"Pon vida en tu comunicaci\u00f3n"},"content":{"rendered":"<p style=\"text-align: justify;\">La capacidad de comunicarse puede <strong> marcar la diferencia entre el \u00e9xito o el fracaso <\/strong> en todos los aspectos de nuestra vida. Seguro que si das un vistazo a tu alrededor, te dar\u00e1s cuenta que aquellas personas que conoces y que han tenido \u00e9xito en sus esfuerzos, normalmente tienen una <strong> alta capacidad de comunicaci\u00f3n <\/strong>. Por otra parte, habr\u00e1s podido observar que aquellos que no tienen esta habilidad, les cuesta m\u00e1s alcanzar sus objetivos.<\/p>\n<blockquote>\n<p style=\"text-align: justify;\">La comunicaci\u00f3n representa el coraz\u00f3n de la vida, el latido de nuestros pensamientos, emociones e inquietudes.<\/p>\n<\/blockquote>\n<p style=\"text-align: justify;\"><img loading=\"lazy\" class=\"size-medium wp-image-3793 alignleft\" src=\"http:\/\/www.pimealdia.org\/wp-content\/uploads\/2016\/12\/comunicacio-300x157.png \" alt=\" comunicaci\u00f3n \" width=\" 300 \" height=\" 157 \" \/> Es una actividad esencial que nos permite vivir en sociedad y establecer contacto con nuestro entorno. Las personas necesitan compartir las experiencias y las preocupaciones, para sentir la complicidad con los dem\u00e1s. De hecho, aquellos y aquellas que <strong> transmiten e interpretan mejor la informaci\u00f3n <\/strong> que circula por su entorno viven m\u00e1s tiempo y mejor.<\/p>\n<h3 style=\"text-align: justify;\">El poder de la Palabra<\/h3>\n<p style=\"text-align: justify;\">De manera instintiva veneramos al artista, pintor o m\u00fasico. La sociedad en su conjunto se ve reflejada en ellos como seres no del todo ordinarios. Y no lo son. Ellos dominan el arte de la comunicaci\u00f3n en la m\u00e1xima expresi\u00f3n y son capaces de <strong> traducir las emociones que tienen en el interior <\/strong>. Sin embargo, la comprensi\u00f3n y el experto uso de la comunicaci\u00f3n no es s\u00f3lo para el artista, es para cualquier persona. Todos y todas podemos hacer uso de la palabra con el fin de exteriorizar los sentimientos que nacen en nuestro interior.<\/p>\n<p><img loading=\"lazy\" class=\"alignleft wp-image-3789 size-medium\" src=\"http:\/\/www.pimealdia.org\/wp-content\/uploads\/2016\/12\/comunicaci\u00f34-300x200.jpg\" alt=\"comunicaci\u00f3n4\" width=\"300\" height=\"200\" srcset=\"https:\/\/www.pimealdia.org\/wp-content\/uploads\/2016\/12\/comunicaci\u00f34-300x200.jpg 300w, https:\/\/www.pimealdia.org\/wp-content\/uploads\/2016\/12\/comunicaci\u00f34-600x399.jpg 600w, https:\/\/www.pimealdia.org\/wp-content\/uploads\/2016\/12\/comunicaci\u00f34-400x266.jpg 400w, https:\/\/www.pimealdia.org\/wp-content\/uploads\/2016\/12\/comunicaci\u00f34.jpg 700w\" sizes=\"(max-width: 300px) 100vw, 300px\" \/><\/p>\n<p style=\"text-align: justify;\">En este sentido, debemos ser conscientes de la importancia de una buena comunicaci\u00f3n, ya sea a <a href=\"http:\/\/www.pimealdia.org\/flueix-comunicacion-mi-empresa \/ \" target=\" _ blank \"> el \u00e1mbito laboral <\/a>, familiar o social. La adquisici\u00f3n del lenguaje constituye uno de los aspectos principales de desarrollo psicol\u00f3gico y <strong> gracias a la palabra damos vida a nuestros pensamientos y simplificamos estados o procesos mentales <\/strong>.<\/p>\n<blockquote>\n<p style=\"text-align: justify;\">Comunicar es el fundamento de toda vida social y una herramienta de relaci\u00f3n, de desarrollo y de convivencia.<\/p>\n<\/blockquote>\n<p style=\"text-align: justify;\"><img loading=\"lazy\" class=\"size-medium wp-image-3795 alignleft\" src=\"http:\/\/www.pimealdia.org\/wp-content\/uploads\/2016\/12\/comunicaci\u00f311-300x111.jpg \" alt=\" comunicacio11 \" width=\" 300 \" height=\" 111 \" \/> Por \u00faltimo, espero que aproveches esta capacidad que tienes y que conviertas en comunicaci\u00f3n todos los pensamientos e inquietudes que quedan en tu interior .<\/p>\n<p><strong> Mi, en estas \u00faltimas horas del a\u00f1o, es desearte un maravilloso y feliz a\u00f1o. <\/strong><\/p>\n","protected":false},"excerpt":{"rendered":"<p>La capacidad de comunicarse puede marcar la diferencia entre el \u00e9xito o el fracaso en todos los aspectos de nuestra vida. Seguro que si das un vistazo a tu alrededor, te dar\u00e1s cuenta que aquellas personas que conoces y que han tenido \u00e9xito en sus esfuerzos, normalmente tienen una alta capacidad de comunicaci\u00f3n . Por otra parte, habr\u00e1s podido observar que aquellos que no tienen esta habilidad, les cuesta m\u00e1s alcanzar sus objetivos. La comunicaci\u00f3n representa el coraz\u00f3n de la vida, el latido de nuestros pensamientos, emociones e inquietudes. Es una actividad esencial que nos permite vivir en sociedad y<\/p>\n","protected":false},"author":10,"featured_media":8365,"comment_status":"open","ping_status":"closed","sticky":false,"template":"","format":"standard","meta":[],"categories":[330,772],"tags":[780],"_links":{"self":[{"href":"https:\/\/www.pimealdia.org\/es\/wp-json\/wp\/v2\/posts\/8363"}],"collection":[{"href":"https:\/\/www.pimealdia.org\/es\/wp-json\/wp\/v2\/posts"}],"about":[{"href":"https:\/\/www.pimealdia.org\/es\/wp-json\/wp\/v2\/types\/post"}],"author":[{"embeddable":true,"href":"https:\/\/www.pimealdia.org\/es\/wp-json\/wp\/v2\/users\/10"}],"replies":[{"embeddable":true,"href":"https:\/\/www.pimealdia.org\/es\/wp-json\/wp\/v2\/comments?post=8363"}],"version-history":[{"count":0,"href":"https:\/\/www.pimealdia.org\/es\/wp-json\/wp\/v2\/posts\/8363\/revisions"}],"wp:featuredmedia":[{"embeddable":true,"href":"https:\/\/www.pimealdia.org\/es\/wp-json\/wp\/v2\/media\/8365"}],"wp:attachment":[{"href":"https:\/\/www.pimealdia.org\/es\/wp-json\/wp\/v2\/media?parent=8363"}],"wp:term":[{"taxonomy":"category","embeddable":true,"href":"https:\/\/www.pimealdia.org\/es\/wp-json\/wp\/v2\/categories?post=8363"},{"taxonomy":"post_tag","embeddable":true,"href":"https:\/\/www.pimealdia.org\/es\/wp-json\/wp\/v2\/tags?post=8363"}],"curies":[{"name":"wp","href":"https:\/\/api.w.org\/{rel}","templated":true}]}}