{"id":8379,"date":"2017-01-12T12:25:32","date_gmt":"2017-01-12T10:25:32","guid":{"rendered":"https:\/\/www.pimealdia.org\/lagenda-de-la-unio-europea-programa-de-treball-2017\/"},"modified":"2017-08-27T22:22:06","modified_gmt":"2017-08-27T20:22:06","slug":"lagenda-de-la-unio-europea-programa-de-treball-2017","status":"publish","type":"post","link":"https:\/\/www.pimealdia.org\/es\/lagenda-de-la-unio-europea-programa-de-treball-2017\/","title":{"rendered":"La agenda de la Uni\u00f3n Europea: Programa de Trabajo 2017"},"content":{"rendered":"<p style=\"text-align: justify;\">Todos los a\u00f1os, la <a href=\"https:\/\/ca.wikipedia.org\/wiki\/Comissi%C3%B3_Europea\" target=\"_ blank\"> Comisi\u00f3n Europea <\/a> aprueba un <a href=\" https:\/\/ec.europa.eu\/spain\/barcelona\/sites\/barcelona\/files\/commission_work_programme_2017-en-ca-tra.pdf \" target=\" _ blank \"> <strong> Programa de Trabajo <\/strong><\/a> en el que se establece la lista de actuaciones que acometer\u00e1 en los doce meses siguientes, es decir la agenda de la Uni\u00f3n Europea en materia de empleo, crecimiento, justicia y cambio democr\u00e1tico.<\/p>\n<blockquote>\n<p style=\"text-align: justify;\">El Programa de Trabajo informa sobre los compromisos pol\u00edticos en relaci\u00f3n con la presentaci\u00f3n de nuevas iniciativas, la retirada de propuestas pendientes y la revisi\u00f3n de la legislaci\u00f3n vigente de la UE<\/p>\n<\/blockquote>\n<p style=\"text-align: justify;\">El Programa de Trabajo de la Comisi\u00f3n para este a\u00f1o se centra claramente en el cumplimiento de las <strong> 10 prioridades expuestas en las Orientaciones Pol\u00edticas <\/strong>, presentadas al inicio de su mandato, con el objetivo de volver recuperar la confianza de los ciudadanos europeos centrando pol\u00edticas europeas en los principales retos que deben afrontar nuestras econom\u00edas y nuestras sociedades y fortaleciendo al mismo tiempo la legitimidad democr\u00e1tica.<\/p>\n<figure id=\"attachment_3905\" aria-describedby=\"caption-attachment-3905\" style=\"width: 665px\" class=\"wp-caption aligncenter\"><a href=\"http:\/\/europa.eu\/rapid\/press-release_IP-16-3500_es.htm\" target=\"_blank\" rel=\"noopener noreferrer\"><img loading=\"lazy\" class=\"wp-image-3905 size-full\" src=\"http:\/\/www.pimealdia.org\/wp-content\/uploads\/2017\/01\/Uni\u00f3-Europea-1.jpg\" alt=\"Uni\u00f3 Europea 1\" width=\"665\" height=\"155\" srcset=\"https:\/\/www.pimealdia.org\/wp-content\/uploads\/2017\/01\/Uni\u00f3-Europea-1.jpg 665w, https:\/\/www.pimealdia.org\/wp-content\/uploads\/2017\/01\/Uni\u00f3-Europea-1-300x70.jpg 300w, https:\/\/www.pimealdia.org\/wp-content\/uploads\/2017\/01\/Uni\u00f3-Europea-1-600x140.jpg 600w, https:\/\/www.pimealdia.org\/wp-content\/uploads\/2017\/01\/Uni\u00f3-Europea-1-400x93.jpg 400w\" sizes=\"(max-width: 665px) 100vw, 665px\" \/><\/a><figcaption id=\"caption-attachment-3905\" class=\"wp-caption-text\">el Programa de Trabajo de la Comisi\u00f3n para este a\u00f1o se centra claramente en el cumplimiento de las 10 prioridades expuestas en las Orientaciones Pol\u00edticas<\/figcaption><\/figure>\n<h3 style=\"text-align: justify;\"><strong> Las 10 prioridades de la <a href=\"https:\/\/ca.wikipedia.org\/wiki\/Comissi%C3%B3_Juncker\" target=\"_ blank\"> Comisi\u00f3n Junker <\/a>: <\/strong><\/h3>\n<ul style=\"text-align: justify;\">\n<li>\n<h4><strong> Un nuevo impulso a <a href=\"http:\/\/www.pimealdia.org\/informe-comissio-europea-ocupacio-juvenil\/\" target=\"_blank\" rel=\"noopener noreferrer\"> la empleo <\/a>, el crecimiento y la inversi\u00f3n <\/strong><\/h4>\n<\/li>\n<\/ul>\n<p style=\"text-align: justify;\">La principal prioridad de la Comisi\u00f3n Europea es lograr que Europa vuelva a crecer y crear puestos de trabajo sin generar m\u00e1s deuda<\/p>\n<ul style=\"text-align: justify;\">\n<li>\n<h4><strong> Un mercado \u00fanico digital interconectado <\/strong><\/h4>\n<\/li>\n<\/ul>\n<p style=\"text-align: justify;\">La Comisi\u00f3n Europea quiere que todo el mundo tenga un mejor acceso a los <a href=\"http:\/\/www.pimealdia.org\/comissio-europea-proposa-regular-comerc-electronic -ayudar-consumidores-empresas-sacarle provecho-mercado-\u00fanico-digital \/ \" target=\" _ blank \"> productos y servicios digitales <\/a> ya unas infraestructuras de alta velocidad fiables, y que de la econom\u00eda digital sacamos el m\u00e1ximo provecho posible.<\/p>\n<ul style=\"text-align: justify;\">\n<li>\n<h4><strong> Una uni\u00f3n energ\u00e9tica resiliente y una pol\u00edtica clim\u00e1tica de futuro <\/strong><\/h4>\n<\/li>\n<\/ul>\n<p style=\"text-align: justify;\">La Comisi\u00f3n Europea quiere garantizar a ciudadanos y empresas el acceso a una energ\u00eda segura, asequible y respetuosa con el medio ambiente. El uso inteligente de la energ\u00eda y la lucha contra el cambio clim\u00e1tico no s\u00f3lo son una inversi\u00f3n para el futuro de nuestros hijos, sino que tambi\u00e9n crean puestos de trabajo y crecimiento.<\/p>\n<ul style=\"text-align: justify;\">\n<li>\n<h4><strong> Un mercado interior m\u00e1s integrado y m\u00e1s justo, con una base industrial m\u00e1s s\u00f3lida <\/strong><\/h4>\n<\/li>\n<\/ul>\n<p style=\"text-align: justify;\">Una econom\u00eda europea integrada es la mejor manera de responder a los retos de la globalizaci\u00f3n. La UE ha de terminar el mercado interior de productos y servicios y convertirlo en una buena palanca para que la industria y las empresas europeas puedan prosperar en el marco de la econom\u00eda mundial y generar crecimiento y puestos de trabajo. Tambi\u00e9n forma parte de esta prioridad el fortalecimiento de una fiscalidad justa, eficiente, transparente y favorable al crecimiento.<\/p>\n<ul style=\"text-align: justify;\">\n<li>\n<h4><strong> Una Uni\u00f3n econ\u00f3mica y monetaria m\u00e1s integrada y m\u00e1s justa <\/strong><\/h4>\n<\/li>\n<\/ul>\n<p style=\"text-align: justify;\">Para hacer frente a la crisis econ\u00f3mica mundial, la UE y sus Estados miembros debemos mejorar la gobernanza econ\u00f3mica y terminar definitivamente la Uni\u00f3n econ\u00f3mica y monetaria (UEM)<\/p>\n<blockquote class=\"wp-embedded-content\" data-secret=\"c9qPolDm1P\"><p><a href=\"https:\/\/www.pimealdia.org\/impacte-donald-trump-pimes-catalanes\/\">Impacte Donald Trump en les pimes catalanes<\/a><\/p><\/blockquote>\n<p><iframe class=\"wp-embedded-content\" sandbox=\"allow-scripts\" security=\"restricted\" style=\"position: absolute; clip: rect(1px, 1px, 1px, 1px);\" title=\"&#8220;Impacte Donald Trump en les pimes catalanes&#8221; &#8212; Pime al dia\" src=\"https:\/\/www.pimealdia.org\/impacte-donald-trump-pimes-catalanes\/embed\/#?secret=c9qPolDm1P\" data-secret=\"c9qPolDm1P\" width=\"600\" height=\"338\" frameborder=\"0\" marginwidth=\"0\" marginheight=\"0\" scrolling=\"no\"><\/iframe><\/p>\n<ul style=\"text-align: justify;\">\n<li>\n<h4><strong> Un acuerdo de libre comercio razonable y equilibrado con los Estados Unidos <\/strong><\/h4>\n<\/li>\n<\/ul>\n<p style=\"text-align: justify;\">Actualmente, la Comisi\u00f3n Europea est\u00e1 negociando un acuerdo comercial con Estados Unidos. El objetivo es abrir en lo posible el comercio y la inversi\u00f3n entre ambos bloques comerciales. Esto supondr\u00eda m\u00e1s empleo y m\u00e1s crecimiento a ambos lados del Atl\u00e1ntico.<\/p>\n<ul style=\"text-align: justify;\">\n<li>\n<h4><strong> Un espacio de justicia y derechos fundamentales basado en la confianza mutua <\/strong><\/h4>\n<\/li>\n<\/ul>\n<p style=\"text-align: justify;\">La UE seguir\u00e1 trabajando para luchar contra el terrorismo, el tr\u00e1fico y la explotaci\u00f3n de seres humanos y la ciberdelincuencia.<\/p>\n<ul style=\"text-align: justify;\">\n<li>\n<h4><strong> Hacia una nueva pol\u00edtica migratoria <\/strong><\/h4>\n<\/li>\n<\/ul>\n<p style=\"text-align: justify;\">La UE continuar\u00e1 luchando contra el tr\u00e1fico de seres humanos y colaborar con los pa\u00edses de origen y de tr\u00e1nsito para resolver las causas profundas que obligan a la gente a huir: la pobreza, las guerras, las persecuciones, las violaciones de los derechos humanos o las cat\u00e1strofes naturales.<\/p>\n<ul style=\"text-align: justify;\">\n<li>\n<h4><strong> Un interlocutor m\u00e1s fuerte a nivel mundial <\/strong><\/h4>\n<\/li>\n<\/ul>\n<p style=\"text-align: justify;\">Para reforzar el papel de Europa como actor en la escena mundial, presentaremos un Plan de Acci\u00f3n Europeo de Defensa que incluya un Fondo Europeo de Defensa; la Comisi\u00f3n y la Alta Representante de adoptar la Estrategia de la UE para Siria y aplicar\u00e1n la Estrategia Global de la UE y la Asociaci\u00f3n \u00c1frica-UE<\/p>\n<ul>\n<li style=\"text-align: justify;\">\n<h4><strong> Una uni\u00f3n de profundizaci\u00f3n democr\u00e1tica <\/strong><\/h4>\n<\/li>\n<\/ul>\n<p style=\"text-align: justify;\">La Comisi\u00f3n trabajar\u00e1 en estrecha colaboraci\u00f3n con el Parlamento Europeo y el Consejo para garantizar que el acuerdo interinstitucional sobre \u00abLegislar mejor\u00bb se aplique plenamente, se trabajara con las dos instituciones sobre la propuesta de Registro de Transparencia obligatorio para el Parlamento Europeo, el Consejo y la comisi\u00f3n. La Comisi\u00f3n tambi\u00e9n presentar\u00e1 enmiendas al Acuerdo Marco con el Parlamento Europeo para que los miembros de la Comisi\u00f3n puedan ser candidatos a las elecciones al Parlamento Europeo.<\/p>\n","protected":false},"excerpt":{"rendered":"<p>Todos los a\u00f1os, la Comisi\u00f3n Europea aprueba un Programa de Trabajo en el que se establece la lista de actuaciones que acometer\u00e1 en los doce meses siguientes, es decir la agenda de la Uni\u00f3n Europea en materia de empleo, crecimiento, justicia y cambio democr\u00e1tico. El Programa de Trabajo informa sobre los compromisos pol\u00edticos en relaci\u00f3n con la presentaci\u00f3n de nuevas iniciativas, la retirada de propuestas pendientes y la revisi\u00f3n de la legislaci\u00f3n vigente de la UE El Programa de Trabajo de la Comisi\u00f3n para este a\u00f1o se centra claramente en el cumplimiento de las 10 prioridades expuestas en las Orientaciones<\/p>\n","protected":false},"author":21,"featured_media":8381,"comment_status":"open","ping_status":"closed","sticky":false,"template":"","format":"standard","meta":[],"categories":[330],"tags":[],"_links":{"self":[{"href":"https:\/\/www.pimealdia.org\/es\/wp-json\/wp\/v2\/posts\/8379"}],"collection":[{"href":"https:\/\/www.pimealdia.org\/es\/wp-json\/wp\/v2\/posts"}],"about":[{"href":"https:\/\/www.pimealdia.org\/es\/wp-json\/wp\/v2\/types\/post"}],"author":[{"embeddable":true,"href":"https:\/\/www.pimealdia.org\/es\/wp-json\/wp\/v2\/users\/21"}],"replies":[{"embeddable":true,"href":"https:\/\/www.pimealdia.org\/es\/wp-json\/wp\/v2\/comments?post=8379"}],"version-history":[{"count":0,"href":"https:\/\/www.pimealdia.org\/es\/wp-json\/wp\/v2\/posts\/8379\/revisions"}],"wp:featuredmedia":[{"embeddable":true,"href":"https:\/\/www.pimealdia.org\/es\/wp-json\/wp\/v2\/media\/8381"}],"wp:attachment":[{"href":"https:\/\/www.pimealdia.org\/es\/wp-json\/wp\/v2\/media?parent=8379"}],"wp:term":[{"taxonomy":"category","embeddable":true,"href":"https:\/\/www.pimealdia.org\/es\/wp-json\/wp\/v2\/categories?post=8379"},{"taxonomy":"post_tag","embeddable":true,"href":"https:\/\/www.pimealdia.org\/es\/wp-json\/wp\/v2\/tags?post=8379"}],"curies":[{"name":"wp","href":"https:\/\/api.w.org\/{rel}","templated":true}]}}