{"id":8468,"date":"2017-02-16T11:58:48","date_gmt":"2017-02-16T09:58:48","guid":{"rendered":"https:\/\/www.pimealdia.org\/sona-vostra-marca\/"},"modified":"2017-08-29T18:41:34","modified_gmt":"2017-08-29T16:41:34","slug":"sona-vostra-marca","status":"publish","type":"post","link":"https:\/\/www.pimealdia.org\/es\/sona-vostra-marca\/","title":{"rendered":"\u00bfComo suena tu marca?"},"content":{"rendered":"<p>\u00bfSe ha planteado esta pregunta? \u00bfHa pensado que una marca no s\u00f3lo entra por la vista? \u00bfHas o\u00eddo hablar del audio branding?<\/p>\n<h4>El valor de la m\u00fasica &#8211; y en general, del sonido.<\/h4>\n<p>En un mundo donde la comunicaci\u00f3n audiovisual es cada vez m\u00e1s presente, muchos tenemos en consideraci\u00f3n la parte visual, pero pocos la parte sonora.<\/p>\n<blockquote><p>No ser consciente de su valor supone desaprovechar parte de los canales de comunicaci\u00f3n a nuestro alcance y <strong> dejar escapar una gran oportunidad de conectar con nuestro p\u00fablico <\/strong>, comunicarle qui\u00e9nes somos y hacer que nuestra marca entre a formar parte de sus recuerdos y vivencias.<\/p><\/blockquote>\n<p>La m\u00fasica -y en general el sonido- tiene propiedades extraordinarias: nos sit\u00faa en un estado de \u00e1nimo, habla de nosotros y del entorno, en transporta en el tiempo y el espacio. Nos puede motivar, nos puede entristecer. Nos sumerge en otra cultura. Evoca nuestras experiencias y nos reconecta v\u00edvidamente. \u00bfQuien no revive las emociones del pasado cuando escucha &#8220;aquella canci\u00f3n, aquella m\u00fasica&#8221; que tanto signific\u00f3 para nosotros?<\/p>\n<p>El poder del sonido para impactarnos no es subjetivo: <strong> los estudios en neuromarketing y marketing sensorial han avalado la capacidad excepcional del sonido para dejar en nuestro cerebro una huella indeleble <\/strong>, gracias a su sorprendente capacidad de evocaci\u00f3n, asociaci\u00f3n, est\u00edmulo e inspiraci\u00f3n.<\/p>\n<blockquote><p>Las cualidades del sonido lo convierten, pues, en la pieza estrat\u00e9gica menos intrusiva y m\u00e1s valiosa para identificar una marcar, ofrecer una experiencia de consumo \u00fanica y vincular a usuarios de manera eficaz y memorable.<\/p><\/blockquote>\n<h4>Uso estrat\u00e9gico de los recursos sonoros<\/h4>\n<p>A los atributos del sonido se suma la oportunidad de usarlo estrat\u00e9gicamente. Actualmente, en un mundo donde la comunicaci\u00f3n audiovisual nos acompa\u00f1a siempre a trav\u00e9s de m\u00faltiples dispositivos, <strong> el sonido es el elemento m\u00e1s constante y sutil a la hora de hacernos presentes <\/strong>. En todo momento &#8220;sentimos&#8221; las marcas en la TV o en los anuncios del cine, en Internet, los m\u00f3viles, a todo tipo de actos p\u00fablicos y eventos &#8230; Y es en todos estos contactos con nuestro p\u00fablico cuando podemos hacerlos llegar un mensaje mucho m\u00e1s atractivo para \u00e9l que la simple oferta de un producto o servicio: qui\u00e9nes somos, cu\u00e1l es nuestra identidad, en que nos diferenciamos de otros y en que nos parecemos a \u00e9l.<\/p>\n<p><img loading=\"lazy\" class=\"alignright wp-image-4584 size-medium\" src=\"https:\/\/www.pimealdia.org\/wp-content\/uploads\/2017\/02\/Audiobranding-imatge-3-300x158.png\" alt=\"Audio branding\" width=\"300\" height=\"158\" srcset=\"https:\/\/www.pimealdia.org\/wp-content\/uploads\/2017\/02\/Audiobranding-imatge-3-300x158.png 300w, https:\/\/www.pimealdia.org\/wp-content\/uploads\/2017\/02\/Audiobranding-imatge-3-1024x538.png 1024w, https:\/\/www.pimealdia.org\/wp-content\/uploads\/2017\/02\/Audiobranding-imatge-3-1000x525.png 1000w, https:\/\/www.pimealdia.org\/wp-content\/uploads\/2017\/02\/Audiobranding-imatge-3-800x420.png 800w, https:\/\/www.pimealdia.org\/wp-content\/uploads\/2017\/02\/Audiobranding-imatge-3-600x315.png 600w, https:\/\/www.pimealdia.org\/wp-content\/uploads\/2017\/02\/Audiobranding-imatge-3-400x210.png 400w, https:\/\/www.pimealdia.org\/wp-content\/uploads\/2017\/02\/Audiobranding-imatge-3.png 1264w\" sizes=\"(max-width: 300px) 100vw, 300px\" \/> Pero formular nuestra identidad y relato sonoros no se consigue de una manera arbitraria. Requiere un procedimiento de an\u00e1lisis y definici\u00f3n de la marca, que se traducir\u00e1 en m\u00fasicas, voces, efectos sonoros y par\u00e1metros de tratamiento del sonido, coherentes con lo que queremos comunicar al usuario y capaces de identificar nuestra marca un\u00edvocamente mediante todos los canales de comunicaci\u00f3n auditiva posibles.<\/p>\n<blockquote><p><strong> Este proceso met\u00f3dico y experto se conoce como audio branding <\/strong>, y lejos de ser un simple complemento de la construcci\u00f3n visual de la marca, puede potenciarla incluso de manera aut\u00f3noma.<\/p><\/blockquote>\n<p>El sonido nos rodea. Es el momento de dejar de ser silenciosos, de encontrar nuestra voz y proyectarla con fuerza. Pero pensamos que el camino hacia nuestro estallido sonoro exige una estrategia y un m\u00e9todo: el audio branding.<\/p>\n<p><strong> Construimos nuestra identidad sonora, averiguamos c\u00f3mo suena nuestra marca y hacemos sentir eficazmente! <\/strong><\/p>\n<p>No te pierdas c\u00f3mo, desde PIMEC ya precios en clave pyme, <a href=\"http:\/\/www.pimec.org\/ca\/pimes-autonoms\/serveis\/marqueting\/audio-branding-pimes\" target=\"_ blank\"> te podemos acompa\u00f1ar en este camino sonoro <\/a>.<\/p>\n<p>\u00d2scar Be\u00e0, <a href=\"http:\/\/www.bcntracks.com\/\" target=\"_blank\" rel=\"noopener noreferrer\"> Bcn Tracks <\/a><\/p>\n","protected":false},"excerpt":{"rendered":"<p>\u00bfSe ha planteado esta pregunta? \u00bfHa pensado que una marca no s\u00f3lo entra por la vista? \u00bfHas o\u00eddo hablar del audio branding? El valor de la m\u00fasica &#8211; y en general, del sonido. En un mundo donde la comunicaci\u00f3n audiovisual es cada vez m\u00e1s presente, muchos tenemos en consideraci\u00f3n la parte visual, pero pocos la parte sonora. No ser consciente de su valor supone desaprovechar parte de los canales de comunicaci\u00f3n a nuestro alcance y dejar escapar una gran oportunidad de conectar con nuestro p\u00fablico , comunicarle qui\u00e9nes somos y hacer que nuestra marca entre a formar parte de sus<\/p>\n","protected":false},"author":30,"featured_media":8469,"comment_status":"open","ping_status":"closed","sticky":false,"template":"","format":"standard","meta":[],"categories":[330,332],"tags":[780],"_links":{"self":[{"href":"https:\/\/www.pimealdia.org\/es\/wp-json\/wp\/v2\/posts\/8468"}],"collection":[{"href":"https:\/\/www.pimealdia.org\/es\/wp-json\/wp\/v2\/posts"}],"about":[{"href":"https:\/\/www.pimealdia.org\/es\/wp-json\/wp\/v2\/types\/post"}],"author":[{"embeddable":true,"href":"https:\/\/www.pimealdia.org\/es\/wp-json\/wp\/v2\/users\/30"}],"replies":[{"embeddable":true,"href":"https:\/\/www.pimealdia.org\/es\/wp-json\/wp\/v2\/comments?post=8468"}],"version-history":[{"count":0,"href":"https:\/\/www.pimealdia.org\/es\/wp-json\/wp\/v2\/posts\/8468\/revisions"}],"wp:featuredmedia":[{"embeddable":true,"href":"https:\/\/www.pimealdia.org\/es\/wp-json\/wp\/v2\/media\/8469"}],"wp:attachment":[{"href":"https:\/\/www.pimealdia.org\/es\/wp-json\/wp\/v2\/media?parent=8468"}],"wp:term":[{"taxonomy":"category","embeddable":true,"href":"https:\/\/www.pimealdia.org\/es\/wp-json\/wp\/v2\/categories?post=8468"},{"taxonomy":"post_tag","embeddable":true,"href":"https:\/\/www.pimealdia.org\/es\/wp-json\/wp\/v2\/tags?post=8468"}],"curies":[{"name":"wp","href":"https:\/\/api.w.org\/{rel}","templated":true}]}}