{"id":8477,"date":"2017-02-23T19:28:00","date_gmt":"2017-02-23T17:28:00","guid":{"rendered":"https:\/\/www.pimealdia.org\/el-dret-de-separacio-dels-socis-per-manca-de-repartiment-de-dividends\/"},"modified":"2017-08-29T18:49:05","modified_gmt":"2017-08-29T16:49:05","slug":"el-dret-de-separacio-dels-socis-per-manca-de-repartiment-de-dividends","status":"publish","type":"post","link":"https:\/\/www.pimealdia.org\/es\/el-dret-de-separacio-dels-socis-per-manca-de-repartiment-de-dividends\/","title":{"rendered":"El derecho de separaci\u00f3n de los socios por falta de reparto de dividendos"},"content":{"rendered":"<p>El ejercicio del <a href=\"http:\/\/www.pimec.org\/ca\/institucio\/actualitat\/noticies\/dret-separacio-dels-socis-manca-repartiment-dividends\" target=\"_ blank\"> <strong> derecho de separaci\u00f3n de los socios <\/strong> <\/a> de una sociedad de capital por la falta de reparto de dividendos es una realidad desde el d\u00eda 1 de enero de 2017.<\/p>\n<p>Este derecho, desde que se introdujo en el art\u00edculo 438 bis de la Ley de Sociedades de Capital el 2 de octubre de 2011, mediante la reforma parcial de la citada norma por la Ley 25\/2001, de 1 de agosto, se ha visto reiteradamente suspendida su aplicaci\u00f3n hasta el 31 de diciembre del 2016.<\/p>\n<p>En este sentido hay que recordar que este derecho se puede ejercitar cuando a <strong> partir del quinto ejercicio <\/strong> a contar desde la inscripci\u00f3n en el <strong> Registro Mercantil de la sociedad <\/strong>, el socio que hubiera votado a favor de la distribuci\u00f3n de los beneficios sociales tendr\u00e1 derecho de separaci\u00f3n en el supuesto de que la junta general no acordara la distribuci\u00f3n como dividendo de, al menos, un tercio de los beneficios propios de la explotaci\u00f3n del objeto social obtenidos durante el ejercicio anterior, que sean legalmente repartibles.<\/p>\n<p><img loading=\"lazy\" class=\"aligncenter wp-image-4709 size-full\" src=\"https:\/\/www.pimealdia.org\/wp-content\/uploads\/2017\/02\/frau-de-liva-2.jpg\" width=\"665\" height=\"166\" srcset=\"https:\/\/www.pimealdia.org\/wp-content\/uploads\/2017\/02\/frau-de-liva-2.jpg 665w, https:\/\/www.pimealdia.org\/wp-content\/uploads\/2017\/02\/frau-de-liva-2-300x75.jpg 300w, https:\/\/www.pimealdia.org\/wp-content\/uploads\/2017\/02\/frau-de-liva-2-600x150.jpg 600w, https:\/\/www.pimealdia.org\/wp-content\/uploads\/2017\/02\/frau-de-liva-2-400x100.jpg 400w\" sizes=\"(max-width: 665px) 100vw, 665px\" \/><\/p>\n<p>El plazo para ejercer este derecho ser\u00e1 <strong> de un mes <\/strong> a contar desde la fecha en que se hubiera celebrado la junta general ordinaria de socios.<\/p>\n<h3>Habilitaci\u00f3n a los socios a ejercer el derecho a separarse de la sociedad<\/h3>\n<p>De modo que este art\u00edculo introduce <strong> nuevo supuesto legal que habilita a los socios a ejercer el derecho de separarse de la sociedad <\/strong>, a los ya existentes hasta ahora, y que eran: la sustituci\u00f3n o modificaci\u00f3n sustancial de la objeto social; la pr\u00f3rroga de la sociedad; la reactivaci\u00f3n de la sociedad; la creaci\u00f3n, modificaci\u00f3n o extinci\u00f3n anticipada de la obligaci\u00f3n de realizar prestaciones accesorias; y la modificaci\u00f3n del r\u00e9gimen de transmisi\u00f3n de las participaciones sociales en las sociedades de responsabilidad limitada; u otras como la transformaci\u00f3n de la sociedad o el traslado del domicilio al extranjero.<\/p>\n<p><img loading=\"lazy\" class=\"wp-image-4702 alignleft\" src=\"https:\/\/www.pimealdia.org\/wp-content\/uploads\/2016\/07\/fraude-interno.jpg\" alt=\"\" width=\"294\" height=\"206\" \/> al ser un derecho reiteradamente suspendido, ser\u00e1 durante este a\u00f1o 2017, en las correspondientes juntas generales ordinarias que se tendr\u00edan que celebrar necesariamente dentro de los 6 primeros meses del ejercicio para, en su caso, aprobar la gesti\u00f3n social, las cuentas anuales del ejercicio anterior y resolver sobre la aplicaci\u00f3n de los resultados, donde se ver\u00e1 realmente el alcance y consecuencias que puede tener la habilitaci\u00f3n del mismo, si no se produce en los siguientes meses una nueva suspensi\u00f3n.<\/p>\n<p>En un primer momento, parece que la norma puede favorecer a los socios minoritarios, pero no es menos destacable los efectos que sobre la sociedad puede convertirse en el ejercicio de este derecho al tener que valorar el precio de las participaciones \/ acciones que adquiera o el reembolso de las que amortice, teniendo que ingresar al socio, que ejerce el derecho y dentro del corto plazo de dos meses, la cantidad correspondiente a esta valoraci\u00f3n.<\/p>\n","protected":false},"excerpt":{"rendered":"<p>El ejercicio del derecho de separaci\u00f3n de los socios de una sociedad de capital por la falta de reparto de dividendos es una realidad desde el d\u00eda 1 de enero de 2017. Este derecho, desde que se introdujo en el art\u00edculo 438 bis de la Ley de Sociedades de Capital el 2 de octubre de 2011, mediante la reforma parcial de la citada norma por la Ley 25\/2001, de 1 de agosto, se ha visto reiteradamente suspendida su aplicaci\u00f3n hasta el 31 de diciembre del 2016. En este sentido hay que recordar que este derecho se puede ejercitar cuando a<\/p>\n","protected":false},"author":42,"featured_media":8479,"comment_status":"open","ping_status":"closed","sticky":false,"template":"","format":"standard","meta":[],"categories":[330],"tags":[],"_links":{"self":[{"href":"https:\/\/www.pimealdia.org\/es\/wp-json\/wp\/v2\/posts\/8477"}],"collection":[{"href":"https:\/\/www.pimealdia.org\/es\/wp-json\/wp\/v2\/posts"}],"about":[{"href":"https:\/\/www.pimealdia.org\/es\/wp-json\/wp\/v2\/types\/post"}],"author":[{"embeddable":true,"href":"https:\/\/www.pimealdia.org\/es\/wp-json\/wp\/v2\/users\/42"}],"replies":[{"embeddable":true,"href":"https:\/\/www.pimealdia.org\/es\/wp-json\/wp\/v2\/comments?post=8477"}],"version-history":[{"count":0,"href":"https:\/\/www.pimealdia.org\/es\/wp-json\/wp\/v2\/posts\/8477\/revisions"}],"wp:featuredmedia":[{"embeddable":true,"href":"https:\/\/www.pimealdia.org\/es\/wp-json\/wp\/v2\/media\/8479"}],"wp:attachment":[{"href":"https:\/\/www.pimealdia.org\/es\/wp-json\/wp\/v2\/media?parent=8477"}],"wp:term":[{"taxonomy":"category","embeddable":true,"href":"https:\/\/www.pimealdia.org\/es\/wp-json\/wp\/v2\/categories?post=8477"},{"taxonomy":"post_tag","embeddable":true,"href":"https:\/\/www.pimealdia.org\/es\/wp-json\/wp\/v2\/tags?post=8477"}],"curies":[{"name":"wp","href":"https:\/\/api.w.org\/{rel}","templated":true}]}}