{"id":8492,"date":"2017-02-26T21:07:25","date_gmt":"2017-02-26T19:07:25","guid":{"rendered":"https:\/\/www.pimealdia.org\/multa-a-daf-daimler-mercedes-iveco-volvo-renault-i-man-per-pactar-sobrepreus\/"},"modified":"2017-08-29T19:03:05","modified_gmt":"2017-08-29T17:03:05","slug":"multa-a-daf-daimler-mercedes-iveco-volvo-renault-i-man-per-pactar-sobrepreus","status":"publish","type":"post","link":"https:\/\/www.pimealdia.org\/es\/multa-a-daf-daimler-mercedes-iveco-volvo-renault-i-man-per-pactar-sobrepreus\/","title":{"rendered":"Reclamaciones a DAF, DAIMLER-MERCEDES, IVECO, VOLVO-RENAULT y MAN, para pactar sobreprecios"},"content":{"rendered":"<p>La Comisi\u00f3n Europea ha impuesto una multa a las empresas DAF, DAIMLER-MERCEDES, IVECO, VOLVO-RENAULT y MAN, para pactar sobreprecios en la adquisici\u00f3n de camiones medios y pesados, de m\u00e1s de 6 toneladas, durante 14 a\u00f1os (desde 1997 hasta el 2011).<\/p>\n<blockquote><p>En consecuencia, <strong> todos los transportistas espa\u00f1oles que hayan adquirido camiones de m\u00e1s de 6 toneladas entre los a\u00f1os 1997 a 2011, y de las citadas marcas, pueden reclamar el sobreprecio que pagaron en la compra de estos veh\u00edculos. <\/strong><\/p><\/blockquote>\n<p><img loading=\"lazy\" class=\"aligncenter wp-image-4751 size-full\" src=\"https:\/\/www.pimealdia.org\/wp-content\/uploads\/2017\/02\/sobrepreus3.jpg\" width=\"665\" height=\" 150 \" srcset=\"https:\/\/www.pimealdia.org\/wp-content\/uploads\/2017\/02\/sobrepreus3.jpg 665w, https:\/\/www.pimealdia.org\/wp-content\/uploads\/2017\/02\/sobrepreus3-300x68.jpg 300w, https:\/\/www.pimealdia.org\/wp-content\/uploads\/2017\/02\/sobrepreus3-600x135.jpg 600w, https:\/\/www.pimealdia.org\/wp-content\/uploads\/2017\/02\/sobrepreus3-400x90.jpg 400w\" sizes=\"(max-width: 665px) 100vw, 665px\" \/><\/p>\n<p>Adem\u00e1s, hay que remarcar que est\u00e1n incluidas todas las modalidades de compra (leasing, camiones nuevos o de segunda mano, etc.), y que la reclamaci\u00f3n se puede extender tambi\u00e9n a los veh\u00edculos adquiridos durante los posteriores a\u00f1os 2012 y 2013.<\/p>\n<p>En total, m\u00e1s de 150.000 transportistas espa\u00f1oles podr\u00e1n reclamar por el sobreprecio pagado en sus veh\u00edculos como consecuencia del c\u00e1rtel detectado por la Comisi\u00f3n Europea, conformado por varios fabricantes de camiones.<\/p>\n<h2>Resoluci\u00f3n definitiva a finales de marzo<\/h2>\n<p>Una vez confirmada la <a href=\"http:\/\/europa.eu\/rapid\/press-release_IP-16-2582_es.htm\" target=\"_blank\" rel=\"noopener noreferrer\"> multa de la Comisi\u00f3n Europea <\/a> , tras reconocer los fabricantes su participaci\u00f3n en el c\u00e1rtel, s\u00f3lo queda esperar a <strong> la resoluci\u00f3n definitiva que se conocer\u00e1 a finales del mes de marzo de 2017, para iniciar las reclamaciones <\/strong>.<\/p>\n<p>[Gview file = &#8220;https:\/\/www.pimealdia.org\/wp-content\/uploads\/2017\/02\/IP-16-2582_EN.pdf&#8221;]<\/p>\n<p>Estas reclamaciones, que deber\u00e1n interponer ante los Tribunales competentes, deben estar acompa\u00f1adas de las pruebas periciales cuantificando la realidad de los da\u00f1os sufridos por los compradores, lo que hace necesaria la intervenci\u00f3n de abogados o asesores especialistas para garantizar la completa restituci\u00f3n de todos los da\u00f1os y perjuicios sufridos.<\/p>\n<p>En el supuesto de que se encuentre en esta situaci\u00f3n y desea interponer una reclamaci\u00f3n, le hacemos extensiva nuestra total predisposici\u00f3n para realizar cualquier gesti\u00f3n relativa a la defensa de sus intereses.<\/p>\n<p>Puede contactar conmigo en privado a trav\u00e9s del icono <a href=\"mailto:vgonzalez@pimec.org\" target=\"_blank\" rel=\"noopener noreferrer\"> <img loading=\"lazy\" class=\"alignnone size-full wp-image-4749 \" src=\" https:\/\/www.pimealdia.org\/wp-content\/uploads\/2017\/02\/Mail.jpg \" alt=\" \" width=\" 41 \" height=\" 41 \" \/> <\/a> o dejar -nos un comentario aqu\u00ed abajo!<\/p>\n","protected":false},"excerpt":{"rendered":"<p>La Comisi\u00f3n Europea ha impuesto una multa a las empresas DAF, DAIMLER-MERCEDES, IVECO, VOLVO-RENAULT y MAN, para pactar sobreprecios en la adquisici\u00f3n de camiones medios y pesados, de m\u00e1s de 6 toneladas, durante 14 a\u00f1os (desde 1997 hasta el 2011). En consecuencia, todos los transportistas espa\u00f1oles que hayan adquirido camiones de m\u00e1s de 6 toneladas entre los a\u00f1os 1997 a 2011, y de las citadas marcas, pueden reclamar el sobreprecio que pagaron en la compra de estos veh\u00edculos. Adem\u00e1s, hay que remarcar que est\u00e1n incluidas todas las modalidades de compra (leasing, camiones nuevos o de segunda mano, etc.), y que<\/p>\n","protected":false},"author":3,"featured_media":8494,"comment_status":"open","ping_status":"closed","sticky":false,"template":"","format":"standard","meta":[],"categories":[330],"tags":[780],"_links":{"self":[{"href":"https:\/\/www.pimealdia.org\/es\/wp-json\/wp\/v2\/posts\/8492"}],"collection":[{"href":"https:\/\/www.pimealdia.org\/es\/wp-json\/wp\/v2\/posts"}],"about":[{"href":"https:\/\/www.pimealdia.org\/es\/wp-json\/wp\/v2\/types\/post"}],"author":[{"embeddable":true,"href":"https:\/\/www.pimealdia.org\/es\/wp-json\/wp\/v2\/users\/3"}],"replies":[{"embeddable":true,"href":"https:\/\/www.pimealdia.org\/es\/wp-json\/wp\/v2\/comments?post=8492"}],"version-history":[{"count":0,"href":"https:\/\/www.pimealdia.org\/es\/wp-json\/wp\/v2\/posts\/8492\/revisions"}],"wp:featuredmedia":[{"embeddable":true,"href":"https:\/\/www.pimealdia.org\/es\/wp-json\/wp\/v2\/media\/8494"}],"wp:attachment":[{"href":"https:\/\/www.pimealdia.org\/es\/wp-json\/wp\/v2\/media?parent=8492"}],"wp:term":[{"taxonomy":"category","embeddable":true,"href":"https:\/\/www.pimealdia.org\/es\/wp-json\/wp\/v2\/categories?post=8492"},{"taxonomy":"post_tag","embeddable":true,"href":"https:\/\/www.pimealdia.org\/es\/wp-json\/wp\/v2\/tags?post=8492"}],"curies":[{"name":"wp","href":"https:\/\/api.w.org\/{rel}","templated":true}]}}