{"id":8497,"date":"2017-02-28T18:07:17","date_gmt":"2017-02-28T16:07:17","guid":{"rendered":"https:\/\/www.pimealdia.org\/el-mobile-world-congress-una-oportunitat-dinternacionalitzacio-per-les-pimes-tecnologiques\/"},"modified":"2017-08-30T15:20:44","modified_gmt":"2017-08-30T13:20:44","slug":"el-mobile-world-congress-una-oportunitat-dinternacionalitzacio-per-les-pimes-tecnologiques","status":"publish","type":"post","link":"https:\/\/www.pimealdia.org\/es\/el-mobile-world-congress-una-oportunitat-dinternacionalitzacio-per-les-pimes-tecnologiques\/","title":{"rendered":"El Mobile World Congress, una oportunidad de internacionalizaci\u00f3n para las PYMES tecnol\u00f3gicas"},"content":{"rendered":"<p>Un a\u00f1o m\u00e1s, Barcelona acoge la duod\u00e9cima edici\u00f3n del <strong> Mobile World Congress (MWC) en la Feria de Gran V\u00eda. <\/strong> Del 27 de febrero hasta el 3 de marzo tiene lugar la exposici\u00f3n m\u00e1s relevante para la industria de la telefon\u00eda m\u00f3vil, un congreso donde se muestran las <strong> \u00faltimas tendencias tecnol\u00f3gicas <\/strong> en m\u00f3viles, tabletas, wearables o el 5G.<\/p>\n<h3>Una gran oportunidad de internacionalizaci\u00f3n<\/h3>\n<p>Las multinacionales como Samsung, Huawei, Nokia, LG, Blackberry y Lenovo exponen sus principales novedades en telefon\u00eda m\u00f3vil al p\u00fablico durante esta semana. Sin embargo, la <strong> MWC tambi\u00e9n representa <strong> una gran oportunidad de internacionalizaci\u00f3n para pymes, <i> startups y emprendedores de los sectores tecnol\u00f3gicos, ingenier\u00eda e inversiones de las \u00e1reas de sistemas de aplicaciones m\u00f3viles. <\/i><\/strong><\/strong><\/p>\n<figure id=\"attachment_4786\" aria-describedby=\"caption-attachment-4786\" style=\"width: 300px\" class=\"wp-caption alignleft\"><img loading=\"lazy\" class=\"wp-image-4786 size-medium\" src=\"https:\/\/www.pimealdia.org\/wp-content\/uploads\/2017\/02\/Mobile-World-Congress-2-1-300x194.jpg\" width=\"300\" height=\"194\" srcset=\"https:\/\/www.pimealdia.org\/wp-content\/uploads\/2017\/02\/Mobile-World-Congress-2-1-300x194.jpg 300w, https:\/\/www.pimealdia.org\/wp-content\/uploads\/2017\/02\/Mobile-World-Congress-2-1-400x259.jpg 400w, https:\/\/www.pimealdia.org\/wp-content\/uploads\/2017\/02\/Mobile-World-Congress-2-1.jpg 599w\" sizes=\"(max-width: 300px) 100vw, 300px\" \/><figcaption id=\"caption-attachment-4786\" class=\"wp-caption-text\">La edici\u00f3n anterior super\u00f3 los 100.000 visitantes<\/figcaption><\/figure>\n<p>Esta cumbre internacional sirve de plataforma para dar a conocer nuevos productos, hacer networking con ejecutivos del 4G y conectar con los expertos globales del movimiento del m\u00f3vil. La edici\u00f3n anterior super\u00f3 los 100.000 visitantes, es por este motivo que es de esencial importancia que las pymes catalanas del sector puedan participar para ganar posicionamiento internacional.<\/p>\n<blockquote><p>En la primera edici\u00f3n de 2006 s\u00f3lo 16 empresas catalanas participaron, mientras que este a\u00f1o ya hay 105<\/p><\/blockquote>\n<h3><strong> 4YFN para emprendedores <\/strong><\/h3>\n<p>Aleix Valls, director general de la Mobile World Capital, comenta en diversos medios que el MWC ya no es s\u00f3lo un congreso para grandes empresas, sino que viene acompa\u00f1ado del exitoso <strong> 4YFN para emprendedores <\/strong>, en que se esperan 20.000 visitantes este 2017, lo que supondr\u00e1 un incremento del 60% respecto la \u00faltima edici\u00f3n.<\/p>\n<blockquote><p>El 4 Years From Now (4YFN) es la plataforma que permite a las <em> startups <\/em> y pymes establecer relaciones comerciales con inversores y corporaciones<\/p><\/blockquote>\n<p>De alguna manera, mientras que el MWC atrae a los referentes del sector, grandes corporaciones y altos directivos, el 4YFN pretende convertirse en el nuevo hub para la innovaci\u00f3n tecnol\u00f3gica, el lugar donde las <em> startups <\/em> presentan nuevos proyectos internacionales y innovaciones.<\/p>\n<p><img loading=\"lazy\" class=\"size-medium wp-image-4780 alignleft\" src=\"https:\/\/www.pimealdia.org\/wp-content\/uploads\/2017\/02\/Mobile-World-Congress-1-1-300x169.jpg \" alt=\" \" width=\" 300 \" height=\" 169 \" \/> Es cierto que participar en el MWC o al 4YFN requiere de una <strong> inversi\u00f3n inicial, <\/strong> pero se percibir\u00e1 como una <a href=\"https:\/\/www.pimealdia.org\/es\/base-de-dades-internacionals\/\" target=\"_blank\" rel=\"noopener noreferrer\"> <strong> acci\u00f3n estrat\u00e9gica de posicionamiento internacional <\/strong> <\/a> y el retorno de esta actuaci\u00f3n vendr\u00e1 a medio\/largo plazo si se prepara a conciencia y se hace una <strong> buena gesti\u00f3n <a href=\"https:\/\/www.pimealdia.org\/es\/claus-prepararse exit-feria-internacional\/ \" target=\" _ blank \"> pre-feria, in-feria y post-feria <\/a> <\/strong>.<\/p>\n<p>Es por este motivo que desde el departamento internacional animamos a las empresas del sector a participar activamente en este estos tipos de eventos de reconocimiento mundial ya que puede representar <a href=\"https:\/\/www.pimealdia.org\/es\/passos-Preparar de ello internacionalizacion\/ \" target=\" _ blank \"> una gran oportunidad para internacionalizarse <\/a>.<\/p>\n","protected":false},"excerpt":{"rendered":"<p>Un a\u00f1o m\u00e1s, Barcelona acoge la duod\u00e9cima edici\u00f3n del Mobile World Congress (MWC) en la Feria de Gran V\u00eda. Del 27 de febrero hasta el 3 de marzo tiene lugar la exposici\u00f3n m\u00e1s relevante para la industria de la telefon\u00eda m\u00f3vil, un congreso donde se muestran las \u00faltimas tendencias tecnol\u00f3gicas en m\u00f3viles, tabletas, wearables o el 5G. Una gran oportunidad de internacionalizaci\u00f3n Las multinacionales como Samsung, Huawei, Nokia, LG, Blackberry y Lenovo exponen sus principales novedades en telefon\u00eda m\u00f3vil al p\u00fablico durante esta semana. Sin embargo, la MWC tambi\u00e9n representa una gran oportunidad de internacionalizaci\u00f3n para pymes, startups y emprendedores<\/p>\n","protected":false},"author":12,"featured_media":8498,"comment_status":"open","ping_status":"closed","sticky":false,"template":"","format":"standard","meta":[],"categories":[330,332],"tags":[],"_links":{"self":[{"href":"https:\/\/www.pimealdia.org\/es\/wp-json\/wp\/v2\/posts\/8497"}],"collection":[{"href":"https:\/\/www.pimealdia.org\/es\/wp-json\/wp\/v2\/posts"}],"about":[{"href":"https:\/\/www.pimealdia.org\/es\/wp-json\/wp\/v2\/types\/post"}],"author":[{"embeddable":true,"href":"https:\/\/www.pimealdia.org\/es\/wp-json\/wp\/v2\/users\/12"}],"replies":[{"embeddable":true,"href":"https:\/\/www.pimealdia.org\/es\/wp-json\/wp\/v2\/comments?post=8497"}],"version-history":[{"count":0,"href":"https:\/\/www.pimealdia.org\/es\/wp-json\/wp\/v2\/posts\/8497\/revisions"}],"wp:featuredmedia":[{"embeddable":true,"href":"https:\/\/www.pimealdia.org\/es\/wp-json\/wp\/v2\/media\/8498"}],"wp:attachment":[{"href":"https:\/\/www.pimealdia.org\/es\/wp-json\/wp\/v2\/media?parent=8497"}],"wp:term":[{"taxonomy":"category","embeddable":true,"href":"https:\/\/www.pimealdia.org\/es\/wp-json\/wp\/v2\/categories?post=8497"},{"taxonomy":"post_tag","embeddable":true,"href":"https:\/\/www.pimealdia.org\/es\/wp-json\/wp\/v2\/tags?post=8497"}],"curies":[{"name":"wp","href":"https:\/\/api.w.org\/{rel}","templated":true}]}}