{"id":8540,"date":"2017-03-08T12:12:54","date_gmt":"2017-03-08T10:12:54","guid":{"rendered":"https:\/\/www.pimealdia.org\/dones-periodisme-triomf-sobre-temps\/"},"modified":"2017-08-30T16:11:12","modified_gmt":"2017-08-30T14:11:12","slug":"dones-periodisme-triomf-sobre-temps","status":"publish","type":"post","link":"https:\/\/www.pimealdia.org\/es\/dones-periodisme-triomf-sobre-temps\/","title":{"rendered":"Las mujeres en el periodismo: un triunfo sobre el tiempo"},"content":{"rendered":"<p>Hoy es el d\u00eda internacional de la Mujer, un d\u00eda para celebrar y reconocer las contribuciones que las mujeres han hecho en el mundo.<\/p>\n<p><img loading=\"lazy\" class=\"size-thumbnail wp-image-5031 alignleft\" src=\"https:\/\/www.pimealdia.org\/wp-content\/uploads\/2017\/03\/carmen_burgos-150x150.jpg\" alt=\"\" width=\"150\" height=\"150\" srcset=\"https:\/\/www.pimealdia.org\/wp-content\/uploads\/2017\/03\/carmen_burgos-150x150.jpg 150w, https:\/\/www.pimealdia.org\/wp-content\/uploads\/2017\/03\/carmen_burgos-100x100.jpg 100w\" sizes=\"(max-width: 150px) 100vw, 150px\" \/> A medida que la sociedad evoluciona tambi\u00e9n lo hace el periodismo y los que lo componen. Fue principios del siglo XX con <a href=\"https:\/\/ca.wikipedia.org\/wiki\/Carmen_de_Burgos\" target=\"_blank\" rel=\"noopener noreferrer\"> Carmen Burgos <\/a> al frente cuando la mujer se abri\u00f3 camino en el mundo de la comunicaci\u00f3n y el periodismo, y de eso ya hace m\u00e1s de un siglo.<\/p>\n<p>Actualmente nos alejamos de un modelo donde la mujer periodista no tiene la representaci\u00f3n que le corresponde. <strong> En los \u00faltimos cinco a\u00f1os la presencia del g\u00e9nero femenino en los medios de comunicaci\u00f3n ha hecho un cambio &#8220;significativo&#8221;: en prensa ha pasado de un 34% a un 44%, en la radio de un 32% a un 59% y en la televisi\u00f3n de un 58% a un 64%. <\/strong><\/p>\n<p><img loading=\"lazy\" class=\"size-thumbnail wp-image-5032 alignright\" src=\"https:\/\/www.pimealdia.org\/wp-content\/uploads\/2017\/03\/Reuters-150x150.jpg\" alt=\"\" width=\"150\" height=\"150\" srcset=\"https:\/\/www.pimealdia.org\/wp-content\/uploads\/2017\/03\/Reuters-150x150.jpg 150w, https:\/\/www.pimealdia.org\/wp-content\/uploads\/2017\/03\/Reuters-100x100.jpg 100w\" sizes=\"(max-width: 150px) 100vw, 150px\" \/> El panorama general muestra un ferviente cambio. Informes recientes como el del Instituto Reuters para <a href=\"http:\/\/reutersinstitute.politics.ox.ac.uk\/sites\/default\/files\/Digital-News-Report-2016.pdf\" target=\"_ blank \"> el estudio de Periodismo de la Universidad de Oxford en Gran Breta\u00f1a <\/a>,<br \/>\ntambi\u00e9n se\u00f1alan que m\u00e1s mujeres est\u00e1n estudiando periodismo en comparaci\u00f3n con los hombres en varios pa\u00edses, como los Estados Unidos. <strong> Sin embargo, todav\u00eda hay dificultades cuando se trata de la representaci\u00f3n de la mujer en la industria y sobre todo en posiciones directivas. <\/strong><\/p>\n<p><a href=\"http:\/\/www.apmadrid.es\/wp-content\/uploads\/2016\/11\/INFORME-PROFESION-APM-2015_baja_7M.pdf\" target=\"_blank\" rel=\"noopener noreferrer\"> <img loading=\"lazy\" class=\"size-thumbnail wp-image-5034 alignleft\" src=\"https:\/\/www.pimealdia.org\/wp-content\/uploads\/2017\/03\/APM-150x150.jpg\" alt=\"\" width=\"150\" height=\"150\" srcset=\"https:\/\/www.pimealdia.org\/wp-content\/uploads\/2017\/03\/APM-150x150.jpg 150w, https:\/\/www.pimealdia.org\/wp-content\/uploads\/2017\/03\/APM-100x100.jpg 100w, https:\/\/www.pimealdia.org\/wp-content\/uploads\/2017\/03\/APM-50x50.jpg 50w\" sizes=\"(max-width: 150px) 100vw, 150px\" \/> <\/a> <a href=\"http:\/\/www.apmadrid.es\/wp-content\/uploads\/2016\/11\/INFORME-PROFESION-APM-2015_baja_7M.pdf\" target=\"_ blank \"> el estudio anual de la profesi\u00f3n period\u00edstica de 2015 <\/a>, redactado por la Asociaci\u00f3n de la Prensa en Madrid, pone de relieve datos alarmantes en cuanto al n\u00famero de mujeres periodistas directivas. Por ejemplo <strong> en medios impresos la tasa s\u00f3lo es de un 10,9% mientras que la de hombres es de un 89,9% de y en medios audiovisuales las mujeres directivas se sit\u00faan en el 7,8% mientras que el resto son todo hombres. <\/strong><\/p>\n<blockquote><p>La mujer sigue luchando por temas como la <a href=\"https:\/\/www.pimealdia.org\/es\/desigualtat-salarial-homes-dones\/\" target=\"_blank\" rel=\"noopener noreferrer\"> igualdad salarial <\/a>, la conciliaci\u00f3n maternal y laboral y el derecho de llevar a cabo trabajos considerados tradicionalmente de hombres como ser enviadas a zonas en conflicto<\/p><\/blockquote>\n<p>Parecen temas del pasado pero de una actualidad abrumadora como diferentes estudios e informes demuestran. S\u00f3lo una tercera parte de las historias son escritas por mujeres tal y como revela Julie Burton presidenta del <a href=\"http:\/\/www.womensmediacenter.com\/staff\/profile\/julie-burton\" target=\"_ blank\"> Centro de Investigaci\u00f3n de la Mujeres en los medios <\/a>, que considera que la desigualdad actualmente define los medios.<\/p>\n<p>Si bien el tema de la equidad de g\u00e9nero no se resolver\u00e1 de un d\u00eda para otro, es importante que todo el mundo sea consciente de que se reconozca el papel de la mujer en esta industria. No queremos caer en conceptos como la &#8220;feminizaci\u00f3n&#8221; de los medios ya que ello implicar\u00eda una discriminaci\u00f3n inversa impl\u00edcita si no en un sector representado y bien nutrido por ambos sexos, pues es la mejor formula para unos medios representativos de una sociedad donde m\u00e1s de la mitad que la conforman son mujeres.<\/p>\n<p><img loading=\"lazy\" class=\"aligncenter wp-image-5035 size-full\" src=\"https:\/\/www.pimealdia.org\/wp-content\/uploads\/2017\/03\/dones-en-el-periodisme.jpg\" width=\"665\" height=\"150\" srcset=\"https:\/\/www.pimealdia.org\/wp-content\/uploads\/2017\/03\/dones-en-el-periodisme.jpg 665w, https:\/\/www.pimealdia.org\/wp-content\/uploads\/2017\/03\/dones-en-el-periodisme-300x68.jpg 300w, https:\/\/www.pimealdia.org\/wp-content\/uploads\/2017\/03\/dones-en-el-periodisme-600x135.jpg 600w, https:\/\/www.pimealdia.org\/wp-content\/uploads\/2017\/03\/dones-en-el-periodisme-400x90.jpg 400w\" sizes=\"(max-width: 665px) 100vw, 665px\" \/><\/p>\n<p>Alg\u00fan d\u00eda la idea de discutir sobre el n\u00famero de mujeres en el mundo del periodismo ser\u00e1 completamente innecesario, pero por ahora todav\u00eda no hemos llegado a este punto.<\/p>\n","protected":false},"excerpt":{"rendered":"<p>Hoy es el d\u00eda internacional de la Mujer, un d\u00eda para celebrar y reconocer las contribuciones que las mujeres han hecho en el mundo. A medida que la sociedad evoluciona tambi\u00e9n lo hace el periodismo y los que lo componen. Fue principios del siglo XX con Carmen Burgos al frente cuando la mujer se abri\u00f3 camino en el mundo de la comunicaci\u00f3n y el periodismo, y de eso ya hace m\u00e1s de un siglo. Actualmente nos alejamos de un modelo donde la mujer periodista no tiene la representaci\u00f3n que le corresponde. En los \u00faltimos cinco a\u00f1os la presencia del g\u00e9nero<\/p>\n","protected":false},"author":10,"featured_media":8542,"comment_status":"open","ping_status":"closed","sticky":false,"template":"","format":"standard","meta":[],"categories":[338,342],"tags":[],"_links":{"self":[{"href":"https:\/\/www.pimealdia.org\/es\/wp-json\/wp\/v2\/posts\/8540"}],"collection":[{"href":"https:\/\/www.pimealdia.org\/es\/wp-json\/wp\/v2\/posts"}],"about":[{"href":"https:\/\/www.pimealdia.org\/es\/wp-json\/wp\/v2\/types\/post"}],"author":[{"embeddable":true,"href":"https:\/\/www.pimealdia.org\/es\/wp-json\/wp\/v2\/users\/10"}],"replies":[{"embeddable":true,"href":"https:\/\/www.pimealdia.org\/es\/wp-json\/wp\/v2\/comments?post=8540"}],"version-history":[{"count":0,"href":"https:\/\/www.pimealdia.org\/es\/wp-json\/wp\/v2\/posts\/8540\/revisions"}],"wp:featuredmedia":[{"embeddable":true,"href":"https:\/\/www.pimealdia.org\/es\/wp-json\/wp\/v2\/media\/8542"}],"wp:attachment":[{"href":"https:\/\/www.pimealdia.org\/es\/wp-json\/wp\/v2\/media?parent=8540"}],"wp:term":[{"taxonomy":"category","embeddable":true,"href":"https:\/\/www.pimealdia.org\/es\/wp-json\/wp\/v2\/categories?post=8540"},{"taxonomy":"post_tag","embeddable":true,"href":"https:\/\/www.pimealdia.org\/es\/wp-json\/wp\/v2\/tags?post=8540"}],"curies":[{"name":"wp","href":"https:\/\/api.w.org\/{rel}","templated":true}]}}