{"id":8575,"date":"2017-03-20T20:29:57","date_gmt":"2017-03-20T18:29:57","guid":{"rendered":"https:\/\/www.pimealdia.org\/ofereix-la-fp-una-formacio-adequada-als-requeriments-del-mercat-de-treball\/"},"modified":"2017-08-30T16:45:14","modified_gmt":"2017-08-30T14:45:14","slug":"ofereix-la-fp-una-formacio-adequada-als-requeriments-del-mercat-de-treball","status":"publish","type":"post","link":"https:\/\/www.pimealdia.org\/es\/ofereix-la-fp-una-formacio-adequada-als-requeriments-del-mercat-de-treball\/","title":{"rendered":"\u00bfOfrece la FP una formaci\u00f3n adecuada a los requerimientos del mercado de trabajo?"},"content":{"rendered":"<p>El observatorio de la PIMEC, present\u00f3 en mayo de 2016 un informe que expone evidencias del desajuste entre la cualificaci\u00f3n de la poblaci\u00f3n y las competencias necesarias por parte de la empresa (<em> <a href=\"https:\/\/www.pimec.org\/sites\/default\/files\/documents_pagines\/informes_5_2016_fornacio_i_ocupacio.pdf \" target=\" _ blank \"> Estudio Formaci\u00f3n y empleo en Catalu\u00f1a y comparativa con algunos pa\u00edses europeos <\/a> <\/em>) . Ofrece la FP una formaci\u00f3n adecuada a los requerimientos del mercado de trabajo?<\/p>\n<h3>Estudios ponen de manifiesto que modelo de aprendizaje en el centro de trabajo es clave<\/h3>\n<p>Este informe se ha complementado con la publicaci\u00f3n de dos estudios en febrero de 2017, tambi\u00e9n por parte de este observatorio, que <strong> ponen de manifiesto el <i> gap estructural en la relaci\u00f3n entre las empresas y el sistema de formaci\u00f3n profesional. <\/i><\/strong><\/p>\n<p>En uno de estos estudios (<em> <a href=\"https:\/\/www.pimec.org\/sites\/default\/files\/documents_pagines\/informes_2_2017_experiencies.fp_empresa.pdf\" target=\"_ blank\"> Doce empresas industriales ante la FP inicial <\/a> <\/em>) se hace un an\u00e1lisis de casos con empresas del sector industrial que acaba constatando que <strong> nos encontramos ante un mercado de demanda de personas con formaci\u00f3n profesional <\/strong>, con d\u00e9ficit de oferta de personas con formaci\u00f3n en las especialidades necesarias, constatando de nuevo el desajuste con el que iniciaba este post.<\/p>\n<p>El otro estudio (<em> <a href=\"https:\/\/www.pimec.org\/sites\/default\/files\/documents_pagines\/informes_3_2017_experiencies.fp_centres.pdf\" target=\"_blank\" rel=\"noopener noreferrer\"> Experiencias en FP industrial inicial <\/a> <\/em>) recoge algunas buenas pr\u00e1cticas en el impulso de v\u00edas de colaboraci\u00f3n entre centros educativos y las empresas, para dar respuesta a la necesidad de <strong> ligar mejor la oferta formativa profesional y la demanda del mercado laboral <\/strong>.<\/p>\n<p>En este contexto el <a href=\"https:\/\/www.pimealdia.org\/es\/el-contracte-de-formacio-i-aprenentatge\/\" target=\"_blank\" rel=\"noopener noreferrer\"> modelo de aprendizaje <\/a> en el centro de trabajo es clave para contribuir al ajuste entre las competencias de las personas que cursan los estudios y las necesidades de las empresas.<\/p>\n<h3>Se hace imprescindible la participaci\u00f3n de las empresas en el proceso formativo<\/h3>\n<p><img loading=\"lazy\" class=\"size-medium wp-image-3318 alignleft\" src=\"https:\/\/www.pimealdia.org\/wp-content\/uploads\/2016\/12\/subvencions-a-la-contractraci\u00f3-300x225.jpg\" alt=\"\" width=\"300\" height=\"225\" srcset=\"https:\/\/www.pimealdia.org\/wp-content\/uploads\/2016\/12\/subvencions-a-la-contractraci\u00f3-300x225.jpg 300w, https:\/\/www.pimealdia.org\/wp-content\/uploads\/2016\/12\/subvencions-a-la-contractraci\u00f3-600x450.jpg 600w, https:\/\/www.pimealdia.org\/wp-content\/uploads\/2016\/12\/subvencions-a-la-contractraci\u00f3-400x300.jpg 400w, https:\/\/www.pimealdia.org\/wp-content\/uploads\/2016\/12\/subvencions-a-la-contractraci\u00f3.jpg 640w\" sizes=\"(max-width: 300px) 100vw, 300px\" \/> Para el desarrollo de algunas de estas <a href=\"https:\/\/www.pimealdia.org\/es\/noves-competencies-professionals\/\" target=\"_ blank\"> competencias profesionales <\/a> <strong> se hace imprescindible la participaci\u00f3n de las empresas en el proceso formativo <\/strong>, que adem\u00e1s de otros beneficios asociados, como la generaci\u00f3n de un mayor v\u00ednculo del estudiante con la empresa, la integraci\u00f3n en la cultura empresarial, y una clara mejora de la empleabilidad, facilitar\u00e1 la transici\u00f3n entre el mundo de la escuela y el del trabajo.<\/p>\n<p>Son numerosas las experiencias de otros pa\u00edses en la implantaci\u00f3n de modelos de alternancia como la <a href=\"https:\/\/www.pimealdia.org\/es\/fp-dual-recuperant-model-laprenent\/\" target=\"_ blank \"> Formaci\u00f3n Profesional Dual <\/a>. Estas pol\u00edticas nos pueden ayudar a entender qu\u00e9 modelo de es el m\u00e1s id\u00f3neo, sin embargo, hay que tener en cuenta las necesidades de formaci\u00f3n y cualificaci\u00f3n profesional de Catalu\u00f1a, as\u00ed como su tejido productivo, para definir qu\u00e9 organizaci\u00f3n y metodolog\u00eda ser\u00e1 la m\u00e1s efectiva y viable .<\/p>\n<p>https:\/\/www.pimealdia.org\/que-formacio-professional-dual\/<\/p>\n<p>En este sentido, hay que abordar tambi\u00e9n las variables que actualmente dificultan la implantaci\u00f3n de estos modelos a las empresas, junto con la propia dificultad de asumir los costes inherentes de la formaci\u00f3n de los aprendices, como la disponibilidad de los requisitos necesarios de la FP Dual dentro las empresas, es decir, recursos humanos y t\u00e9cnicos, sobre todo si tenemos en cuenta que el tejido productivo catal\u00e1n est\u00e1 fuertemente caracterizado por una alta presencia de microempresas y peque\u00f1as empresas, que representan m\u00e1s del 95% del total.<\/p>\n<p>https:\/\/www.pimealdia.org\/fp-dual-recuperant-model-laprenent\/<\/p>\n<p><img loading=\"lazy\" class=\"aligncenter wp-image-3421 size-full\" src=\"https:\/\/www.pimealdia.org\/wp-content\/uploads\/2016\/12\/FP-Dual-banner.jpg\" alt=\"\" width=\"665\" height=\"150\" srcset=\"https:\/\/www.pimealdia.org\/wp-content\/uploads\/2016\/12\/FP-Dual-banner.jpg 665w, https:\/\/www.pimealdia.org\/wp-content\/uploads\/2016\/12\/FP-Dual-banner-300x68.jpg 300w, https:\/\/www.pimealdia.org\/wp-content\/uploads\/2016\/12\/FP-Dual-banner-600x135.jpg 600w, https:\/\/www.pimealdia.org\/wp-content\/uploads\/2016\/12\/FP-Dual-banner-400x90.jpg 400w\" sizes=\"(max-width: 665px) 100vw, 665px\" \/><\/p>\n<p>El reto que se nos presenta gira en torno la necesidad de tender hacia un modelo que impulse, y m\u00e1s adelante consolide, la participaci\u00f3n de las empresas, y especialmente las pymes, en las pol\u00edticas de Formaci\u00f3n Profesional Dual, a fin de <strong> contribuir a la mejor adecuaci\u00f3n de la formaci\u00f3n a los requerimientos del mercado de trabajo <\/strong>, mejorando as\u00ed la empleabilidad de las personas y la implicaci\u00f3n de las empresas en la calificaci\u00f3n, mejorando as\u00ed la adaptaci\u00f3n de la formaci\u00f3n a los cambios en las empresas y, consecuentemente, en la competitividad.<\/p>\n","protected":false},"excerpt":{"rendered":"<p>El observatorio de la PIMEC, present\u00f3 en mayo de 2016 un informe que expone evidencias del desajuste entre la cualificaci\u00f3n de la poblaci\u00f3n y las competencias necesarias por parte de la empresa ( Estudio Formaci\u00f3n y empleo en Catalu\u00f1a y comparativa con algunos pa\u00edses europeos ) . Ofrece la FP una formaci\u00f3n adecuada a los requerimientos del mercado de trabajo? Estudios ponen de manifiesto que modelo de aprendizaje en el centro de trabajo es clave Este informe se ha complementado con la publicaci\u00f3n de dos estudios en febrero de 2017, tambi\u00e9n por parte de este observatorio, que ponen de manifiesto<\/p>\n","protected":false},"author":8,"featured_media":8576,"comment_status":"open","ping_status":"closed","sticky":false,"template":"","format":"standard","meta":[],"categories":[330],"tags":[780],"_links":{"self":[{"href":"https:\/\/www.pimealdia.org\/es\/wp-json\/wp\/v2\/posts\/8575"}],"collection":[{"href":"https:\/\/www.pimealdia.org\/es\/wp-json\/wp\/v2\/posts"}],"about":[{"href":"https:\/\/www.pimealdia.org\/es\/wp-json\/wp\/v2\/types\/post"}],"author":[{"embeddable":true,"href":"https:\/\/www.pimealdia.org\/es\/wp-json\/wp\/v2\/users\/8"}],"replies":[{"embeddable":true,"href":"https:\/\/www.pimealdia.org\/es\/wp-json\/wp\/v2\/comments?post=8575"}],"version-history":[{"count":0,"href":"https:\/\/www.pimealdia.org\/es\/wp-json\/wp\/v2\/posts\/8575\/revisions"}],"wp:featuredmedia":[{"embeddable":true,"href":"https:\/\/www.pimealdia.org\/es\/wp-json\/wp\/v2\/media\/8576"}],"wp:attachment":[{"href":"https:\/\/www.pimealdia.org\/es\/wp-json\/wp\/v2\/media?parent=8575"}],"wp:term":[{"taxonomy":"category","embeddable":true,"href":"https:\/\/www.pimealdia.org\/es\/wp-json\/wp\/v2\/categories?post=8575"},{"taxonomy":"post_tag","embeddable":true,"href":"https:\/\/www.pimealdia.org\/es\/wp-json\/wp\/v2\/tags?post=8575"}],"curies":[{"name":"wp","href":"https:\/\/api.w.org\/{rel}","templated":true}]}}