{"id":8609,"date":"2017-03-23T18:23:46","date_gmt":"2017-03-23T16:23:46","guid":{"rendered":"https:\/\/www.pimealdia.org\/que-es-leconomia-social\/"},"modified":"2017-08-30T17:34:08","modified_gmt":"2017-08-30T15:34:08","slug":"que-es-leconomia-social","status":"publish","type":"post","link":"https:\/\/www.pimealdia.org\/es\/que-es-leconomia-social\/","title":{"rendered":"\u00bfQu\u00e9 es la Econom\u00eda Social?"},"content":{"rendered":"<p>Podemos decir que Catalu\u00f1a es por su historia y por su actual dinamismo, cuna de la econom\u00eda social y solidaria del sur de Europa.<\/p>\n<h3>Nuevo modelo de econom\u00eda<\/h3>\n<p>Se ha de impulsar un nuevo modelo de econom\u00eda:<\/p>\n<ul>\n<li>que no caiga en crisis c\u00edclicas<\/li>\n<li>que no genere desigualdades<\/li>\n<li>que respete las personas y el medio ambiente<\/li>\n<li>que promueva el desarrollo territorial de forma equitativa<\/li>\n<\/ul>\n<p>De acuerdo con el art\u00edculo 2 de la Ley 5\/2011 de Econom\u00eda Social, podemos decir que <a href=\"https:\/\/ec.europa.eu\/growth\/sectors\/social-economy_es\" target=\"_ blank\"> la econom\u00eda social <\/a> es el <strong> conjunto de actividades econ\u00f3micas y empresariales <\/strong>, que en el \u00e1mbito privado realizan las entidades que, de conformidad con un conjunto de principios , persiguen el inter\u00e9s colectivo de sus integrantes, ya sea el inter\u00e9s general econ\u00f3mico o social, o ambos.<\/p>\n<blockquote class=\"wp-embedded-content\" data-secret=\"xtbir74Vgo\"><p><a href=\"https:\/\/www.pimealdia.org\/quins-efectes-pot-tenir-la-rse-dins-la-meva-pime\/\">Quins efectes pot tenir la RSE dins la meva PIME?<\/a><\/p><\/blockquote>\n<p><iframe class=\"wp-embedded-content\" sandbox=\"allow-scripts\" security=\"restricted\" style=\"position: absolute; clip: rect(1px, 1px, 1px, 1px);\" title=\"&#8220;Quins efectes pot tenir la RSE dins la meva PIME?&#8221; &#8212; Pime al dia\" src=\"https:\/\/www.pimealdia.org\/quins-efectes-pot-tenir-la-rse-dins-la-meva-pime\/embed\/#?secret=xtbir74Vgo\" data-secret=\"xtbir74Vgo\" width=\"600\" height=\"338\" frameborder=\"0\" marginwidth=\"0\" marginheight=\"0\" scrolling=\"no\"><\/iframe><\/p>\n<blockquote><p>La econom\u00eda social comprende todas aquellas formas de realizar actividad econ\u00f3mica que tienen como finalidad la resoluci\u00f3n de una problem\u00e1tica social o satisfacer las necesidades econ\u00f3micas de sus asociados<\/p><\/blockquote>\n<p><img loading=\"lazy\" class=\"size-medium wp-image-5139 alignleft\" src=\"https:\/\/www.pimealdia.org\/wp-content\/uploads\/2017\/03\/economia-social-2-300x166.jpg\" alt=\"\" width=\"300\" height=\"166\" srcset=\"https:\/\/www.pimealdia.org\/wp-content\/uploads\/2017\/03\/economia-social-2-300x166.jpg 300w, https:\/\/www.pimealdia.org\/wp-content\/uploads\/2017\/03\/economia-social-2.jpg 301w\" sizes=\"(max-width: 300px) 100vw, 300px\" \/> las <strong> sociedades cooperativas <\/strong>, en sus diferentes modalidades, y entre ellas, las de trabajo asociado, consumo, vivienda, agrarias, servicios, mar, cr\u00e9dito, ense\u00f1anza, sanitarias, seguros, de transporte, las sociedades laborales, las asociaciones, fundaciones y mutualidades, las empresas de inserci\u00f3n, los centros especiales de trabajo, las sociedades agrarias de transformaci\u00f3n y las cofrad\u00edas de pescadores comparten los principios orientadores de la econom\u00eda social.<\/p>\n<p>Adem\u00e1s, existe una din\u00e1mica viva de las entidades de la econom\u00eda social que hace que hayan entidades singulares que tambi\u00e9n participan los mismos principios que las anteriores.<\/p>\n<blockquote><p>La f\u00f3rmula de econom\u00eda social con m\u00e1s peso y tradici\u00f3n en Catalu\u00f1a es el cooperativismo, con cerca de 4.000 cooperativas existentes y m\u00e1s de 42.000 puestos de trabajo<\/p><\/blockquote>\n<p>Los principios de <strong> la econom\u00eda social <\/strong> de acuerdo con la actual <a href=\"https:\/\/www.boe.es\/boe\/dias\/2011\/03\/30\/pdfs\/BOE-A-2011-5708.pdf \" target=\" _ blank \"> Ley 5\/2011 de Econom\u00eda Social <\/a> son:<\/p>\n<p>\u2022 <strong> Primac\u00eda de las personas y del fin social sobre el capital <\/strong>, que se concreta en gesti\u00f3n aut\u00f3noma y transparente, democr\u00e1tica y participativa, que prioriza la toma de decisiones m\u00e1s en funci\u00f3n de las personas y sus aportaciones de trabajo y servicios prestados a la entidad o en funci\u00f3n del fin social, que en relaci\u00f3n a sus aportaciones al capital social.<br \/>\n\u2022 Aplicaci\u00f3n de los resultados obtenidos de la actividad econ\u00f3mica principalmente en funci\u00f3n del trabajo realizado y servicio o actividad realizada por los socios o por sus miembros y, en su caso, el fin social objeto de la entidad.<br \/>\n\u2022 <strong> Promoci\u00f3n de la solidaridad interna y con la sociedad <\/strong> que favorezca el compromiso con el desarrollo local, la igualdad de oportunidades entre hombres y mujeres, la cohesi\u00f3n social, la inserci\u00f3n de personas con riesgo de exclusi\u00f3n social , la generaci\u00f3n de empleo estable y calidad, la conciliaci\u00f3n de la vida personal, familiar y laboral y la sostenibilidad.<br \/>\n\u2022 Independencia respecto a los poderes p\u00fablicos.<\/p>\n<p>[Gview file = &#8220;https:\/\/www.pimealdia.org\/wp-content\/uploads\/2017\/03\/BOE-A-201-5708.pdf&#8221;]<\/p>\n<blockquote><p>La Econom\u00eda Social es otro modo de hacer empresa, conviviendo la eficiencia empresarial y la responsabilidad social<\/p><\/blockquote>\n","protected":false},"excerpt":{"rendered":"<p>Podemos decir que Catalu\u00f1a es por su historia y por su actual dinamismo, cuna de la econom\u00eda social y solidaria del sur de Europa. Nuevo modelo de econom\u00eda Se ha de impulsar un nuevo modelo de econom\u00eda: que no caiga en crisis c\u00edclicas que no genere desigualdades que respete las personas y el medio ambiente que promueva el desarrollo territorial de forma equitativa De acuerdo con el art\u00edculo 2 de la Ley 5\/2011 de Econom\u00eda Social, podemos decir que la econom\u00eda social es el conjunto de actividades econ\u00f3micas y empresariales , que en el \u00e1mbito privado realizan las entidades que,<\/p>\n","protected":false},"author":40,"featured_media":8611,"comment_status":"open","ping_status":"closed","sticky":false,"template":"","format":"standard","meta":[],"categories":[330],"tags":[780],"_links":{"self":[{"href":"https:\/\/www.pimealdia.org\/es\/wp-json\/wp\/v2\/posts\/8609"}],"collection":[{"href":"https:\/\/www.pimealdia.org\/es\/wp-json\/wp\/v2\/posts"}],"about":[{"href":"https:\/\/www.pimealdia.org\/es\/wp-json\/wp\/v2\/types\/post"}],"author":[{"embeddable":true,"href":"https:\/\/www.pimealdia.org\/es\/wp-json\/wp\/v2\/users\/40"}],"replies":[{"embeddable":true,"href":"https:\/\/www.pimealdia.org\/es\/wp-json\/wp\/v2\/comments?post=8609"}],"version-history":[{"count":0,"href":"https:\/\/www.pimealdia.org\/es\/wp-json\/wp\/v2\/posts\/8609\/revisions"}],"wp:featuredmedia":[{"embeddable":true,"href":"https:\/\/www.pimealdia.org\/es\/wp-json\/wp\/v2\/media\/8611"}],"wp:attachment":[{"href":"https:\/\/www.pimealdia.org\/es\/wp-json\/wp\/v2\/media?parent=8609"}],"wp:term":[{"taxonomy":"category","embeddable":true,"href":"https:\/\/www.pimealdia.org\/es\/wp-json\/wp\/v2\/categories?post=8609"},{"taxonomy":"post_tag","embeddable":true,"href":"https:\/\/www.pimealdia.org\/es\/wp-json\/wp\/v2\/tags?post=8609"}],"curies":[{"name":"wp","href":"https:\/\/api.w.org\/{rel}","templated":true}]}}