{"id":8614,"date":"2017-03-24T13:26:04","date_gmt":"2017-03-24T11:26:04","guid":{"rendered":"https:\/\/www.pimealdia.org\/mexic-mercat-estrategic-pimes-catalanes\/"},"modified":"2017-08-30T17:40:50","modified_gmt":"2017-08-30T15:40:50","slug":"mexic-mercat-estrategic-pimes-catalanes","status":"publish","type":"post","link":"https:\/\/www.pimealdia.org\/es\/mexic-mercat-estrategic-pimes-catalanes\/","title":{"rendered":"M\u00e9xico: mercado estrat\u00e9gico para las pymes catalanas"},"content":{"rendered":"<p><strong> M\u00e9xico <\/strong> es un pa\u00eds con s\u00f3lidos fundamentos macroecon\u00f3micos, con <strong> datos positivos de crecimiento <\/strong> <strong> estrat\u00e9gicamente situado en el continente americano <\/strong>. Con un mercado de aproximadamente 127 millones de habitantes y una demanda en constante aumento, es la decimocuarta econom\u00eda del mundo y la segunda de Iberoam\u00e9rica, se ha convertido en un verdadero mercado estrat\u00e9gico para las pymes catalanas.<\/p>\n<blockquote><p>M\u00e9xico se ha convertido en un verdadero mercado estrat\u00e9gico para las pymes catalanas<\/p><\/blockquote>\n<p>En los \u00faltimos a\u00f1os ha experimentado una gran apertura, posicion\u00e1ndose actualmente como uno de los pa\u00edses m\u00e1s abiertos del continente americano y con <strong> grandes oportunidades de inversi\u00f3n <\/strong> por delante de Brasil.<\/p>\n<p>La apertura de su econom\u00eda ha sido factible gracias a numerosos acuerdos comerciales firmados que han hecho de M\u00e9xico una <strong> importante plataforma tanto para la exportaci\u00f3n como para la importaci\u00f3n. <\/strong><\/p>\n<figure id=\"attachment_5153\" aria-describedby=\"caption-attachment-5153\" style=\"width: 280px\" class=\"wp-caption alignleft\"><img loading=\"lazy\" class=\"wp-image-5153 size-full\" src=\"https:\/\/www.pimealdia.org\/wp-content\/uploads\/2017\/03\/mercat-estrat\u00e8gic-3.jpg\" alt=\"\" width=\"280\" height=\"180\" \/><figcaption id=\"caption-attachment-5153\" class=\"wp-caption-text\">Es actualmente uno de los pa\u00edses m\u00e1s abiertos del continente americano y con grandes oportunidades de inversi\u00f3n<\/figcaption><\/figure>\n<p>As\u00ed pues, el pa\u00eds dispone de una red de 12 tratados de Libre Comercio con 46 pa\u00edses (TLCs), 32 Acuerdos para la Promoci\u00f3n y Protecci\u00f3n Rec\u00edproca de las Inversiones (APPRI) con 33 pa\u00edses y 9 acuerdos de alcance limitado en el marco de la Asociaci\u00f3n Latinoamericana de Integraci\u00f3n (ALADI) facilitando el acceso a m\u00e1s de 1.000 millones de consumidores.<\/p>\n<p style=\"text-align: left;\">Los bienes de equipo ocupan los primeros puestos en el ranking de productos exportados a ese pa\u00eds y se prev\u00e9 una demanda sostenida para que nuestra tecnolog\u00eda se adapta perfectamente a las necesidades de las empresas mexicanas.<\/p>\n<blockquote>\n<p style=\"text-align: left;\">M\u00e9xico se consolida como mercado estrat\u00e9gico para las empresas catalanas gracias a la competitividad de su econom\u00eda y la complementariedad del sector productivo de ambos pa\u00edses<\/p>\n<\/blockquote>\n<h3>Sectores claves en los que contribuyen empresas catalanas<\/h3>\n<p>As\u00ed pues, empresas de nuestro pa\u00eds contribuyen en sectores claves de la vida econ\u00f3mica mexicana como son:<\/p>\n<ul>\n<li>la automoci\u00f3n <img loading=\"lazy\" class=\"size-medium wp-image-5155 alignright\" src=\"https:\/\/www.pimealdia.org\/wp-content\/uploads\/2017\/03\/mercat-estrat\u00e8gic-4-300x214.png \" alt=\" \" width=\" 300 \" height=\" 214 \" \/><\/li>\n<li>las energ\u00edas renovables<\/li>\n<li>las telecomunicaciones<\/li>\n<li>las infraestructuras<\/li>\n<li>los servicios<\/li>\n<li>el turismo<\/li>\n<li>los transportes<\/li>\n<li>la banca<\/li>\n<li>el medio ambiente<\/li>\n<li>la biotecnolog\u00eda<\/li>\n<li>la aeron\u00e1utica<\/li>\n<\/ul>\n<p>Adem\u00e1s, en los \u00faltimos a\u00f1os se han aprobado importantes reformas para favorecer la competencia en <strong> sectores estrat\u00e9gicos como el energ\u00e9tico y las telecomunicaciones <\/strong>, abri\u00e9ndolos a la participaci\u00f3n de la empresa privada y que representa una gran oportunidad para las empresas espa\u00f1olas.<\/p>\n<p><img loading=\"lazy\" class=\"alignleft wp-image-5154 size-medium\" src=\"https:\/\/www.pimealdia.org\/wp-content\/uploads\/2017\/03\/mercat-estrat\u00e8gic-2-300x158.jpg\" alt=\"\" width=\"300\" height=\"158\" srcset=\"https:\/\/www.pimealdia.org\/wp-content\/uploads\/2017\/03\/mercat-estrat\u00e8gic-2-300x158.jpg 300w, https:\/\/www.pimealdia.org\/wp-content\/uploads\/2017\/03\/mercat-estrat\u00e8gic-2-400x210.jpg 400w, https:\/\/www.pimealdia.org\/wp-content\/uploads\/2017\/03\/mercat-estrat\u00e8gic-2.jpg 430w\" sizes=\"(max-width: 300px) 100vw, 300px\" \/><br \/>\nEl sector de las <strong> energ\u00edas renovables <\/strong>, en concreto, es uno de los sectores que est\u00e1 experimentando una mayor apertura gracias a la reforma energ\u00e9tica del gobierno. Muchas pymes espa\u00f1olas y catalanas del sector ya tienen presencia.<\/p>\n<p>Cabe destacar tambi\u00e9n el ambicioso programa de infraestructuras, ya que se han desarrollado en los \u00faltimos a\u00f1os, y se mantendr\u00e1n en el futuro cercano, importantes inversiones en este sector en las que las empresas espa\u00f1olas est\u00e1n participando activamente.<\/p>\n<p>Otros sectores menos tradicionales como <strong> el digital y el de la comunicaci\u00f3n <\/strong> est\u00e1n experimentando un fuerte crecimiento convirti\u00e9ndose en un gran atractivo para agencias de comunicaci\u00f3n, empresas de creaci\u00f3n de contenidos digitales y para <em> start-ups <\/em> de nuevas tecnolog\u00edas.<\/p>\n<h3>Elementos clave a tener en cuenta<br \/>\nUno de los elementos clave para el acercamiento de las empresas en el mercado mexicano es pensar en un proyecto a largo plazo, ya que es un mercado muy particular y complejo. Se recomienda visitarlo peri\u00f3dicamente para poder conocer de primera mano su funcionamiento y su praxis empresarial.<\/h3>\n<p>Es un pa\u00eds muy jer\u00e1rquico donde <strong> hay que trabajar mucho hasta conseguir el contrato adecuado <\/strong>. Tambi\u00e9n es muy conveniente <strong> hacer un plan de negocio a 3 a\u00f1os vista <\/strong> incluyendo una buena prospecci\u00f3n in situ, ya que es un proceso largo y tedioso, pero que si se es constante y se siguen bien todos los pasos , <strong> se consigue el \u00e9xito. <\/strong><\/p>\n<blockquote><p>Si se es constante y se siguen bien todos los pasos se consigue el \u00e9xito<\/p><\/blockquote>\n<p>Finalmente, <strong> debe conocer bien el marco regulador <\/strong> que regir\u00e1 el desarrollo de su proyecto as\u00ed como los aspectos pol\u00edticos y sociales. Actualmente se vive una cierta incertidumbre tras la elecci\u00f3n del nuevo presidente de EEUU para ver c\u00f3mo afectar\u00e1 esta nueva situaci\u00f3n en las relaciones entre los dos pa\u00edses. Esta relaci\u00f3n es estrat\u00e9gica y prioritaria para M\u00e9xico, dadas todas sus implicaciones en el orden exterior e interior (3.000 km de frontera com\u00fan, 30 millones de mexicanos residen en EE.UU., entre otros muchos factores). Sin embargo, el mercado mexicano es muy potente y no se detiene.<\/p>\n<p>En los \u00faltimos a\u00f1os, M\u00e9xico se presenta como <strong> el primer pa\u00eds dentro de los planes de internacionalizaci\u00f3n de las nuevas empresas exportadoras <\/strong>, as\u00ed lo hemos constatado entre nuestros miembros en la encuesta sobre este \u00e1mbito que enviamos al enero de este 2017.<\/p>\n<p>https:\/\/www.pimealdia.org\/passos-preparar-nos-internacionalitzacio\/<\/p>\n<blockquote><p>M\u00e9xico se presenta como el primer pa\u00eds dentro de los planes de internacionalizaci\u00f3n de las nuevas empresas exportadoras<\/p><\/blockquote>\n<p>Es por este motivo que desde PIMEC organizamos una <a href=\"https:\/\/www.pimec.org\/ca\/pimes-autonoms\/agenda\/missio-empresarial-mexic\" target=\"_ blank\"> misi\u00f3n empresarial a M\u00e9xico <\/a> el pr\u00f3ximo mes de junio. <strong> Esperamos desee acompa\u00f1ar a ellos! <\/strong><\/p>\n","protected":false},"excerpt":{"rendered":"<p>M\u00e9xico es un pa\u00eds con s\u00f3lidos fundamentos macroecon\u00f3micos, con datos positivos de crecimiento estrat\u00e9gicamente situado en el continente americano . Con un mercado de aproximadamente 127 millones de habitantes y una demanda en constante aumento, es la decimocuarta econom\u00eda del mundo y la segunda de Iberoam\u00e9rica, se ha convertido en un verdadero mercado estrat\u00e9gico para las pymes catalanas. M\u00e9xico se ha convertido en un verdadero mercado estrat\u00e9gico para las pymes catalanas En los \u00faltimos a\u00f1os ha experimentado una gran apertura, posicion\u00e1ndose actualmente como uno de los pa\u00edses m\u00e1s abiertos del continente americano y con grandes oportunidades de inversi\u00f3n por delante<\/p>\n","protected":false},"author":12,"featured_media":8615,"comment_status":"open","ping_status":"closed","sticky":false,"template":"","format":"standard","meta":[],"categories":[330],"tags":[781],"_links":{"self":[{"href":"https:\/\/www.pimealdia.org\/es\/wp-json\/wp\/v2\/posts\/8614"}],"collection":[{"href":"https:\/\/www.pimealdia.org\/es\/wp-json\/wp\/v2\/posts"}],"about":[{"href":"https:\/\/www.pimealdia.org\/es\/wp-json\/wp\/v2\/types\/post"}],"author":[{"embeddable":true,"href":"https:\/\/www.pimealdia.org\/es\/wp-json\/wp\/v2\/users\/12"}],"replies":[{"embeddable":true,"href":"https:\/\/www.pimealdia.org\/es\/wp-json\/wp\/v2\/comments?post=8614"}],"version-history":[{"count":0,"href":"https:\/\/www.pimealdia.org\/es\/wp-json\/wp\/v2\/posts\/8614\/revisions"}],"wp:featuredmedia":[{"embeddable":true,"href":"https:\/\/www.pimealdia.org\/es\/wp-json\/wp\/v2\/media\/8615"}],"wp:attachment":[{"href":"https:\/\/www.pimealdia.org\/es\/wp-json\/wp\/v2\/media?parent=8614"}],"wp:term":[{"taxonomy":"category","embeddable":true,"href":"https:\/\/www.pimealdia.org\/es\/wp-json\/wp\/v2\/categories?post=8614"},{"taxonomy":"post_tag","embeddable":true,"href":"https:\/\/www.pimealdia.org\/es\/wp-json\/wp\/v2\/tags?post=8614"}],"curies":[{"name":"wp","href":"https:\/\/api.w.org\/{rel}","templated":true}]}}