{"id":8634,"date":"2017-03-28T13:29:16","date_gmt":"2017-03-28T11:29:16","guid":{"rendered":"https:\/\/www.pimealdia.org\/contractacio-publica-sostenible\/"},"modified":"2018-02-15T16:53:03","modified_gmt":"2018-02-15T14:53:03","slug":"contractacio-publica-sostenible","status":"publish","type":"post","link":"https:\/\/www.pimealdia.org\/es\/contractacio-publica-sostenible\/","title":{"rendered":"Una Contrataci\u00f3n P\u00fablica Sostenible"},"content":{"rendered":"<p>PIMEC, conjuntamente con el Ayuntamiento de Barcelona y los sindicatos CCOO de Catalunya y UGT de Catalu\u00f1a ha firmado una <a href=\"https:\/\/www.pimec.org\/ca\/institucio\/sala-premsa\/notes-premsa\/declaracio-lajuntament-barcelona-agentes-sociales-favor \" target=\" _ blank \"> declaraci\u00f3n en favor de una contrataci\u00f3n p\u00fablica sostenible <\/a> que se puede concretar en los siguientes acuerdos:<\/p>\n<h3>Acuerdos de la declaraci\u00f3n<\/h3>\n<ul>\n<li><strong> <img loading=\"lazy\" class=\"aligncenter wp-image-5167 size-full\" src=\"https:\/\/www.pimealdia.org\/wp-content\/uploads\/2017\/03\/Contractaci\u00f3-P\u00fablica-Sostenible-1-banner.jpg \" alt=\" \" width=\" 665 \" height=\" 150 \" srcset=\"https:\/\/www.pimealdia.org\/wp-content\/uploads\/2017\/03\/Contractaci\u00f3-P\u00fablica-Sostenible-1-banner.jpg 665w, https:\/\/www.pimealdia.org\/wp-content\/uploads\/2017\/03\/Contractaci\u00f3-P\u00fablica-Sostenible-1-banner-300x68.jpg 300w, https:\/\/www.pimealdia.org\/wp-content\/uploads\/2017\/03\/Contractaci\u00f3-P\u00fablica-Sostenible-1-banner-600x135.jpg 600w, https:\/\/www.pimealdia.org\/wp-content\/uploads\/2017\/03\/Contractaci\u00f3-P\u00fablica-Sostenible-1-banner-400x90.jpg 400w\" sizes=\"(max-width: 665px) 100vw, 665px\" \/> Reconocer y reafirmar la importancia de una contrataci\u00f3n p\u00fablica sostenible <\/strong> que incorpore aspectos sociales y ambientales en la toma de decisiones, con el objetivo de contribuir a la transformaci\u00f3n socioecon\u00f3mica y la dinamizaci\u00f3n del tejido productivo local, de las peque\u00f1as y medianas empresas y de todas aquellas organizaciones que generen impactos econ\u00f3micos, sociales y ambientales positivos.<\/li>\n<\/ul>\n<ul>\n<li><strong> Manifestar la preocupaci\u00f3n con el texto del Proyecto de Ley de Contratos del Sector P\u00fablico <\/strong> presentado por el gobierno del PP para que no garantiza una contrataci\u00f3n p\u00fablica responsable, eficiente, \u00edntegra, transparente y sostenible.<\/li>\n<\/ul>\n<ul>\n<li><strong> Reclamar <\/strong> <strong> que la Ley de Contratos del Sector P\u00fablico incorpore <\/strong> los siguientes objetivos concretos:<\/li>\n<\/ul>\n<p><img loading=\"lazy\" class=\"aligncenter wp-image-5173 size-full\" src=\"https:\/\/www.pimealdia.org\/wp-content\/uploads\/2017\/03\/Contractaci\u00f3-P\u00fablica-Sostenible-3.jpg\" alt=\"\" width=\"665\" height=\"100\" srcset=\"https:\/\/www.pimealdia.org\/wp-content\/uploads\/2017\/03\/Contractaci\u00f3-P\u00fablica-Sostenible-3.jpg 665w, https:\/\/www.pimealdia.org\/wp-content\/uploads\/2017\/03\/Contractaci\u00f3-P\u00fablica-Sostenible-3-300x45.jpg 300w, https:\/\/www.pimealdia.org\/wp-content\/uploads\/2017\/03\/Contractaci\u00f3-P\u00fablica-Sostenible-3-600x90.jpg 600w, https:\/\/www.pimealdia.org\/wp-content\/uploads\/2017\/03\/Contractaci\u00f3-P\u00fablica-Sostenible-3-400x60.jpg 400w\" sizes=\"(max-width: 665px) 100vw, 665px\" \/><\/p>\n<ol>\n<li><strong> Suprimir las instrucciones de contrataci\u00f3n que cada organismo del sector p\u00fablico puede redactar <\/strong> para regular su contrataci\u00f3n y establecer un marco jur\u00eddico com\u00fan que, respetando las competencias de las CCAA, asegure la participaci\u00f3n de las empresas y especialmente las PYMES en calidad de seguridad jur\u00eddica e igualdad de condiciones.<\/li>\n<li><strong> Ampliar el \u00e1mbito material para la interposici\u00f3n del recurso especial <\/strong> que abarque tambi\u00e9n los contratos licitados p\u00fablicamente de umbral no armonizado, a los efectos de atacar la corrupci\u00f3n en la contrataci\u00f3n p\u00fablica y eliminar las malas pr\u00e1cticas , garantizando en todo caso la eficiencia y sumariedad a la resoluci\u00f3n de los recursos que conocen los Tribunales Administrativos de recursos Contractuales.<\/li>\n<li><strong> Regular <\/strong> <strong> la contrataci\u00f3n de los servicios p\u00fablicos <\/strong> atendiendo a consideraciones singulares de calidad, territorialidad y accesibilidad en la prestaci\u00f3n de los servicios.<\/li>\n<li><strong> Asegurar que el concepto de oferta econ\u00f3micamente m\u00e1s ventajosa se base en <img loading=\"lazy\" class=\"size-medium wp-image-5168 alignright\" src=\"https:\/\/www.pimealdia.org\/wp-content\/uploads\/2017\/03\/Contractaci\u00f3-P\u00fablica-Sostenible-2-300x188.jpg \" alt=\" \" width=\" 300 \" height=\" 188 \" \/> la \u00f3ptima relaci\u00f3n calidad-precio <\/strong>, incorporando valoraciones de tipo social, \u00e9tico, laboral, ambiental y de igualdad de g\u00e9nero. Desarrollar las herramientas y procedimientos necesarios para que esto sea asumible.<\/li>\n<li><strong> Agilizar los procedimientos de contrataci\u00f3n p\u00fablica <\/strong> y regular un procedimiento abierto realmente simplificado que permita la selecci\u00f3n de la oferta con eficiencia y la reducci\u00f3n del plazo m\u00ednimo de presentaci\u00f3n de ofertas.<\/li>\n<li><strong> Garantizar el control y supervisi\u00f3n de la contrataci\u00f3n p\u00fablica <\/strong> con la constituci\u00f3n de un comisionado de las Cortes Generales que vele por la integridad y dirima los conflictos de intereses en los procedimientos de contrataci\u00f3n, a la vez que asegure la competencia leal entre las empresas.<\/li>\n<li><strong> Regular <\/strong> <strong> \u00edntegramente la <a href=\"https:\/\/www.pimealdia.org\/es\/govern-aprova-registre-facturacio-temps-real\/\" target=\"_ blank \"> contrataci\u00f3n electr\u00f3nica <\/a> <\/strong>, revisando los procesos y funcionalidades para agilizar el sistema de comunicaci\u00f3n entre los agentes intervinientes. Definir el modelo Y los sistemas que pueden seguir todas las administraciones p\u00fablicas para la implantaci\u00f3n de la contrataci\u00f3n electr\u00f3nica y regular el papel de los proveedores privados de servicios inform\u00e1ticos.<\/li>\n<li><strong> Atender las singularidades de la contrataci\u00f3n de las administraciones locales <\/strong> considerando los medios humanos y materiales de que dispone y la amplitud de sus competencias directamente vinculadas con la satisfacci\u00f3n de las necesidades vitales de la ciudadan\u00eda de su territorio.<\/li>\n<li><strong> Regular <\/strong> <strong> las peculiaridades de los servicios a las personas <\/strong>, garantizando su universalidad y continuidad, la atenci\u00f3n a las personas usuarias y la experiencia de las entidades prestadoras. <img loading=\"lazy\" class=\"size-medium wp-image-3969 alignright\" src=\"https:\/\/www.pimealdia.org\/wp-content\/uploads\/2017\/01\/Cuerpo-Europeo-de-Solidaridad-1-300x204.jpg \" alt=\" \" width=\" 300 \" height=\" 204 \" \/><\/li>\n<li><strong> Potenciar <\/strong> <strong> la participaci\u00f3n en la contrataci\u00f3n p\u00fablica de las peque\u00f1as y medianas empresas <\/strong>, artesanos y proveedores locales y de proximidad y habilitar la posibilidad del pago directo del precio al empresa subcontratada en caso de morosidad de la empresa contratista principal.<\/li>\n<li><strong> Regular la contrataci\u00f3n reservada de servicios a las personas <\/strong> a favor de las empresas sociales.<\/li>\n<li><strong> Establecer mecanismos que faciliten la participaci\u00f3n de las <a href=\"https:\/\/www.pimealdia.org\/es\/category\/responsabilidad-social\/\" target=\"_blank\" rel=\"noopener noreferrer\"> empresas sociales <\/a> en la contrataci\u00f3n p\u00fablica <\/strong> para promover modelos de negocio generadores de efectos econ\u00f3micos ambientales, sociales y de buen gobierno positivos, reservando un segmento de la contrataci\u00f3n no sometida a regulaci\u00f3n europea a favor de estas.<\/li>\n<li><strong> Regular <\/strong> <strong> la relaci\u00f3n entre los \u00f3rganos de la Administraci\u00f3n local y los servicios competentes en materia de inspecci\u00f3n laboral y ambiental <\/strong> para un mayor control en caso de incumplimiento por parte de las empresas contratadas y subcontratadas de sus obligaciones ambientales, laborales y de Seguridad Social.<\/li>\n<li><strong> Regular <\/strong> <strong> la prohibici\u00f3n de contratar las empresas que directa o indirectamente <\/strong>, mediante empresas interpuestas, realicen actividades en paraisos fiscales a fin de incumplir sus obligaciones tributarias en el pa\u00eds donde llevan a cabo la actividad econ\u00f3mica o para la realizaci\u00f3n de otras actividades il\u00edcitas que, en todo caso, conllevan la obtenci\u00f3n de ventajas y generan una competencia desleal en las licitaciones p\u00fablicas.<\/li>\n<\/ol>\n","protected":false},"excerpt":{"rendered":"<p>PIMEC, conjuntamente con el Ayuntamiento de Barcelona y los sindicatos CCOO de Catalunya y UGT de Catalu\u00f1a ha firmado una declaraci\u00f3n en favor de una contrataci\u00f3n p\u00fablica sostenible que se puede concretar en los siguientes acuerdos: Acuerdos de la declaraci\u00f3n Reconocer y reafirmar la importancia de una contrataci\u00f3n p\u00fablica sostenible que incorpore aspectos sociales y ambientales en la toma de decisiones, con el objetivo de contribuir a la transformaci\u00f3n socioecon\u00f3mica y la dinamizaci\u00f3n del tejido productivo local, de las peque\u00f1as y medianas empresas y de todas aquellas organizaciones que generen impactos econ\u00f3micos, sociales y ambientales positivos. Manifestar la preocupaci\u00f3n con<\/p>\n","protected":false},"author":13,"featured_media":8636,"comment_status":"open","ping_status":"closed","sticky":false,"template":"","format":"standard","meta":[],"categories":[342],"tags":[780],"_links":{"self":[{"href":"https:\/\/www.pimealdia.org\/es\/wp-json\/wp\/v2\/posts\/8634"}],"collection":[{"href":"https:\/\/www.pimealdia.org\/es\/wp-json\/wp\/v2\/posts"}],"about":[{"href":"https:\/\/www.pimealdia.org\/es\/wp-json\/wp\/v2\/types\/post"}],"author":[{"embeddable":true,"href":"https:\/\/www.pimealdia.org\/es\/wp-json\/wp\/v2\/users\/13"}],"replies":[{"embeddable":true,"href":"https:\/\/www.pimealdia.org\/es\/wp-json\/wp\/v2\/comments?post=8634"}],"version-history":[{"count":1,"href":"https:\/\/www.pimealdia.org\/es\/wp-json\/wp\/v2\/posts\/8634\/revisions"}],"predecessor-version":[{"id":12466,"href":"https:\/\/www.pimealdia.org\/es\/wp-json\/wp\/v2\/posts\/8634\/revisions\/12466"}],"wp:featuredmedia":[{"embeddable":true,"href":"https:\/\/www.pimealdia.org\/es\/wp-json\/wp\/v2\/media\/8636"}],"wp:attachment":[{"href":"https:\/\/www.pimealdia.org\/es\/wp-json\/wp\/v2\/media?parent=8634"}],"wp:term":[{"taxonomy":"category","embeddable":true,"href":"https:\/\/www.pimealdia.org\/es\/wp-json\/wp\/v2\/categories?post=8634"},{"taxonomy":"post_tag","embeddable":true,"href":"https:\/\/www.pimealdia.org\/es\/wp-json\/wp\/v2\/tags?post=8634"}],"curies":[{"name":"wp","href":"https:\/\/api.w.org\/{rel}","templated":true}]}}