{"id":8639,"date":"2017-03-29T12:10:45","date_gmt":"2017-03-29T10:10:45","guid":{"rendered":"https:\/\/www.pimealdia.org\/autonoms-i-microempreses-protegits-com-a-consumidors\/"},"modified":"2017-08-30T23:08:49","modified_gmt":"2017-08-30T21:08:49","slug":"autonoms-i-microempreses-protegits-com-a-consumidors","status":"publish","type":"post","link":"https:\/\/www.pimealdia.org\/es\/autonoms-i-microempreses-protegits-com-a-consumidors\/","title":{"rendered":"Aut\u00f3nomos y microempresas protegidos como consumidores"},"content":{"rendered":"<p>Desde la modificaci\u00f3n al <strong> C\u00f3digo de Consumo de Catalu\u00f1a el a\u00f1o 2015 <\/strong>, tanto los aut\u00f3nomos como las microempresas son considerados, seg\u00fan este C\u00f3digo Catal\u00e1n, consumidores.<\/p>\n<p>Esta normativa mejora la protecci\u00f3n de los empresarios que est\u00e9n en el r\u00e9gimen especial de los trabajadores aut\u00f3nomos y de las microempresas, siendo \u00e9stas las que ocupan a menos de 10 trabajadores y tienen un volumen de negocio anual o un balance general anual no superior a los 2 millones de euros.<\/p>\n<p><img loading=\"lazy\" class=\"aligncenter wp-image-5188 size-full\" src=\"https:\/\/www.pimealdia.org\/wp-content\/uploads\/2017\/03\/banner-consumidors-e1490781592429.jpg\" alt=\"\" width=\"665\" height=\"147\" \/><\/p>\n<blockquote><p>Esta normativa mejora la protecci\u00f3n de los empresarios que est\u00e9n en el r\u00e9gimen especial de los trabajadores aut\u00f3nomos y de las microempresas<\/p><\/blockquote>\n<p>Pero hay que tener presente que esta consideraci\u00f3n de consumidores s\u00f3lo las tendr\u00e1n en sus relaciones con las <strong> empresas prestadoras de servicios b\u00e1sicos y servicios de trato continuado <\/strong>, siendo estas empresas aquellas que prestan servicios de suministro, transporte, medios audiovisuales de radiodifusi\u00f3n y televisi\u00f3n, las de comunicaciones, entre otros.<\/p>\n<p><img loading=\"lazy\" class=\"size-medium wp-image-5183 alignleft\" src=\"https:\/\/www.pimealdia.org\/wp-content\/uploads\/2017\/03\/consumidors-300x100.jpg\" alt=\"\" width=\"300\" height=\"100\" srcset=\"https:\/\/www.pimealdia.org\/wp-content\/uploads\/2017\/03\/consumidors-300x100.jpg 300w, https:\/\/www.pimealdia.org\/wp-content\/uploads\/2017\/03\/consumidors-400x133.jpg 400w, https:\/\/www.pimealdia.org\/wp-content\/uploads\/2017\/03\/consumidors.jpg 450w\" sizes=\"(max-width: 300px) 100vw, 300px\" \/> de modo que tanto los aut\u00f3nomos como las microempresas tienen derecho a recibir, de estas empresas, <strong> la misma informaci\u00f3n y documentaci\u00f3n que cualquier otro consumidor <\/strong> al momento de su contrataci\u00f3n del servicio, si no que tambi\u00e9n pueden asistir o dirigirse a los servicios puesto al alcance por los consumidores, como <strong> la Agencia Catalana del Consumo <\/strong>, a trav\u00e9s de la cual se pueden hacer tanto consultas como reclamaciones.<\/p>\n<p>Asimismo, el <strong> C\u00f3digo Catal\u00e1n <\/strong>, tambi\u00e9n ha introducido una <strong> mayor protecci\u00f3n a los consumidores <\/strong>, al establecer que las empresas de servicios b\u00e1sicos que hayan sido al menos denunciadas en cien ocasiones por consumidores se ver\u00e1n obligatoriamente inspeccionadas por la Agencia Catalana de Consumo.<\/p>\n<p><img loading=\"lazy\" class=\"size-medium wp-image-5184 alignleft\" src=\"https:\/\/www.pimealdia.org\/wp-content\/uploads\/2017\/03\/consumidors-1-300x123.jpg\" alt=\"\" width=\"300\" height=\"123\" srcset=\"https:\/\/www.pimealdia.org\/wp-content\/uploads\/2017\/03\/consumidors-1-300x123.jpg 300w, https:\/\/www.pimealdia.org\/wp-content\/uploads\/2017\/03\/consumidors-1-600x246.jpg 600w, https:\/\/www.pimealdia.org\/wp-content\/uploads\/2017\/03\/consumidors-1-400x164.jpg 400w, https:\/\/www.pimealdia.org\/wp-content\/uploads\/2017\/03\/consumidors-1.jpg 668w\" sizes=\"(max-width: 300px) 100vw, 300px\" \/> El origen de estas <strong> inspecciones <\/strong>, a las empresas de servicios b\u00e1sicos, se dar\u00e1 cuando los consumidores hagan la correspondiente <strong> reclamaci\u00f3n <\/strong> a su servicio de atenci\u00f3n al cliente y se compruebe que las mismas no han sido debidamente tramitadas seg\u00fan las obligaciones de atenci\u00f3n establecidas por la normativa vigente en materia de consumo, y teniendo como resultado una sanci\u00f3n de 50 \u20ac por cada una de las reclamaciones que hayan dado pie a la Inspecci\u00f3n.<\/p>\n<p><strong> Normativas como \u00e9stas hacen que las posibles problem\u00e1ticas, que puedan tener tanto los aut\u00f3nomos como las microempresas a la contrataci\u00f3n de determinados servicios, sea m\u00e1s r\u00e1pida y econ\u00f3mica su resoluci\u00f3n. <\/strong><\/p>\n","protected":false},"excerpt":{"rendered":"<p>Desde la modificaci\u00f3n al C\u00f3digo de Consumo de Catalu\u00f1a el a\u00f1o 2015 , tanto los aut\u00f3nomos como las microempresas son considerados, seg\u00fan este C\u00f3digo Catal\u00e1n, consumidores. Esta normativa mejora la protecci\u00f3n de los empresarios que est\u00e9n en el r\u00e9gimen especial de los trabajadores aut\u00f3nomos y de las microempresas, siendo \u00e9stas las que ocupan a menos de 10 trabajadores y tienen un volumen de negocio anual o un balance general anual no superior a los 2 millones de euros. Esta normativa mejora la protecci\u00f3n de los empresarios que est\u00e9n en el r\u00e9gimen especial de los trabajadores aut\u00f3nomos y de las microempresas<\/p>\n","protected":false},"author":42,"featured_media":8641,"comment_status":"open","ping_status":"closed","sticky":false,"template":"","format":"standard","meta":[],"categories":[342],"tags":[],"_links":{"self":[{"href":"https:\/\/www.pimealdia.org\/es\/wp-json\/wp\/v2\/posts\/8639"}],"collection":[{"href":"https:\/\/www.pimealdia.org\/es\/wp-json\/wp\/v2\/posts"}],"about":[{"href":"https:\/\/www.pimealdia.org\/es\/wp-json\/wp\/v2\/types\/post"}],"author":[{"embeddable":true,"href":"https:\/\/www.pimealdia.org\/es\/wp-json\/wp\/v2\/users\/42"}],"replies":[{"embeddable":true,"href":"https:\/\/www.pimealdia.org\/es\/wp-json\/wp\/v2\/comments?post=8639"}],"version-history":[{"count":0,"href":"https:\/\/www.pimealdia.org\/es\/wp-json\/wp\/v2\/posts\/8639\/revisions"}],"wp:featuredmedia":[{"embeddable":true,"href":"https:\/\/www.pimealdia.org\/es\/wp-json\/wp\/v2\/media\/8641"}],"wp:attachment":[{"href":"https:\/\/www.pimealdia.org\/es\/wp-json\/wp\/v2\/media?parent=8639"}],"wp:term":[{"taxonomy":"category","embeddable":true,"href":"https:\/\/www.pimealdia.org\/es\/wp-json\/wp\/v2\/categories?post=8639"},{"taxonomy":"post_tag","embeddable":true,"href":"https:\/\/www.pimealdia.org\/es\/wp-json\/wp\/v2\/tags?post=8639"}],"curies":[{"name":"wp","href":"https:\/\/api.w.org\/{rel}","templated":true}]}}