{"id":8644,"date":"2017-03-29T17:30:39","date_gmt":"2017-03-29T15:30:39","guid":{"rendered":"https:\/\/www.pimealdia.org\/renovables-demanen-pla-urgent-detallat-sobre-seva-implantacio-catalunya\/"},"modified":"2017-08-30T23:19:45","modified_gmt":"2017-08-30T21:19:45","slug":"renovables-demanen-pla-urgent-detallat-sobre-seva-implantacio-catalunya","status":"publish","type":"post","link":"https:\/\/www.pimealdia.org\/es\/renovables-demanen-pla-urgent-detallat-sobre-seva-implantacio-catalunya\/","title":{"rendered":"\u00bfEs posible que el 50% de la energ\u00eda el\u00e9ctrica sea de origen renovable en 2030?"},"content":{"rendered":"<p>\u00bfComo acelerar la implantaci\u00f3n de energ\u00edas renovables en Catalu\u00f1a para alcanzar en 2030 que el 50% de la energ\u00eda el\u00e9ctrica sea de origen renovable?<\/p>\n<p>La Asociaci\u00f3n de Empresas de Energ\u00edas Renovables (APPA), EolicCat, PIMEC y Uni\u00f3n Espa\u00f1ola Fotovoltaica (UNEF) han alertado a la administraci\u00f3n catalana y al conjunto de fuerzas pol\u00edticas sobre <strong> la necesidad urgente de cerrar un plan que permita acelerar la implantaci\u00f3n de energ\u00edas renovables en Catalu\u00f1a <\/strong> si se quiere alcanzar <strong> <a href=\"https:\/\/www.pimec.org\/ca\/pimes-autonoms\/agenda\/cami-cap-al-50-delectricitat-renovable-catalunya-a\u00f1o-2030 \" target=\" _ blank \"> la meta del Gobierno de alcanzar en 2030 un 50% de la generaci\u00f3n el\u00e9ctrica a partir de renovables <\/a>. <\/strong><\/p>\n<blockquote><p>Las asociaciones de la energ\u00eda renovable y PIMEC reclaman cambios normativos que favorezcan su implantaci\u00f3n<\/p><\/blockquote>\n<p>Estas entidades, que comparten los objetivos del Gobierno y la UE sobre generaci\u00f3n renovable, consideran que hay que marcar unos <strong> objetivos muy claros <\/strong>, con unos calendarios precisos que den respuesta a las metas inmediatas que permitan su implantaci\u00f3n.<\/p>\n<p>Este plan debe contener tanto <strong> aspectos normativos reformar como los t\u00e9cnicos, <\/strong> as\u00ed como una distribuci\u00f3n realista que optimice los recursos renovables seg\u00fan el territorio y la capacidad de implantaci\u00f3n de cada tecnolog\u00eda.<\/p>\n<h3>Hacia un modelo energ\u00e9tico basado en el 100% de energ\u00edas renovables en 2030<\/h3>\n<blockquote><p><img loading=\"lazy\" class=\"size-medium wp-image-5201 alignleft\" src=\"https:\/\/www.pimealdia.org\/wp-content\/uploads\/2017\/03\/renovables-banner-1-300x94.jpg \" alt=\" \" width=\" 300 \" height=\" 94 \" \/><\/p><\/blockquote>\n<p>Se ha coincidido en la necesidad de alcanzar el m\u00e1ximo consenso pol\u00edtico y territorial posible y han avanzado su disponibilidad a colaborar en la elaboraci\u00f3n de una propuesta. Lo han hecho en el marco de la Jornada <a href=\"https:\/\/www.pimec.org\/ca\/pimes-autonoms\/agenda\/cami-cap-al-50-delectricitat-renovable-catalunya-lany-2030\" target=\"_ blank\"> &#8220;el camino hacia el 50% de electricidad renovable en Catalu\u00f1a el a\u00f1o 2030&#8221; <\/a>, que se ha celebrado hoy en el Auditorio de Banco Sabadell en Barcelona .<\/p>\n<p>Los responsables de APPA, EolicCat, UNEF y PIMEC han aportado datos sobre cu\u00e1l debe ser el crecimiento anual de cada una de las tecnolog\u00edas de generaci\u00f3n renovable al mix energ\u00e9tico para alcanzar los objetivos. Seg\u00fan todos los indicadores, la demanda de <a href=\"https:\/\/www.pimealdia.org\/es\/autoconsum-i-competencia\/\" target=\"_blank\" rel=\"noopener noreferrer\"> consumo el\u00e9ctrico <\/a> , con un crecimiento del 0,7% anual, ser\u00e1 de 51.313 GWh en 2030, y por lo tanto se requiere una aportaci\u00f3n de renovables de 25.611 GWh, cuatro veces el promedio anual de producci\u00f3n de los \u00faltimos 10 a\u00f1os.<\/p>\n<blockquote><p>Seg\u00fan estos indicadores la situaci\u00f3n es cr\u00edtica y justifican una actuaci\u00f3n inmediata y planificada, por lo que piden un s\u00f3lido liderazgo por parte del Gobierno<\/p><\/blockquote>\n<h3><strong> El precio del confort <\/strong><\/h3>\n<p>Los ponentes coincidieron en que uno de los mayores riesgos que existen para el logro de los objetivos es que Catalu\u00f1a se encuentra en una zona de confort, ya que no vive una amenaza inmediata de carencia de generaci\u00f3n para cubrir la demanda.<\/p>\n<p>El inconveniente es que este confort se debe a la fuerte dependencia de la generaci\u00f3n nuclear en el mix catal\u00e1n, que actualmente es del 54,4% frente al 18,2% renovable, incluyendo la gran hidr\u00e1ulica (datos de 2015). En t\u00e9rminos de cobertura de demanda, la energ\u00eda nuclear cubre el 50,1% y las renovables el 16,8% (datos de 2015).<\/p>\n<blockquote><p>Si no se hace un esfuerzo notable y continuado para implantar m\u00e1s capacidad de generaci\u00f3n renovable, no ser\u00e1 posible el cierre de las centrales nucleares catalanas cuando se cumpla su ciclo de vida \u00fatil<\/p><\/blockquote>\n<h3><strong> Energ\u00eda el\u00e9ctrica: <\/strong> <strong> 600 MW anuales de renovables a partir del 2019 <\/strong><\/h3>\n<p><img loading=\"lazy\" class=\"size-medium wp-image-4410 alignleft\" src=\"https:\/\/www.pimealdia.org\/wp-content\/uploads\/2017\/01\/preu-de-lelectricitat-2-300x134.jpg\" alt=\"\" width=\"300\" height=\"134\" srcset=\"https:\/\/www.pimealdia.org\/wp-content\/uploads\/2017\/01\/preu-de-lelectricitat-2-300x134.jpg 300w, https:\/\/www.pimealdia.org\/wp-content\/uploads\/2017\/01\/preu-de-lelectricitat-2.jpg 335w\" sizes=\"(max-width: 300px) 100vw, 300px\" \/> Seg\u00fan los ponentes, con el fin de alcanzar los objetivos de 2030 es necesario que, a partir del 2019, se pongan en servicio anualmente 300 MW de nueva generaci\u00f3n e\u00f3lica y 300 MW de nueva generaci\u00f3n fotovoltaica, manteniendo la actual capacidad de generaci\u00f3n en otras fuentes renovables. Con este plan el a\u00f1o 2030 se dispondr\u00eda de una capacidad de generaci\u00f3n e\u00f3lica del orden de 4,8 GW y una capacidad de generaci\u00f3n fotovoltaica del orden de 4 GW. Las energ\u00edas renovables cubrir\u00edan el 49,9% de la demanda, aportando 25.611GWh.<\/p>\n<blockquote><p>Catalu\u00f1a necesita instalar 600 MW de renovables anualmente a partir del 2019 para alcanzar los objetivos marcados<\/p><\/blockquote>\n<p>En resumen, para alcanzar estas cifras es necesaria la aportaci\u00f3n de nueva capacidad de generaci\u00f3n e\u00f3lica por 3.600 MW en emplazamientos con un recurso e\u00f3lico m\u00ednimo de 3.000 horas anuales equivalentes a potencia nominal, y una aportaci\u00f3n de nueva capacidad de generaci\u00f3n solar fotovoltaica de 3.700 MW en emplazamientos con un recurso m\u00ednimo de 1.850 horas anuales equivalentes.<\/p>\n<p>En este escenario, para completar la demanda el\u00e9ctrica prevista en el a\u00f1o 2030, los combustibles f\u00f3siles -gas natural quemado en ciclos combinados y en instalaciones de cogeneraci\u00f3n en la industria, que deber\u00eda aumentar en 50 MW anuales la capacidad de la cogeneraci\u00f3n de alta eficiencia- aportar\u00edan 10.444 GWh y la energ\u00eda nuclear aportar\u00eda 8.057 GWh, con un \u00fanico reactor todav\u00eda en servicio. La valorizaci\u00f3n energ\u00e9tica de los residuos aportar\u00eda 292 GWh. Las importaciones contribuir\u00edan con 4.997 GWh.<\/p>\n<h3><strong> Cambios normativos y un marco retributivo y fiscal estable <\/strong><\/h3>\n<p>Los ponentes consideran que son necesarios cambios normativos que favorezcan la implantaci\u00f3n de las energ\u00edas renovables y la mejora de los procedimientos administrativos, tal como han hecho otras comunidades y pa\u00edses, que se adapten a las necesidades reales. En este sentido hay di\u00e1logo entre todos los actores implicados, incluyendo las administraciones locales, a fin de resolver de manera efectiva los posibles conflictos.<\/p>\n<p>En este sentido se ha se\u00f1alado que la imposici\u00f3n de c\u00e1nones a las empresas promotoras no hace sino desincentivar las inversiones en renovables que imposibilitar\u00edan alcanzar las cifras de generaci\u00f3n estimadas.<\/p>\n<blockquote><p>Se ha puesto de manifiesto que para captar inversores en renovables hay que ser competitivos de cara a las subastas de renovables que hace el Estado, y los c\u00e1nones no lo facilitan<\/p><\/blockquote>\n<figure id=\"attachment_5202\" aria-describedby=\"caption-attachment-5202\" style=\"width: 347px\" class=\"wp-caption alignleft\"><img loading=\"lazy\" class=\"wp-image-5202\" src=\"https:\/\/www.pimealdia.org\/wp-content\/uploads\/2017\/03\/renovables-banner-2-300x158.jpg\" alt=\"\" width=\"347\" height=\"183\" srcset=\"https:\/\/www.pimealdia.org\/wp-content\/uploads\/2017\/03\/renovables-banner-2-300x158.jpg 300w, https:\/\/www.pimealdia.org\/wp-content\/uploads\/2017\/03\/renovables-banner-2.jpg 800w, https:\/\/www.pimealdia.org\/wp-content\/uploads\/2017\/03\/renovables-banner-2-600x315.jpg 600w, https:\/\/www.pimealdia.org\/wp-content\/uploads\/2017\/03\/renovables-banner-2-400x210.jpg 400w\" sizes=\"(max-width: 347px) 100vw, 347px\" \/><figcaption id=\"caption-attachment-5202\" class=\"wp-caption-text\">Una mayor implantaci\u00f3n de renovables multiplicar\u00eda la obtenci\u00f3n de recursos a todas las administraciones<\/figcaption><\/figure>\n<p>Los ponentes coincidieron en que grabar m\u00e1s la generaci\u00f3n de renovables no es el camino dado que el conjunto de aportaciones que hacen a las haciendas p\u00fablicas y al territorio ya son muy importantes. Adem\u00e1s, siguiendo el modelo de aportaciones actual, una mayor implantaci\u00f3n de renovables multiplicar\u00eda la obtenci\u00f3n de recursos en todas las administraciones.<\/p>\n<p>Esta proyecci\u00f3n se ha ilustrado con el ejemplo de la energ\u00eda e\u00f3lica, mostrando como en un escenario de potencia e\u00f3lica instalada de 4,8 GW (a alcanzar en los objetivos del 2030) y produciendo 13,4TWh \/ a\u00f1o aportar\u00eda:<\/p>\n<ul>\n<li>74,3 millones de euros anuales a la Hacienda estatal en concepto del Impuesto sobre el Valor de la Energ\u00eda El\u00e9ctrica (IVPEE), un 324,6% m\u00e1s que los 17,5 millones aportados en 2015 .<\/li>\n<li>44,2 millones de euros anuales a las haciendas municipales, por impuestos y convenios, un 291,2% m\u00e1s que los 11,3 millones aportados en 2015.<\/li>\n<li>17,4 millones de euros anuales en rentas en el territorio para alquiler de terrenos, un 286,7% m\u00e1s que los 4,5 millones aportados en 2015.<\/li>\n<\/ul>\n<blockquote><p>Los representantes del sector de las renovables han se\u00f1alado que la elecci\u00f3n de los emplazamientos para sus instalaciones responde a la disponibilidad del recurso que permite una generaci\u00f3n \u00f3ptima, dado que \u00e9sta es la mejor forma de minimizar el impacto<\/p><\/blockquote>\n<p>Adem\u00e1s se\u00f1alaron que hay que encontrar mecanismos para compensar estos territorios, pero que debe ser a partir de transferencias de recursos desde los territorios que m\u00e1s se benefician de la generaci\u00f3n por renovables, es decir los que m\u00e1s energ\u00eda consumen, y no grabando m\u00e1s al promotor y al generador, que ya contribuyen notablemente al desarrollo del territorio.<\/p>\n<blockquote><p>Por otra parte, como se ha puesto de manifiesto en el mercado actual, la aportaci\u00f3n de m\u00e1s generaci\u00f3n de origen renovable favorecer\u00e1 positivamente a la reducci\u00f3n del precio de la energ\u00eda el\u00e9ctrica<\/p><\/blockquote>\n<h3><strong> Creaci\u00f3n de un Observatorio para el seguimiento del cumplimiento de los objetivos por 2030 <\/strong><\/h3>\n<p>Por otra parte los responsables de APPA, EolicCat, UNEF y PIMEC han anunciado que promover\u00e1n la creaci\u00f3n de un observatorio que se responsabilizar\u00e1 de realizar un seguimiento de las acciones del Gobierno y de los organismos pol\u00edticos responsables para el cumplimiento de los objetivos marcados para el 2030.<\/p>\n<blockquote><p>Promover\u00e1n un observatorio para seguir el cumplimiento de los objetivos del Gobierno de alcanzar una producci\u00f3n 50% renovable en 2030<\/p><\/blockquote>\n<p>En este sentido, desde el Observatorio se quiere hacer un seguimiento objetivo de la implantaci\u00f3n de las medidas que contenga el futuro Pacto Nacional para la Transici\u00f3n Energ\u00e9tica, as\u00ed como hacer recomendaciones que contribuyan a los objetivos comunes.<\/p>\n<p>El Observatorio har\u00e1 seguimiento, entre otros par\u00e1metros, de la evoluci\u00f3n de la demanda el\u00e9ctrica en Catalu\u00f1a, la evoluci\u00f3n de la cobertura del mix energ\u00e9tico para renovables, los proyectos en tramitaci\u00f3n administrativa y su estado, los proyectos que se ponen en servicio , los cambios normativos comprometidos y el an\u00e1lisis del cumplimiento de los compromisos electorales de los diversos grupos pol\u00edticos en pol\u00edtica energ\u00e9tica y renovables y la evoluci\u00f3n de las iniciativas parlamentarias en este \u00e1mbito.<\/p>\n<blockquote><p>Este Observatorio, que estar\u00e1 abierto a aportaciones de otras entidades, tiene como la voluntad de ayudar al Gobierno a alcanzar los objetivos marcados de generaci\u00f3n de renovables para el a\u00f1o 2030, dado que se consideran estrat\u00e9gicos para el futuro del pa\u00eds<\/p><\/blockquote>\n<p>El Observatorio estar\u00e1 abierto a la participaci\u00f3n de instituciones y organizaciones independientes, especialmente del \u00e1mbito acad\u00e9mico, que tengan inter\u00e9s en participar y aportar su conocimiento en este seguimiento y en el an\u00e1lisis de la situaci\u00f3n.<\/p>\n","protected":false},"excerpt":{"rendered":"<p>\u00bfComo acelerar la implantaci\u00f3n de energ\u00edas renovables en Catalu\u00f1a para alcanzar en 2030 que el 50% de la energ\u00eda el\u00e9ctrica sea de origen renovable? La Asociaci\u00f3n de Empresas de Energ\u00edas Renovables (APPA), EolicCat, PIMEC y Uni\u00f3n Espa\u00f1ola Fotovoltaica (UNEF) han alertado a la administraci\u00f3n catalana y al conjunto de fuerzas pol\u00edticas sobre la necesidad urgente de cerrar un plan que permita acelerar la implantaci\u00f3n de energ\u00edas renovables en Catalu\u00f1a si se quiere alcanzar la meta del Gobierno de alcanzar en 2030 un 50% de la generaci\u00f3n el\u00e9ctrica a partir de renovables . Las asociaciones de la energ\u00eda renovable y PIMEC<\/p>\n","protected":false},"author":13,"featured_media":8645,"comment_status":"open","ping_status":"closed","sticky":false,"template":"","format":"standard","meta":[],"categories":[330],"tags":[],"_links":{"self":[{"href":"https:\/\/www.pimealdia.org\/es\/wp-json\/wp\/v2\/posts\/8644"}],"collection":[{"href":"https:\/\/www.pimealdia.org\/es\/wp-json\/wp\/v2\/posts"}],"about":[{"href":"https:\/\/www.pimealdia.org\/es\/wp-json\/wp\/v2\/types\/post"}],"author":[{"embeddable":true,"href":"https:\/\/www.pimealdia.org\/es\/wp-json\/wp\/v2\/users\/13"}],"replies":[{"embeddable":true,"href":"https:\/\/www.pimealdia.org\/es\/wp-json\/wp\/v2\/comments?post=8644"}],"version-history":[{"count":0,"href":"https:\/\/www.pimealdia.org\/es\/wp-json\/wp\/v2\/posts\/8644\/revisions"}],"wp:featuredmedia":[{"embeddable":true,"href":"https:\/\/www.pimealdia.org\/es\/wp-json\/wp\/v2\/media\/8645"}],"wp:attachment":[{"href":"https:\/\/www.pimealdia.org\/es\/wp-json\/wp\/v2\/media?parent=8644"}],"wp:term":[{"taxonomy":"category","embeddable":true,"href":"https:\/\/www.pimealdia.org\/es\/wp-json\/wp\/v2\/categories?post=8644"},{"taxonomy":"post_tag","embeddable":true,"href":"https:\/\/www.pimealdia.org\/es\/wp-json\/wp\/v2\/tags?post=8644"}],"curies":[{"name":"wp","href":"https:\/\/api.w.org\/{rel}","templated":true}]}}