{"id":8648,"date":"2017-03-29T18:34:49","date_gmt":"2017-03-29T16:34:49","guid":{"rendered":"https:\/\/www.pimealdia.org\/quin-impacte-tindra-digitalitzacio-mercat-treball\/"},"modified":"2017-08-30T23:25:08","modified_gmt":"2017-08-30T21:25:08","slug":"quin-impacte-tindra-digitalitzacio-mercat-treball","status":"publish","type":"post","link":"https:\/\/www.pimealdia.org\/es\/quin-impacte-tindra-digitalitzacio-mercat-treball\/","title":{"rendered":"\u00bfQu\u00e9 impacto tendr\u00e1 la digitalizaci\u00f3n en el mercado de trabajo?"},"content":{"rendered":"<p>\u00daltimamente estamos recibiendo <i> inputs por diversos medios sobre las consecuencias y cambios que la digitalizaci\u00f3n est\u00e1 provocando en varias dimensiones como la social, econ\u00f3mica, y cultural; pero sin duda, la que m\u00e1s se est\u00e1 debatiendo desde diversos \u00e1mbitos por su repercusi\u00f3n, es la que tiene que ver con <strong> la transformaci\u00f3n del mercado de trabajo <\/strong>.<\/i><\/p>\n<p><img loading=\"lazy\" class=\"aligncenter wp-image-4836 size-full\" src=\"https:\/\/www.pimealdia.org\/wp-content\/uploads\/2016\/07\/comunicacio-2.jpg\" alt=\"\" width=\"665\" height=\"203\" srcset=\"https:\/\/www.pimealdia.org\/wp-content\/uploads\/2016\/07\/comunicacio-2.jpg 665w, https:\/\/www.pimealdia.org\/wp-content\/uploads\/2016\/07\/comunicacio-2-300x92.jpg 300w, https:\/\/www.pimealdia.org\/wp-content\/uploads\/2016\/07\/comunicacio-2-600x183.jpg 600w, https:\/\/www.pimealdia.org\/wp-content\/uploads\/2016\/07\/comunicacio-2-400x122.jpg 400w\" sizes=\"(max-width: 665px) 100vw, 665px\" \/><\/p>\n<p>Cuando hablamos de mercado de trabajo lo hacemos no s\u00f3lo en relaci\u00f3n a la ocupaci\u00f3n, es decir, en los lugares de trabajo que parece que se crear\u00e1n a ra\u00edz de la digitalizaci\u00f3n; sino tambi\u00e9n en relaci\u00f3n a los cambios que esta llevar\u00e1 en las formas de <strong> contrataci\u00f3n <\/strong> en la <strong> <a href=\"https:\/\/www.pimealdia.org\/es\/formacio-leix-basic- lexcellencia \/ \" target=\" _ blank \"> formaci\u00f3n <\/a>. <\/strong><\/p>\n<p>Si nos centramos en el empleo, un estudio realizado por <a href=\"https:\/\/research.randstad.es\/wp-content\/uploads\/2016\/12\/RandstadInformeFlexibility2016.pdf\" target=\"_ blank\"> Randstad Research <\/a> prev\u00e9 de aqu\u00ed a 2022, la creaci\u00f3n de 1,25 millones de puestos de trabajo en Espa\u00f1a ligados a profesiones STEM (ciencia, tecnolog\u00eda, ingenier\u00eda y matem\u00e1ticas).<\/p>\n<figure id=\"attachment_5213\" aria-describedby=\"caption-attachment-5213\" style=\"width: 300px\" class=\"wp-caption alignleft\"><img loading=\"lazy\" class=\"wp-image-5213 size-medium\" src=\"https:\/\/www.pimealdia.org\/wp-content\/uploads\/2017\/03\/digitalitzaci\u00f3-2-300x288.jpg\" alt=\"\" width=\"300\" height=\"288\" srcset=\"https:\/\/www.pimealdia.org\/wp-content\/uploads\/2017\/03\/digitalitzaci\u00f3-2-300x288.jpg 300w, https:\/\/www.pimealdia.org\/wp-content\/uploads\/2017\/03\/digitalitzaci\u00f3-2.jpg 363w\" sizes=\"(max-width: 300px) 100vw, 300px\" \/><figcaption id=\"caption-attachment-5213\" class=\"wp-caption-text\">los perfiles t\u00e9cnicos que se demandar\u00e1n son los relacionados con la tecnolog\u00eda ligada a Big Data, inteligencia artificial , cloud, internet de las cosas o rob\u00f3tica<\/figcaption><\/figure>\n<p>Sin embargo, el problema reside en la tendencia negativa del n\u00famero de alumnos matriculados en estas disciplinas, concretamente una reducci\u00f3n porcentual en 5 puntos durante los \u00faltimos 7 a\u00f1os en nuestro pa\u00eds. Esto provoca ya en la actualidad un <a href=\"https:\/\/www.pimealdia.org\/es\/ofereix-la-fp-una-formacio-adequada-als-requeriments-del-mercat-de-treball\/\" target=\"_ blank\"> gap entre oferta y demanda <\/a>, en posiciones tales como perfiles t\u00e9cnicos, especialistas en oficios y operarios; aparte de las que se demandar\u00e1n a muy corto plazo, m\u00e1s relacionadas con la tecnolog\u00eda ligada a Big Data, inteligencia artificial, cloud, internet de las cosas o rob\u00f3tica; todas ellas clave en el futuro del mercado de trabajo.<\/p>\n<p>https:\/\/www.pimealdia.org\/la-intel%C2%B7ligencia-artificial-als-rrhh-un-futur-proper\/<\/p>\n<h3>Competencias m\u00e1s demandadas 2020<\/h3>\n<p>Si atamos estas nuevas profesiones con la preparaci\u00f3n acad\u00e9mica de las personas, nos encontramos con una necesidad del mercado laboral de una base te\u00f3rica que claramente viene determinada por el propio sistema educativo, pero tambi\u00e9n se requieren claramente una serie de competencias transversales que la complementen, como las que identifica el mismo estudio de Randstad Research (<a href=\"https:\/\/www.pimealdia.org\/es\/noves-competencies-professionals\/\" target=\"_blank\" rel=\"noopener noreferrer\"> Competencias <\/a> m\u00e1s demandadas 2020):<\/p>\n<ul>\n<li>Resoluci\u00f3n de problemas<\/li>\n<li>Pensamiento cr\u00edtico<\/li>\n<li>Creatividad<\/li>\n<li><a href=\"https:\/\/www.pimealdia.org\/es\/innovacio-gestio-persones\/\" target=\"_blank\" rel=\"noopener noreferrer\"> Gesti\u00f3n de personas <\/a><\/li>\n<li>Coordinaci\u00f3n<\/li>\n<li><a href=\"https:\/\/www.pimealdia.org\/es\/lideratge-emocional-compte-resultats-emocional\/\" target=\"_blank\" rel=\"noopener noreferrer\"> Inteligencia emocional <\/a><\/li>\n<li>Toma de decisiones<\/li>\n<li>Orientaci\u00f3n de servicio<\/li>\n<li>Negociaci\u00f3n<\/li>\n<li>Flexibilidad cognitiva<\/li>\n<\/ul>\n<p>Teniendo en cuenta estas previsiones, la recomendaci\u00f3n ser\u00eda por un lado <strong> focalizar la inversi\u00f3n de la educaci\u00f3n en el desarrollo de estas competencias <\/strong>, y por otro, <strong> iniciar la orientaci\u00f3n profesional a la escuela <\/strong>.<\/p>\n<blockquote><p>Para las generaciones que ya nos encontramos en el mercado laboral, ser\u00eda recomendable estar abiertos a las oportunidades de formaci\u00f3n y actualizaci\u00f3n continua en las habilidades digitales y la tecnolog\u00eda<\/p><\/blockquote>\n<figure id=\"attachment_5212\" aria-describedby=\"caption-attachment-5212\" style=\"width: 300px\" class=\"wp-caption alignleft\"><img loading=\"lazy\" class=\"wp-image-5212 size-medium\" src=\"https:\/\/www.pimealdia.org\/wp-content\/uploads\/2017\/03\/digitalitzaci\u00f3-1-300x164.jpg\" alt=\"\" width=\"300\" height=\"164\" srcset=\"https:\/\/www.pimealdia.org\/wp-content\/uploads\/2017\/03\/digitalitzaci\u00f3-1-300x164.jpg 300w, https:\/\/www.pimealdia.org\/wp-content\/uploads\/2017\/03\/digitalitzaci\u00f3-1.jpg 303w\" sizes=\"(max-width: 300px) 100vw, 300px\" \/><figcaption id=\"caption-attachment-5212\" class=\"wp-caption-text\">El 65% de los ni\u00f1os y ni\u00f1as que ahora cursan primaria trabajar\u00e1n en empleos que hoy no existen<\/figcaption><\/figure>\n<p>Un \u00faltimo dato que creemos aportar\u00e1 motivos para tomar en serio la &#8220;revoluci\u00f3n tecnol\u00f3gica&#8221;, es que <strong> 65% de los ni\u00f1os y ni\u00f1as que ahora cursan primaria trabajar\u00e1n en empleos que hoy no existen <\/strong>, seg\u00fan pronostican varios informes , entre ellos el &#8220;<a href=\"http:\/\/www3.weforum.org\/docs\/WEF_Future_of_Jobs.pdf\" target=\"_blank\" rel=\"noopener noreferrer\"> Informe del futuro de los puestos de trabajo <\/a>&#8221; presentado en el Foro Econ\u00f3mico Mundial de Davos. Y eso ser\u00e1 dentro de s\u00f3lo 10-15 a\u00f1os!<\/p>\n","protected":false},"excerpt":{"rendered":"<p>\u00daltimamente estamos recibiendo inputs por diversos medios sobre las consecuencias y cambios que la digitalizaci\u00f3n est\u00e1 provocando en varias dimensiones como la social, econ\u00f3mica, y cultural; pero sin duda, la que m\u00e1s se est\u00e1 debatiendo desde diversos \u00e1mbitos por su repercusi\u00f3n, es la que tiene que ver con la transformaci\u00f3n del mercado de trabajo . Cuando hablamos de mercado de trabajo lo hacemos no s\u00f3lo en relaci\u00f3n a la ocupaci\u00f3n, es decir, en los lugares de trabajo que parece que se crear\u00e1n a ra\u00edz de la digitalizaci\u00f3n; sino tambi\u00e9n en relaci\u00f3n a los cambios que esta llevar\u00e1 en las formas<\/p>\n","protected":false},"author":8,"featured_media":8650,"comment_status":"open","ping_status":"closed","sticky":false,"template":"","format":"standard","meta":[],"categories":[330,342],"tags":[],"_links":{"self":[{"href":"https:\/\/www.pimealdia.org\/es\/wp-json\/wp\/v2\/posts\/8648"}],"collection":[{"href":"https:\/\/www.pimealdia.org\/es\/wp-json\/wp\/v2\/posts"}],"about":[{"href":"https:\/\/www.pimealdia.org\/es\/wp-json\/wp\/v2\/types\/post"}],"author":[{"embeddable":true,"href":"https:\/\/www.pimealdia.org\/es\/wp-json\/wp\/v2\/users\/8"}],"replies":[{"embeddable":true,"href":"https:\/\/www.pimealdia.org\/es\/wp-json\/wp\/v2\/comments?post=8648"}],"version-history":[{"count":0,"href":"https:\/\/www.pimealdia.org\/es\/wp-json\/wp\/v2\/posts\/8648\/revisions"}],"wp:featuredmedia":[{"embeddable":true,"href":"https:\/\/www.pimealdia.org\/es\/wp-json\/wp\/v2\/media\/8650"}],"wp:attachment":[{"href":"https:\/\/www.pimealdia.org\/es\/wp-json\/wp\/v2\/media?parent=8648"}],"wp:term":[{"taxonomy":"category","embeddable":true,"href":"https:\/\/www.pimealdia.org\/es\/wp-json\/wp\/v2\/categories?post=8648"},{"taxonomy":"post_tag","embeddable":true,"href":"https:\/\/www.pimealdia.org\/es\/wp-json\/wp\/v2\/tags?post=8648"}],"curies":[{"name":"wp","href":"https:\/\/api.w.org\/{rel}","templated":true}]}}