{"id":8653,"date":"2017-04-03T13:49:57","date_gmt":"2017-04-03T11:49:57","guid":{"rendered":"https:\/\/www.pimealdia.org\/quin-impacte-pressupostari-tindria-lautoconsum-electric\/"},"modified":"2017-08-30T23:30:06","modified_gmt":"2017-08-30T21:30:06","slug":"quin-impacte-pressupostari-tindria-lautoconsum-electric","status":"publish","type":"post","link":"https:\/\/www.pimealdia.org\/es\/quin-impacte-pressupostari-tindria-lautoconsum-electric\/","title":{"rendered":"\u00bfQu\u00e9 impacto presupuestario tendr\u00eda el autoconsumo el\u00e9ctrico?"},"content":{"rendered":"<p>A ra\u00edz de la p\u00e9rdida de mayor\u00eda absoluta del PP, los dem\u00e1s partidos de la oposici\u00f3n intentan modificar la ley del impuesto al sol para permitir que el autoconsumo fotovoltaico se pueda extender por todo, como ocurre en otros pa\u00edses. Vemos qu\u00e9 impacto presupuestario tendr\u00eda el autoconsumo el\u00e9ctrico y por qu\u00e9 penalizar el ahorro es la medida m\u00e1s antiecon\u00f3mica que pueda haber.<\/p>\n<figure id=\"attachment_4810\" aria-describedby=\"caption-attachment-4810\" style=\"width: 665px\" class=\"wp-caption alignleft\"><img loading=\"lazy\" class=\"wp-image-4810\" src=\"https:\/\/www.pimealdia.org\/wp-content\/uploads\/2016\/07\/autoconsum-electric.jpg\" alt=\"\" width=\"665\" height=\"250\" srcset=\"https:\/\/www.pimealdia.org\/wp-content\/uploads\/2016\/07\/autoconsum-electric.jpg 490w, https:\/\/www.pimealdia.org\/wp-content\/uploads\/2016\/07\/autoconsum-electric-300x113.jpg 300w, https:\/\/www.pimealdia.org\/wp-content\/uploads\/2016\/07\/autoconsum-electric-400x150.jpg 400w\" sizes=\"(max-width: 665px) 100vw, 665px\" \/><figcaption id=\"caption-attachment-4810\" class=\"wp-caption-text\">el autoconsumo el\u00e9ctrico se ha convertido en una batalla entre los consumidores y el gobierno del PP en el dictado de las cinco compa\u00f1\u00edas el\u00e9ctricas<\/figcaption><\/figure>\n<h3>\u00bfQu\u00e9 impacto presupuestario tendr\u00eda el autoconsumo el\u00e9ctrico?<\/h3>\n<p><a href=\"http:\/\/www.diaridegirona.cat\/opinio\/2017\/03\/26\/contra-lautoconsum-electric\/836705.html\" target=\"_blank\" rel=\"noopener noreferrer\"> El gobierno del PP dice que la Proposici\u00f3n de ley de fomento del autoconsumo el\u00e9ctrico tendr\u00eda un impacto presupuestario de menor recaudaci\u00f3n tributaria con menos ingresos por IVA (21%) <\/a> y sobre el impuesto especial sobre electricidad (5,1%), pero tambi\u00e9n por una disminuci\u00f3n de ingresos a los peajes el\u00e9ctricos (que pagan d\u00e9ficit anterior, primas renovables, transporte, distribuci\u00f3n y comercializaci\u00f3n &#8230;).<\/p>\n<p style=\"text-align: left;\"><img loading=\"lazy\" class=\"size-full wp-image-5237 alignleft\" src=\"https:\/\/www.pimealdia.org\/wp-content\/uploads\/2017\/04\/autoconsum-energ\u00e8tic-3.jpg \" alt=\" \" width=\" 250 \" height=\" 250 \" srcset=\"https:\/\/www.pimealdia.org\/wp-content\/uploads\/2017\/04\/autoconsum-energ\u00e8tic-3.jpg 250w, https:\/\/www.pimealdia.org\/wp-content\/uploads\/2017\/04\/autoconsum-energ\u00e8tic-3-150x150.jpg 150w, https:\/\/www.pimealdia.org\/wp-content\/uploads\/2017\/04\/autoconsum-energ\u00e8tic-3-100x100.jpg 100w, https:\/\/www.pimealdia.org\/wp-content\/uploads\/2017\/04\/autoconsum-energ\u00e8tic-3-50x50.jpg 50w\" sizes=\"(max-width: 250px) 100vw, 250px\" \/> Tambi\u00e9n que no es una medida de ahorro ni de eficiencia el\u00e9ctrica (glups!) para que&#8221; el consumo del autoconsumidor es el mismo tanto si la energ\u00eda proviene de la red, como si se la genera \u00e9l (obviando que el autoconsumidor no tiene el 10% de p\u00e9rdidas por transporte y transformaci\u00f3n, ni las p\u00e9rdidas &#8211; 65% &#8211; de energ\u00eda primaria en la generaci\u00f3n t\u00e9rmica y nuclear). Sigue diciendo que existe un <strong> &#8220;impacto en la seguridad del sistema el\u00e9ctrico&#8221; <\/strong>, insiste en que <strong> &#8220;la medida tendr\u00eda un impacto econ\u00f3mico en el sistema el\u00e9ctrico, generando nuevos d\u00e9ficits de tarifa &#8220;<\/strong><\/p>\n<blockquote class=\"wp-embedded-content\" data-secret=\"r7qFnucnDc\"><p><a href=\"https:\/\/www.pimealdia.org\/es\/autoconsum-i-competencia\/\">Autoconsum el\u00e8ctric i compet\u00e8ncia<\/a><\/p><\/blockquote>\n<p><iframe class=\"wp-embedded-content\" sandbox=\"allow-scripts\" security=\"restricted\" style=\"position: absolute; clip: rect(1px, 1px, 1px, 1px);\" title=\"\u00abAutoconsum el\u00e8ctric i compet\u00e8ncia\u00bb \u2014 Pime al dia\" src=\"https:\/\/www.pimealdia.org\/es\/autoconsum-i-competencia\/embed\/#?secret=r7qFnucnDc\" data-secret=\"r7qFnucnDc\" width=\"600\" height=\"338\" frameborder=\"0\" marginwidth=\"0\" marginheight=\"0\" scrolling=\"no\"><\/iframe><\/p>\n<p>El estudio sobre el impacto econ\u00f3mico que ha hecho la Plataforma para el impulso de la generaci\u00f3n distribuida y el autoconsumo el\u00e9ctrico, a la que pertenece PIMEC, basado en una hip\u00f3tesis de 4 a\u00f1os en el curso de los cuales se hace una inversi\u00f3n de 1.000 MW fotovoltaicos:<\/p>\n<ul>\n<li>la reducci\u00f3n de peajes es de 41,78 millones \u20ac,<\/li>\n<li>la reducci\u00f3n del impuesto de electricidad es de 15,66 M \u20ac<\/li>\n<li>El IVA supondr\u00eda unos 64,3 M \u20ac<\/li>\n<\/ul>\n<blockquote><p>En total el sistema el\u00e9ctrico y el tributario dejar\u00edan de ingresar 121,8 M \u20ac<\/p><\/blockquote>\n<p>Pero la instalaci\u00f3n de 1.000 MW en este periodo aportar\u00eda al estado en concepto de IVA, IRPF, Seguridad Social, Impuesto de sociedades, licencias y tasas, la cifra acumulada de 404,08 M ??\u20ac. El mantenimiento implica tambi\u00e9n un retorno por IVA, SS, IS, IRPF la cifra de 7,58 M \u20ac. La desaparici\u00f3n de p\u00e9rdidas el\u00e9ctricas para transporte supone unos ingresos de 1,72 M \u20ac. La electricidad insular se rebajar\u00eda en 16,03 M \u20ac. El ahorro en importaciones de combustible se eval\u00faa en 127,89 M \u20ac y los derechos de CO <sub> 2 <\/sub> en 13,49 M \u20ac.<\/p>\n<p><strong> En conclusi\u00f3n, en 4 a\u00f1os de aumento de autoconsumo de 1.000 MW los ingresos totales del estado son de 513 M \u20ac, mientras que las p\u00e9rdidas recaudatorias son de 121,8 M \u20ac, con un saldo neto por el pa\u00eds de 391,2 M \u20ac. Todo esto sin tener en cuenta el efecto multiplicador que tiene para la econom\u00eda un ahorro como este, que podr\u00eda ser de 1,2, es decir, unos ingresos derivados para el sistema tributario de 40 M \u20ac m\u00e1s. <\/strong><\/p>\n<blockquote><p>Lo que es m\u00e1s grave es no contemplar el autoconsumo como un ahorro<\/p><\/blockquote>\n<p>La contradicci\u00f3n es completamente falsa, pues el autoconsumo es algo parecido a la cogeneraci\u00f3n, se genera en el mismo punto de consumo, evitando las p\u00e9rdidas de transporte y de distribuci\u00f3n, y se genera con una fuente energ\u00e9tica que no conlleva p\u00e9rdidas de combustible, que a la vez es aut\u00f3ctono y no hay que importar.<\/p>\n<p><strong> Joan Vila <\/strong>, Presidente de la Comisi\u00f3n de energ\u00eda de PIMEC<\/p>\n","protected":false},"excerpt":{"rendered":"<p>A ra\u00edz de la p\u00e9rdida de mayor\u00eda absoluta del PP, los dem\u00e1s partidos de la oposici\u00f3n intentan modificar la ley del impuesto al sol para permitir que el autoconsumo fotovoltaico se pueda extender por todo, como ocurre en otros pa\u00edses. Vemos qu\u00e9 impacto presupuestario tendr\u00eda el autoconsumo el\u00e9ctrico y por qu\u00e9 penalizar el ahorro es la medida m\u00e1s antiecon\u00f3mica que pueda haber. \u00bfQu\u00e9 impacto presupuestario tendr\u00eda el autoconsumo el\u00e9ctrico? El gobierno del PP dice que la Proposici\u00f3n de ley de fomento del autoconsumo el\u00e9ctrico tendr\u00eda un impacto presupuestario de menor recaudaci\u00f3n tributaria con menos ingresos por IVA (21%) y sobre<\/p>\n","protected":false},"author":30,"featured_media":8655,"comment_status":"open","ping_status":"closed","sticky":false,"template":"","format":"standard","meta":[],"categories":[330],"tags":[],"_links":{"self":[{"href":"https:\/\/www.pimealdia.org\/es\/wp-json\/wp\/v2\/posts\/8653"}],"collection":[{"href":"https:\/\/www.pimealdia.org\/es\/wp-json\/wp\/v2\/posts"}],"about":[{"href":"https:\/\/www.pimealdia.org\/es\/wp-json\/wp\/v2\/types\/post"}],"author":[{"embeddable":true,"href":"https:\/\/www.pimealdia.org\/es\/wp-json\/wp\/v2\/users\/30"}],"replies":[{"embeddable":true,"href":"https:\/\/www.pimealdia.org\/es\/wp-json\/wp\/v2\/comments?post=8653"}],"version-history":[{"count":0,"href":"https:\/\/www.pimealdia.org\/es\/wp-json\/wp\/v2\/posts\/8653\/revisions"}],"wp:featuredmedia":[{"embeddable":true,"href":"https:\/\/www.pimealdia.org\/es\/wp-json\/wp\/v2\/media\/8655"}],"wp:attachment":[{"href":"https:\/\/www.pimealdia.org\/es\/wp-json\/wp\/v2\/media?parent=8653"}],"wp:term":[{"taxonomy":"category","embeddable":true,"href":"https:\/\/www.pimealdia.org\/es\/wp-json\/wp\/v2\/categories?post=8653"},{"taxonomy":"post_tag","embeddable":true,"href":"https:\/\/www.pimealdia.org\/es\/wp-json\/wp\/v2\/tags?post=8653"}],"curies":[{"name":"wp","href":"https:\/\/api.w.org\/{rel}","templated":true}]}}