{"id":8667,"date":"2017-04-07T16:22:37","date_gmt":"2017-04-07T14:22:37","guid":{"rendered":"https:\/\/www.pimealdia.org\/existeix-voluntat-politica-per-eradicar-la-morositat\/"},"modified":"2017-08-30T23:54:34","modified_gmt":"2017-08-30T21:54:34","slug":"existeix-voluntat-politica-per-eradicar-la-morositat","status":"publish","type":"post","link":"https:\/\/www.pimealdia.org\/es\/existeix-voluntat-politica-per-eradicar-la-morositat\/","title":{"rendered":"\u00bfExiste voluntad pol\u00edtica para erradicar la morosidad?"},"content":{"rendered":"<p>El pr\u00f3ximo d\u00eda <strong> 20 de abril <\/strong> tendr\u00e1 lugar un gran logro para poder avanzar en el proyecto que desde hace tiempo inici\u00f3 <a href=\"https:\/\/www.pimec.org\/ca\/ \" target=\" _ blank \"> PIMEC <\/a> y la <a href=\"http:\/\/www.pmcm.es\/\" target=\"_blank\" rel=\"noopener noreferrer\"> Plataforma Multisectorial contra la morosidad (PMcM) <\/a>, y que tiene como m\u00e1xima prioridad erradicar la morosidad y conseguir la real aplicaci\u00f3n de la ley contra la morosidad en las operaciones comerciales, la Ley 3\/2004, de 29 diciembre, de medidas de lucha contra la morosidad en las operaciones comerciales, con la aplicaci\u00f3n de un r\u00e9gimen sancionador.<\/p>\n<p><img loading=\"lazy\" class=\"wp-image-5268 size-medium alignleft\" src=\"https:\/\/www.pimealdia.org\/wp-content\/uploads\/2017\/04\/IV-Cumbre-Pol\u00edtico-Empresarial-300x150.jpg\" alt=\"\" width=\"300\" height=\"150\" srcset=\"https:\/\/www.pimealdia.org\/wp-content\/uploads\/2017\/04\/IV-Cumbre-Pol\u00edtico-Empresarial-300x150.jpg 300w, https:\/\/www.pimealdia.org\/wp-content\/uploads\/2017\/04\/IV-Cumbre-Pol\u00edtico-Empresarial-600x300.jpg 600w, https:\/\/www.pimealdia.org\/wp-content\/uploads\/2017\/04\/IV-Cumbre-Pol\u00edtico-Empresarial-400x200.jpg 400w, https:\/\/www.pimealdia.org\/wp-content\/uploads\/2017\/04\/IV-Cumbre-Pol\u00edtico-Empresarial.jpg 660w\" sizes=\"(max-width: 300px) 100vw, 300px\" \/> Ser\u00e1 este d\u00eda cuando se celebre la <a href=\"http:\/\/www.pmcm.es\/agenda\/post\/iv-cumbre-politico-empresarial-contra-la-morosidad-2017 \" target=\" _ blank \"> IV Cumbre Pol\u00edtico-empresarial <\/a>, y cuando se podr\u00e1 ver si los partidos pol\u00edticos cumplen sus promesas electorales en materia de morosidad.<\/p>\n<p>Es sabido y sufrido por las pymes y aut\u00f3nomos de este pa\u00eds que uno de los peores problemas a los que se tienen que afrontar en su actividad es la morosidad y las largas esperas para poder cobrar las facturas, habiendo -se producido, por este motivo, el cierre de un tercio de las 500.000 empresas que han desaparecido desde el inicio de la crisis, seg\u00fan un <a href=\"http:\/\/pmcm.esinterban.com\/files\/31_Plazos%20de%20Pago%20Espa%C3%B1a % 202016.pdf \" target=\" _ blank \"> estudio de la PMcM <\/a>.<\/p>\n<p>La realidad econ\u00f3mica nos demuestra, constantemente, que con estas condiciones de morosidad, a las que se ven obligadas a trabajar las pymes y aut\u00f3nomos, s\u00f3lo se consigue la p\u00e9rdida constante de competitividad frente a otras empresas de nuestros pa\u00edses vecinos donde ya existe una legislaci\u00f3n y cultura del &#8220;buen pagador&#8221;.<\/p>\n<p>Hay que decir que se han logrado grandes mejoras en esta materia, siendo la m\u00e1s importante la promulgaci\u00f3n, en el a\u00f1o 2010, de la ley 15\/2010, de 5 de julio, que modificaba la ley 3\/2004, de 29 de diciembre , de medida de lucha contra la morosidad en las operaciones comerciales, y mediante la que se limit\u00f3 la posibilidad de que las partes pudieran pactar un plazo de pago por encima de los 60 d\u00edas.<\/p>\n<p>Si bien esta ley ha propiciado una gradual reducci\u00f3n de los plazos de pago dentro del sector privado, las grandes empresas todav\u00eda imponen plazos de pago por encima de los legalmente establecidos, o formas de pago, como el &#8220;confirming&#8221;, que provocan una penalizaci\u00f3n hacia los proveedores, que para ejercer su derecho a cobrar dentro del plazo legal se ven obligados a pagar intereses y comisiones bancarias.<\/p>\n<h3><strong> Estudio de comportamiento de plazos de pago en Espa\u00f1a <\/strong><\/h3>\n<p>En este sentido cabe destacar el \u00faltimo <a href=\"http:\/\/www.pmcm.es\/blog\/post\/al-68-de-los-proveedores-se-les-imponen-plazos-de-pago-superiores-a-los-permitidos-por-ley \" target=\" _ blank \"> estudio de comportamientos de plazos de pago en Espa\u00f1a <\/a> realizado por la <strong> PMcM <\/strong> y que refleja que durante el a\u00f1o 2016 el <strong> plazo medio de pago en el sector privado fue de 77 d\u00edas <\/strong>, muy por encima de los 60 d\u00edas establecidos por la ley contra la morosidad, y que al <strong> sector p\u00fablico este plazo de pago ha sido de 71 d\u00edas <\/strong>, contra los 30 d\u00edas que marca la actual Ley de Contratos del Sector P\u00fablico.<\/p>\n<p>Asimismo, un 68% de las empresas que fueron encuestadas confirmaron que ten\u00edan contratos o acuerdos comerciales con plazos de pago por encima de los 60 d\u00edas legales y un 93% de las mismas manifestaron estar a favor de implementar un r\u00e9gimen sancionador para solucionar el problema de la morosidad.<\/p>\n<p>[Gview file = &#8220;https:\/\/www.pimealdia.org\/wp-content\/uploads\/2017\/04\/31_Plazos-de-Pago-Espa\u00f1a-2016.pdf&#8221;]<\/p>\n<h3>Pactos para resolver la problem\u00e1tica de la morosidad<\/h3>\n<p>Ante esta realidad es cierto que los partidos pol\u00edticos han incorporado en sus programas electorales puntos o pactos para poder resolver esta problem\u00e1tica, pero <strong> existe una verdadera voluntad pol\u00edtica para erradicar la morosidad? <\/strong><\/p>\n<p><strong> La IV Cumbre Pol\u00edtico-empresarial <\/strong> que cuenta con la asistencia tanto del l\u00edder del partido de <strong> Ciudadanos <\/strong>, <strong> Albert Rivera <\/strong>, que ha manifestado que <em> &#8220;no puede haber una Ley de Morosidad sin un c\u00f3digo de sanciones&#8221; ; como el de <strong> Podemos <\/strong>, <strong> Pablo Iglesias <\/strong>, tiene que ser un punto de inflexi\u00f3n hacia el cambio a un compromiso en firme para resolver esta gran problem\u00e1tica que afecta muy directamente a las empresas, as\u00ed como a los trabajadores y en general a toda la econom\u00eda.<\/em><\/p>\n<p><img loading=\"lazy\" class=\"alignnone wp-image-5300 size-large\" src=\"https:\/\/www.pimealdia.org\/wp-content\/uploads\/2017\/04\/Compromiso-PMcM-1024x397.jpg\" alt=\"\" width=\"800\" height=\"310\" srcset=\"https:\/\/www.pimealdia.org\/wp-content\/uploads\/2017\/04\/Compromiso-PMcM-1024x397.jpg 1024w, https:\/\/www.pimealdia.org\/wp-content\/uploads\/2017\/04\/Compromiso-PMcM-300x116.jpg 300w, https:\/\/www.pimealdia.org\/wp-content\/uploads\/2017\/04\/Compromiso-PMcM-1000x388.jpg 1000w, https:\/\/www.pimealdia.org\/wp-content\/uploads\/2017\/04\/Compromiso-PMcM-800x310.jpg 800w, https:\/\/www.pimealdia.org\/wp-content\/uploads\/2017\/04\/Compromiso-PMcM-600x233.jpg 600w, https:\/\/www.pimealdia.org\/wp-content\/uploads\/2017\/04\/Compromiso-PMcM-400x155.jpg 400w, https:\/\/www.pimealdia.org\/wp-content\/uploads\/2017\/04\/Compromiso-PMcM.jpg 2000w\" sizes=\"(max-width: 800px) 100vw, 800px\" \/><\/p>\n<p>En la <strong> IV Cumbre Pol\u00edtico-empresarial <\/strong> ser\u00e1n el conjunto de los partidos pol\u00edticos, que integran el actual parlamento, los que tendr\u00e1n que manifestar de manera clara cu\u00e1l es su implicaci\u00f3n en esta legislatura por <strong> combatir la lacra de la morosidad <\/strong>, apoyando la tramitaci\u00f3n y promulgaci\u00f3n de un <strong> r\u00e9gimen sancionador <\/strong> que penalice de forma contundente aquellas empresas que paguen por encima de los d\u00edas que marca la ley.<\/p>\n<blockquote class=\"twitter-tweet\" data-lang=\"es\">\n<p dir=\"ltr\" lang=\"es\">. <a href=\"https:\/\/twitter.com\/Alber_Canarias\"> @Alber_Canarias <\/a> &#8220;La pr\u00e1ctica de la morosidad y el incumplimiento de la ley supone una Financiaci\u00f3n encubierta para las grandes empresas &#8220;<a href=\"https:\/\/twitter.com\/Alber_Canarias\"> @Alber_Canarias <\/a> <a href=\"https:\/\/t.co\/BmoIBcAIDc\"> pic.twitter.com\/BmoIBcAIDc <\/a><\/p>\n<p>&#8211; Podemos Congreso (@PodemosCongreso) <a href=\"https:\/\/twitter.com\/PodemosCongreso\/status\/849284283508424704\"> 4 de abril de 2017 <\/a><\/p><\/blockquote>\n<p><script src=\"\/\/ platform.twitter.com\/widgets.js\" async=\"\" charset=\"UTF-8\">\/\/ <![CDATA[\n \n\/\/ ]]><\/script><\/p>\n<blockquote class=\"twitter-tweet\" data-lang=\"es\">\n<p dir=\"ltr\" lang=\"es\">Hoy en el Congreso de nuevo apoyamos a PYMEs y Aut\u00f3nomos en la lucha contra la morosidad, exigencia de Nuestro ACUERDO de investidura? <a href=\"https:\/\/t.co\/L2UUDRfM08\"> https:\/\/t.co\/L2UUDRfM08 <\/a><\/p>\n<p>&#8211; In\u00e9s Arrimadas (@InesArrimadas) <a href=\"https:\/\/twitter.com\/InesArrimadas\/status\/844632241393356800\"> 22 de marzo de 2017 <\/a><\/p><\/blockquote>\n<p><script src=\"\/\/ platform.twitter.com\/widgets.js\" async=\"\" charset=\"UTF-8\">\/\/ <![CDATA[\n \n\/\/ ]]><\/script><\/p>\n<blockquote class=\"twitter-tweet\" data-lang=\"es\">\n<p dir=\"ltr\" lang=\"es\">Podemos luchar por una responsabilidad social en el pago a Proveedores que protejen a las pymes y Aut\u00f3nomos <a href=\"https:\/\/twitter.com\/hashtag\/Morosidad?src= hash \"> # Morosidad <\/a> <a href=\"https:\/\/twitter.com\/hashtag\/R%C3%A9gimenSancionadorYa?src=hash\"> # R\u00e9gimenSancionadorYa <\/a> <a href=\" https: \/\/ t.co\/EzFy2lWyNV\">pic.twitter.com\/EzFy2lWyNV <\/a><\/p>\n<p>&#8211; Antoni Ca\u00f1ete (@AntoniCanete) <a href=\"https:\/\/twitter.com\/AntoniCanete\/status\/845047996953886721\"> 23 de marzo de 2017 <\/a><\/p><\/blockquote>\n<p><script src=\"\/\/ platform.twitter.com\/widgets.js\" async=\"\" charset=\"UTF-8\">\/\/ <![CDATA[\n \n\/\/ ]]><\/script><\/p>\n<blockquote class=\"twitter-tweet\" data-lang=\"es\">\n<p dir=\"ltr\" lang=\"es\">Nos reunimos con <a href=\"https:\/\/twitter.com\/PCMorosidad\"> @PCMorosidad <\/a>. Administraciones y grandes empresas Deben pagar a tiempo para no destruir PYMEs y Aut\u00f3nomos (p. 34 ACUERDO) <a href=\"https:\/\/t.co\/jfrtlWkVcR\"> pic.twitter.com\/jfrtlWkVcR <\/a><\/p>\n<p>&#8211; Albert Rivera (@Albert_Rivera) <a href=\"https:\/\/twitter.com\/Albert_Rivera\/status\/844594831028617217\"> 22 de marzo de 2017 <\/a><\/p><\/blockquote>\n<p><script src=\"\/\/ platform.twitter.com\/widgets.js\" async=\"\" charset=\"UTF-8\">\/\/ <![CDATA[\n \n\/\/ ]]><\/script><\/p>\n<p>Por otra parte, incorporando al Proyecto de Ley de Contratos del Sector P\u00fablico, que se encuentra en tr\u00e1mite parlamentario, aquellas enmiendas presentadas por <strong> PIMEC <\/strong>, la <strong> PMcM <\/strong> y la <strong> Confederaci\u00f3n de Empresarios de la Construcci\u00f3n de Arag\u00f3n (la CEAC) <\/strong>, a las que se han pedido, no s\u00f3lo que la Administraci\u00f3n cumpla de manera escrupulosa toda la legislaci\u00f3n estatal y europea en materia de plazos de pago hacia a sus contratistas (30 d\u00edas), si no que se incluya dentro del Proyecto de Ley las medidas necesarias para garantizar que las certificaciones de obra sean aprobadas en un plazo m\u00e1ximo de 30 d\u00edas desde fecha de ejecuci\u00f3n de la misma:<\/p>\n<ul>\n<li>que exista un real control por parte de la Administraci\u00f3n de los pagos que haga el contratista al subcontratista<\/li>\n<li>que se habilite a los subcontratistas a ejercer la acci\u00f3n directa ante la Administraci\u00f3n a los supuesto de impago de sus facturas<\/li>\n<\/ul>\n<p>El compromiso por parte de los partidos pol\u00edticos hacia una actuaci\u00f3n dirigida a erradicar la morosidad es crucial para su consecuci\u00f3n, y el d\u00eda <strong> 20 de abril <\/strong>, bajo el paraguas de la <strong> PMcM <\/strong> como impulsora de la <strong> IV Cumbre pol\u00edtico-empresarial <\/strong>, tendr\u00e1n la oportunidad de manifestar cu\u00e1les son sus <strong> l\u00edneas de actuaci\u00f3n en el implantaci\u00f3n del r\u00e9gimen sancionador <\/strong> as\u00ed como en la regulaci\u00f3n propuesta para que las Administraciones, en el \u00e1mbito de la contrataci\u00f3n p\u00fablica, que suponen casi un 20% del PIB, cumpla tambi\u00e9n con sus obligaciones de pago.<\/p>\n<blockquote class=\"twitter-tweet\" data-lang=\"es\">\n<p dir=\"ltr\" lang=\"es\"><a href=\"https:\/\/twitter.com\/PCMorosidad\"> @PCMorosidad <\/a> Nosotros s\u00ed! <a href=\"https:\/\/twitter.com\/ERC_economia\"> @ERC_economia <\/a> <a href=\"https:\/\/twitter.com\/hashtag\/cosesquefaERCaMadrid?src=hash\"> #cosesquefaERCaMadrid <\/a><\/p>\n<p>&#8211; Joan Capdevila? (@capdevilajoan) <a href=\"https:\/\/twitter.com\/capdevilajoan\/status\/850040571892781056\"> 6 de abril de 2017 <\/a><\/p><\/blockquote>\n<p><script src=\"\/\/ platform.twitter.com\/widgets.js\" async=\"\" charset=\"UTF-8\">\/\/ <![CDATA[\n \n\/\/ ]]><\/script><\/p>\n<blockquote class=\"twitter-tweet\" data-lang=\"es\">\n<p dir=\"ltr\" lang=\"es\">Tendr\u00e1n Nuestro Apoyo <a href=\"https:\/\/t.co\/WE2Kbkx5ke\"> https:\/\/t.co\/WE2Kbkx5ke <\/a><\/p>\n<p>&#8211; Toni Rold\u00e1n Mon\u00e9s (@toniroldanm) <a href=\"https:\/\/twitter.com\/toniroldanm\/status\/844563415033151488\"> 22 de marzo de 2017 <\/a><\/p><\/blockquote>\n<p><script src=\"\/\/ platform.twitter.com\/widgets.js\" async=\"\" charset=\"UTF-8\">\/\/ <![CDATA[\n \n\/\/ ]]><\/script><\/p>\n","protected":false},"excerpt":{"rendered":"<p>El pr\u00f3ximo d\u00eda 20 de abril tendr\u00e1 lugar un gran logro para poder avanzar en el proyecto que desde hace tiempo inici\u00f3 PIMEC y la Plataforma Multisectorial contra la morosidad (PMcM) , y que tiene como m\u00e1xima prioridad erradicar la morosidad y conseguir la real aplicaci\u00f3n de la ley contra la morosidad en las operaciones comerciales, la Ley 3\/2004, de 29 diciembre, de medidas de lucha contra la morosidad en las operaciones comerciales, con la aplicaci\u00f3n de un r\u00e9gimen sancionador. Ser\u00e1 este d\u00eda cuando se celebre la IV Cumbre Pol\u00edtico-empresarial , y cuando se podr\u00e1 ver si los partidos pol\u00edticos<\/p>\n","protected":false},"author":42,"featured_media":8669,"comment_status":"open","ping_status":"closed","sticky":false,"template":"","format":"standard","meta":[],"categories":[342],"tags":[],"_links":{"self":[{"href":"https:\/\/www.pimealdia.org\/es\/wp-json\/wp\/v2\/posts\/8667"}],"collection":[{"href":"https:\/\/www.pimealdia.org\/es\/wp-json\/wp\/v2\/posts"}],"about":[{"href":"https:\/\/www.pimealdia.org\/es\/wp-json\/wp\/v2\/types\/post"}],"author":[{"embeddable":true,"href":"https:\/\/www.pimealdia.org\/es\/wp-json\/wp\/v2\/users\/42"}],"replies":[{"embeddable":true,"href":"https:\/\/www.pimealdia.org\/es\/wp-json\/wp\/v2\/comments?post=8667"}],"version-history":[{"count":0,"href":"https:\/\/www.pimealdia.org\/es\/wp-json\/wp\/v2\/posts\/8667\/revisions"}],"wp:featuredmedia":[{"embeddable":true,"href":"https:\/\/www.pimealdia.org\/es\/wp-json\/wp\/v2\/media\/8669"}],"wp:attachment":[{"href":"https:\/\/www.pimealdia.org\/es\/wp-json\/wp\/v2\/media?parent=8667"}],"wp:term":[{"taxonomy":"category","embeddable":true,"href":"https:\/\/www.pimealdia.org\/es\/wp-json\/wp\/v2\/categories?post=8667"},{"taxonomy":"post_tag","embeddable":true,"href":"https:\/\/www.pimealdia.org\/es\/wp-json\/wp\/v2\/tags?post=8667"}],"curies":[{"name":"wp","href":"https:\/\/api.w.org\/{rel}","templated":true}]}}