{"id":8707,"date":"2017-05-02T16:30:03","date_gmt":"2017-05-02T14:30:03","guid":{"rendered":"https:\/\/www.pimealdia.org\/leuropa-de-les-pimes\/"},"modified":"2017-08-31T12:57:11","modified_gmt":"2017-08-31T10:57:11","slug":"leuropa-de-les-pimes","status":"publish","type":"post","link":"https:\/\/www.pimealdia.org\/es\/leuropa-de-les-pimes\/","title":{"rendered":"La Europa de las pymes"},"content":{"rendered":"<p>La Uni\u00f3n Europea acaba de cumplir 60 a\u00f1os y atraviesa un momento complicado de su larga vida. El desencanto ha arraigado entre la poblaci\u00f3n, al tiempo que los populismos extienden por el continente. El futuro de Europa pasa por <strong> mejorar las condiciones de vida de sus ciudadanos <\/strong> y esto, a su vez, exige <strong> mejorar las condiciones de los peque\u00f1os y medianos empresarios y los aut\u00f3nomos. <\/strong> <img loading=\"lazy\" class=\"aligncenter wp-image-3980 size-full\" src=\"https:\/\/www.pimealdia.org\/wp-content\/uploads\/2017\/01\/Semana-Europea-de-la-Formaci\u00f3n-Profesional-1.jpg \" alt=\" \" width=\" 665 \" height=\" 133 \" srcset=\"https:\/\/www.pimealdia.org\/wp-content\/uploads\/2017\/01\/Semana-Europea-de-la-Formaci\u00f3n-Profesional-1.jpg 665w, https:\/\/www.pimealdia.org\/wp-content\/uploads\/2017\/01\/Semana-Europea-de-la-Formaci\u00f3n-Profesional-1-300x60.jpg 300w, https:\/\/www.pimealdia.org\/wp-content\/uploads\/2017\/01\/Semana-Europea-de-la-Formaci\u00f3n-Profesional-1-600x120.jpg 600w, https:\/\/www.pimealdia.org\/wp-content\/uploads\/2017\/01\/Semana-Europea-de-la-Formaci\u00f3n-Profesional-1-400x80.jpg 400w\" sizes=\"(max-width: 665px) 100vw, 665px\" \/><\/p>\n<p>En toda Europa hay m\u00e1s de 22 millones de pymes, seg\u00fan la definici\u00f3n de la propia Comisi\u00f3n Europa (con menos de 250 trabajadores), que representan el 67% de la ocupaci\u00f3n y el 60% del valor a\u00f1adido de la econom\u00eda. Grecia, Malta y Bulgaria son los pa\u00edses donde las pymes tienen un peso m\u00e1s relevante dentro de la ocupaci\u00f3n, mientras que el Reino Unido es donde tienen menos relevancia (un 53%).<\/p>\n<p><img loading=\"lazy\" class=\"wp-image-5429 size-medium alignleft\" src=\"https:\/\/www.pimealdia.org\/wp-content\/uploads\/2017\/05\/empleo-en-Europa-1-300x200.jpg\" alt=\"\" width=\"300\" height=\"200\" \/><\/p>\n<p>Las medidas planteadas inciden en el fomento de la emprendedur\u00eda, la simplificaci\u00f3n administrativa, el acceso a la financiaci\u00f3n y el impulso de la internacionalizaci\u00f3n. Las pymes hab\u00edan sido el foco de la UE cuando en 2008 lanz\u00f3 su iniciativa <a href=\"https:\/\/ec.europa.eu\/growth\/smes\/business-friendly-environment\/small-business-act_es\" target=\" _blank \">&#8221; Small Business Act &#8220;(SBA) <\/a>, un conjunto de medidas reclamadas por las instituciones europeas para favorecer las pymes en todo el continente. Las medidas planteadas inciden en el fomento de la emprendedur\u00eda, la simplificaci\u00f3n administrativa, el acceso a la financiaci\u00f3n y el impulso de la internacionalizaci\u00f3n.<\/p>\n<blockquote class=\"wp-embedded-content\" data-secret=\"yk2RmOfTmk\"><p><a href=\"https:\/\/www.pimealdia.org\/es\/el-manifest-per-al-canvi-i-lempoderament-a-lepoca-digital\/\">El Manifest per al canvi i l\u2019empoderament a l\u2019\u00e8poca digital<\/a><\/p><\/blockquote>\n<p><iframe class=\"wp-embedded-content\" sandbox=\"allow-scripts\" security=\"restricted\" style=\"position: absolute; clip: rect(1px, 1px, 1px, 1px);\" title=\"\u00abEl Manifest per al canvi i l\u2019empoderament a l\u2019\u00e8poca digital\u00bb \u2014 Pime al dia\" src=\"https:\/\/www.pimealdia.org\/es\/el-manifest-per-al-canvi-i-lempoderament-a-lepoca-digital\/embed\/#?secret=yk2RmOfTmk\" data-secret=\"yk2RmOfTmk\" width=\"600\" height=\"338\" frameborder=\"0\" marginwidth=\"0\" marginheight=\"0\" scrolling=\"no\"><\/iframe><\/p>\n<p>Desde la adopci\u00f3n de la <strong> SBA <\/strong>, su aplicaci\u00f3n ha sido desigual en toda Europa y, sin duda, la crisis econ\u00f3mica de los \u00faltimos a\u00f1os ha tenido un impacto nefasto sobre el tejido de pymes.<\/p>\n<p>En cualquier caso, todav\u00eda queda mucho por hacer para lograr que las pymes est\u00e9n en el centro de las pol\u00edticas europeas.<\/p>\n<blockquote><p>El futuro de Europa depende en buena parte de que las medidas sobre las pymes las hagan m\u00e1s fuertes y competitivas, pues de ellas depende el grueso del empleo en Europa<\/p><\/blockquote>\n<blockquote class=\"wp-embedded-content\" data-secret=\"GiYrFrp5yK\"><p><a href=\"https:\/\/www.pimealdia.org\/es\/europa-ens-afecta\/\">Europa ens afecta<\/a><\/p><\/blockquote>\n<p><iframe class=\"wp-embedded-content\" sandbox=\"allow-scripts\" security=\"restricted\" style=\"position: absolute; clip: rect(1px, 1px, 1px, 1px);\" title=\"\u00abEuropa ens afecta\u00bb \u2014 Pime al dia\" src=\"https:\/\/www.pimealdia.org\/es\/europa-ens-afecta\/embed\/#?secret=GiYrFrp5yK\" data-secret=\"GiYrFrp5yK\" width=\"600\" height=\"338\" frameborder=\"0\" marginwidth=\"0\" marginheight=\"0\" scrolling=\"no\"><\/iframe><\/p>\n","protected":false},"excerpt":{"rendered":"<p>La Uni\u00f3n Europea acaba de cumplir 60 a\u00f1os y atraviesa un momento complicado de su larga vida. El desencanto ha arraigado entre la poblaci\u00f3n, al tiempo que los populismos extienden por el continente. El futuro de Europa pasa por mejorar las condiciones de vida de sus ciudadanos y esto, a su vez, exige mejorar las condiciones de los peque\u00f1os y medianos empresarios y los aut\u00f3nomos. En toda Europa hay m\u00e1s de 22 millones de pymes, seg\u00fan la definici\u00f3n de la propia Comisi\u00f3n Europa (con menos de 250 trabajadores), que representan el 67% de la ocupaci\u00f3n y el 60% del valor<\/p>\n","protected":false},"author":19,"featured_media":8709,"comment_status":"open","ping_status":"closed","sticky":false,"template":"","format":"standard","meta":[],"categories":[330],"tags":[],"_links":{"self":[{"href":"https:\/\/www.pimealdia.org\/es\/wp-json\/wp\/v2\/posts\/8707"}],"collection":[{"href":"https:\/\/www.pimealdia.org\/es\/wp-json\/wp\/v2\/posts"}],"about":[{"href":"https:\/\/www.pimealdia.org\/es\/wp-json\/wp\/v2\/types\/post"}],"author":[{"embeddable":true,"href":"https:\/\/www.pimealdia.org\/es\/wp-json\/wp\/v2\/users\/19"}],"replies":[{"embeddable":true,"href":"https:\/\/www.pimealdia.org\/es\/wp-json\/wp\/v2\/comments?post=8707"}],"version-history":[{"count":0,"href":"https:\/\/www.pimealdia.org\/es\/wp-json\/wp\/v2\/posts\/8707\/revisions"}],"wp:featuredmedia":[{"embeddable":true,"href":"https:\/\/www.pimealdia.org\/es\/wp-json\/wp\/v2\/media\/8709"}],"wp:attachment":[{"href":"https:\/\/www.pimealdia.org\/es\/wp-json\/wp\/v2\/media?parent=8707"}],"wp:term":[{"taxonomy":"category","embeddable":true,"href":"https:\/\/www.pimealdia.org\/es\/wp-json\/wp\/v2\/categories?post=8707"},{"taxonomy":"post_tag","embeddable":true,"href":"https:\/\/www.pimealdia.org\/es\/wp-json\/wp\/v2\/tags?post=8707"}],"curies":[{"name":"wp","href":"https:\/\/api.w.org\/{rel}","templated":true}]}}