{"id":8712,"date":"2017-05-02T16:50:29","date_gmt":"2017-05-02T14:50:29","guid":{"rendered":"https:\/\/www.pimealdia.org\/europa-ens-afecta\/"},"modified":"2017-08-31T13:01:44","modified_gmt":"2017-08-31T11:01:44","slug":"europa-ens-afecta","status":"publish","type":"post","link":"https:\/\/www.pimealdia.org\/es\/europa-ens-afecta\/","title":{"rendered":"Europa nos afecta"},"content":{"rendered":"<p>A menudo creemos que Bruselas y sus instituciones comunitarias nos quedan demasiado lejos. Hoy d\u00eda pero m\u00e1s de la mitad de las leyes y normativas que afectan a nuestra vida cotidiana tienen su origen en <strong> regulaciones comunitarias <\/strong>, Europa nos afecta, y mucho.<\/p>\n<blockquote><p>El proceso de construcci\u00f3n europea ha otorgado m\u00e1s poder legislativo a las instituciones comunitarias &#8211; Parlamento, Comisi\u00f3n y Consejo Europeo- que regulan a trav\u00e9s de reglamentos y directivas<\/p><\/blockquote>\n<p>Los primeros son de aplicaci\u00f3n directa a los Estados miembros, mientras que las segundas exigen un grado de adaptaci\u00f3n a la normativa nacional, que se conoce como &#8220;Transposici\u00f3n&#8221;.<\/p>\n<p><img loading=\"lazy\" class=\"aligncenter wp-image-4317 size-full\" src=\"https:\/\/www.pimealdia.org\/wp-content\/uploads\/2016\/05\/Projectes-Europeus-banner.jpg\" alt=\"\" width=\"665\" height=\"147\" srcset=\"https:\/\/www.pimealdia.org\/wp-content\/uploads\/2016\/05\/Projectes-Europeus-banner.jpg 665w, https:\/\/www.pimealdia.org\/wp-content\/uploads\/2016\/05\/Projectes-Europeus-banner-300x66.jpg 300w, https:\/\/www.pimealdia.org\/wp-content\/uploads\/2016\/05\/Projectes-Europeus-banner-600x133.jpg 600w, https:\/\/www.pimealdia.org\/wp-content\/uploads\/2016\/05\/Projectes-Europeus-banner-400x88.jpg 400w\" sizes=\"(max-width: 665px) 100vw, 665px\" \/><\/p>\n<p>A modo de ejemplo, en el momento de redactar este documento, las instituciones comunitarias no s\u00f3lo se preocupaban por <a href=\"https:\/\/www.pimealdia.org\/es\/el-brexit-una-oportunitat-per-les -empresas-catalanas\/ \" target=\" _ blank \"> Brexit <\/a>, sino por muchas otras cuestiones de gran afectaci\u00f3n.<\/p>\n<p>[Gview file = &#8220;https:\/\/www.pimealdia.org\/wp-content\/uploads\/2017\/05\/170329_-_pr_Brexit-1.pdf&#8221;]<\/p>\n<p>Por ejemplo, la Comisi\u00f3n Europea ha hecho p\u00fablico el <a href=\"http:\/\/www.ueapme.com\/IMG\/pdf\/170426_-_pr_EPSR_package.pdf\" target=\"_blank\" rel=\"noopener noreferrer\"> &#8220;Pilar Europeo de Derechos Sociales &#8220;<\/a> que podr\u00eda dar a legislaci\u00f3n europea relevante sobre conciliaci\u00f3n de la vida familiar y laboral (p. ej. permiso de paternidad, derecho de lactancia etc.).<\/p>\n<blockquote class=\"wp-embedded-content\" data-secret=\"XgJumN1AhA\"><p><a href=\"https:\/\/www.pimealdia.org\/es\/el-papel-de-europa-en-la-igualdad-entre-mujeres-y-hombres\/\">El paper d&#8217;Europa en la igualtat entre dones i homes<\/a><\/p><\/blockquote>\n<p><iframe class=\"wp-embedded-content\" sandbox=\"allow-scripts\" security=\"restricted\" style=\"position: absolute; clip: rect(1px, 1px, 1px, 1px);\" title=\"\u00abEl paper d&#8217;Europa en la igualtat entre dones i homes\u00bb \u2014 Pime al dia\" src=\"https:\/\/www.pimealdia.org\/es\/el-papel-de-europa-en-la-igualdad-entre-mujeres-y-hombres\/embed\/#?secret=XgJumN1AhA\" data-secret=\"XgJumN1AhA\" width=\"600\" height=\"338\" frameborder=\"0\" marginwidth=\"0\" marginheight=\"0\" scrolling=\"no\"><\/iframe><\/p>\n<figure id=\"attachment_5438\" aria-describedby=\"caption-attachment-5438\" style=\"width: 300px\" class=\"wp-caption alignleft\"><img loading=\"lazy\" class=\"wp-image-5438 size-medium\" src=\"https:\/\/www.pimealdia.org\/wp-content\/uploads\/2017\/05\/Europa-ens-afecta-300x225.jpg\" alt=\"\" width=\"300\" height=\"225\" srcset=\"https:\/\/www.pimealdia.org\/wp-content\/uploads\/2017\/05\/Europa-ens-afecta-300x225.jpg 300w, https:\/\/www.pimealdia.org\/wp-content\/uploads\/2017\/05\/Europa-ens-afecta-600x450.jpg 600w, https:\/\/www.pimealdia.org\/wp-content\/uploads\/2017\/05\/Europa-ens-afecta-400x300.jpg 400w, https:\/\/www.pimealdia.org\/wp-content\/uploads\/2017\/05\/Europa-ens-afecta.jpg 640w\" sizes=\"(max-width: 300px) 100vw, 300px\" \/><figcaption id=\"caption-attachment-5438\" class=\"wp-caption-text\">un paquete de medidas sobre Econom\u00eda Circular deben facilitar la transici\u00f3n europea hacia un nuevo modelo econ\u00f3mico<\/figcaption><\/figure>\n<p>Tambi\u00e9n se est\u00e1 trabajando en una reforma de la Directiva sobre IVA, que deber\u00eda incluir un cap\u00edtulo especial sobre el r\u00e9gimen de pymes. Un paquete de medidas sobre <strong> Econom\u00eda Circular <\/strong> deben facilitar la transici\u00f3n europea hacia <strong> un nuevo modelo econ\u00f3mico, <\/strong> a la vez que se debate a\u00fan sobre la uni\u00f3n bancaria para evitar futuras crisis financieras.<\/p>\n<p>En todas estas iniciativas, los agentes sociales europeos &#8211; patronales y sindicatos -, dan su opini\u00f3n en procedimientos de consulta.<\/p>\n<p>A nivel europeo, las pymes est\u00e1n representadas por la patronal <a href=\"http:\/\/www.ueapme.com\" target=\"_blank\" rel=\"noopener noreferrer\"> UEAPME <\/a>, que cuenta con 67 patronales afiliadas de 34 pa\u00edses, representando 12 millones de pymes. PIMEC es uno de los miembros fundadores y actual vicepresidente de UEAPME.<\/p>\n","protected":false},"excerpt":{"rendered":"<p>A menudo creemos que Bruselas y sus instituciones comunitarias nos quedan demasiado lejos. Hoy d\u00eda pero m\u00e1s de la mitad de las leyes y normativas que afectan a nuestra vida cotidiana tienen su origen en regulaciones comunitarias , Europa nos afecta, y mucho. El proceso de construcci\u00f3n europea ha otorgado m\u00e1s poder legislativo a las instituciones comunitarias &#8211; Parlamento, Comisi\u00f3n y Consejo Europeo- que regulan a trav\u00e9s de reglamentos y directivas Los primeros son de aplicaci\u00f3n directa a los Estados miembros, mientras que las segundas exigen un grado de adaptaci\u00f3n a la normativa nacional, que se conoce como &#8220;Transposici\u00f3n&#8221;. A<\/p>\n","protected":false},"author":19,"featured_media":8714,"comment_status":"open","ping_status":"closed","sticky":false,"template":"","format":"standard","meta":[],"categories":[338],"tags":[],"_links":{"self":[{"href":"https:\/\/www.pimealdia.org\/es\/wp-json\/wp\/v2\/posts\/8712"}],"collection":[{"href":"https:\/\/www.pimealdia.org\/es\/wp-json\/wp\/v2\/posts"}],"about":[{"href":"https:\/\/www.pimealdia.org\/es\/wp-json\/wp\/v2\/types\/post"}],"author":[{"embeddable":true,"href":"https:\/\/www.pimealdia.org\/es\/wp-json\/wp\/v2\/users\/19"}],"replies":[{"embeddable":true,"href":"https:\/\/www.pimealdia.org\/es\/wp-json\/wp\/v2\/comments?post=8712"}],"version-history":[{"count":0,"href":"https:\/\/www.pimealdia.org\/es\/wp-json\/wp\/v2\/posts\/8712\/revisions"}],"wp:featuredmedia":[{"embeddable":true,"href":"https:\/\/www.pimealdia.org\/es\/wp-json\/wp\/v2\/media\/8714"}],"wp:attachment":[{"href":"https:\/\/www.pimealdia.org\/es\/wp-json\/wp\/v2\/media?parent=8712"}],"wp:term":[{"taxonomy":"category","embeddable":true,"href":"https:\/\/www.pimealdia.org\/es\/wp-json\/wp\/v2\/categories?post=8712"},{"taxonomy":"post_tag","embeddable":true,"href":"https:\/\/www.pimealdia.org\/es\/wp-json\/wp\/v2\/tags?post=8712"}],"curies":[{"name":"wp","href":"https:\/\/api.w.org\/{rel}","templated":true}]}}