{"id":8762,"date":"2017-06-05T23:31:54","date_gmt":"2017-06-05T21:31:54","guid":{"rendered":"https:\/\/www.pimealdia.org\/debat-sobre-lautoconsum-denergia-electrica\/"},"modified":"2017-08-31T13:52:13","modified_gmt":"2017-08-31T11:52:13","slug":"debat-sobre-lautoconsum-denergia-electrica","status":"publish","type":"post","link":"https:\/\/www.pimealdia.org\/es\/debat-sobre-lautoconsum-denergia-electrica\/","title":{"rendered":"Debate sobre el autoconsumo de energ\u00eda el\u00e9ctrica"},"content":{"rendered":"<p>La energ\u00eda el\u00e9ctrica es un bien b\u00e1sico e imprescindible para cualquier actividad comercial e industrial, sin la estamos pagando muy cara: el precio de la energ\u00eda est\u00e1 absorbiendo unos costes que no deber\u00edamos asumir los consumidores. Adicionalmente, en Espa\u00f1a tenemos el precio de la energ\u00eda m\u00e1s elevado de toda Europa y las pymes pagamos la energ\u00eda mucho m\u00e1s cara que las grandes empresas.<\/p>\n<p>Carlos Vivas, miembro de la Comisi\u00f3n de Energ\u00eda de PIMEC, nos cuenta en esta mesa debate, como el autoconsumo de energ\u00eda el\u00e9ctrica es una vertiente para rebajar costes y podr\u00eda generar miles de puestos de trabajo.<\/p>\n<p>Minuto 10:45-16:51<br \/>\n<iframe loading=\"lazy\" id=\"iframe_chapter\" src=\"http:\/\/canal-taronja-central.xiptv.cat\/embed\/308699?width=778&amp;iframe_width=800&amp;share=&amp;height=438&amp;iframe_height=200\" name=\"iframe_chapter\" width=\"800\" height=\"484\" frameborder=\"0\" scrolling=\"no\"> <\/iframe> La generaci\u00f3n de energ\u00eda el\u00e9ctrica tradicional del Sistema El\u00e9ctrico se caracteriza por seguir un esquema de generaci\u00f3n centralizada, unidireccional y con pocas medidas de control sobre la actuaci\u00f3n de la demanda. Actualmente, existen soluciones que permiten un cambio de este modelo hacia otro de generaci\u00f3n de electricidad distribuida, donde cualquier consumidor puede generar su propia energ\u00eda el\u00e9ctrica, producida mayoritariamente con instalaciones de peque\u00f1a potencia y mediante la utilizaci\u00f3n de fuentes renovables locales.<\/p>\n<p>La Asociaci\u00f3n de Agencias Espa\u00f1olas de Gesti\u00f3n de la Energ\u00eda, <a href=\"http:\/\/eneragen.org\/\" target=\"_blank\" rel=\"noopener noreferrer\"> EnerAgen <\/a>, en la que participa y acatualment ostenta la presidencia del <a href=\"http:\/\/icaen.gencat.cat\/ca\/inici\/\" target=\"_blank\" rel=\"noopener noreferrer\"> ICAEN <\/a>, el Instituto Catal\u00e1n de energ\u00eda, a trav\u00e9s de su p\u00e1gina web, nos facilita la siguiente herramienta para calcular el tipo de instalaci\u00f3n fotovoltaica y el ahorro obtenido que necesitar\u00eda tu negocio.<\/p>\n<h2>Calcula tu instalaci\u00f3n fotovoltaica<\/h2>\n<p>Rellena la informaci\u00f3n solicitada a continuaci\u00f3n si quieres realizar un c\u00e1lculo aproximado de la instalaci\u00f3n solar fotovoltaica para el autoconsumo de tu negocio.<\/p>\n<p><a href=\"http:\/\/www.autoconsumoaldetalle.es\/calcule-su-instalacion\/\" target=\"_blank\" rel=\"noopener noreferrer\"> <img loading=\"lazy\" class=\"alignleft wp-image-5622 size-medium\" src=\"https:\/\/www.pimealdia.org\/wp-content\/uploads\/2017\/06\/boto-calcular-300x134.png\" alt=\"\" width=\"300\" height=\"134\" srcset=\"https:\/\/www.pimealdia.org\/wp-content\/uploads\/2017\/06\/boto-calcular-300x134.png 300w, https:\/\/www.pimealdia.org\/wp-content\/uploads\/2017\/06\/boto-calcular.png 400w\" sizes=\"(max-width: 300px) 100vw, 300px\" \/> <\/a> puedes seleccionar directamente la zona clim\u00e1tica en la que se encuentre situado, pinchando en el mapa o introduciendo la provincia y municipio.<\/p>\n<p>Se\u00f1alar que se trata de una herramienta de car\u00e1cter orientativo que ofrece un c\u00e1lculo aproximado de las instalaciones. Para un c\u00e1lculo espec\u00edfico y m\u00e1s preciso de la instalaci\u00f3n que mejor se ajuste a tus necesidades, tanto para consumo el\u00e9ctrico como por espacio disponible para albergar los m\u00f3dulos fotovoltaicos, se deber\u00e1 acudir a un instalador autorizado.<\/p>\n<p>Indicar que las instalaciones solares fotovoltaicas para autoconsumo el\u00e9ctrico deben ser ejecutadas por empresas Instaladoras Electricistas con CARNET de la CATEGOR\u00cdA ESPECIALISTA.<\/p>\n<p><strong> Consideraciones para el c\u00e1lculo: <\/strong><\/p>\n<ul>\n<li>Demanda el\u00e9ctrica seg\u00fan perfil 2016-REE.<\/li>\n<li>Precios energ\u00eda de 2016 y peajes y cargos de 2017.<\/li>\n<li>Para la estimaci\u00f3n de la producci\u00f3n energ\u00e9tica de la instalaci\u00f3n fotovoltaica se han considerado los factores de funcionamiento establecidos en el Anexo IV del Real Decreto 413\/2014 minorados un 20% al considerar que este tipo de instalaciones nes no incorporar\u00e1n sistemas de seguimiento.<\/li>\n<li>El% autoconsumo vs consumo hace referencia a la demanda total de electricidad del usuario.<\/li>\n<li>Resultados econ\u00f3micos con impuestos incluidos (hogares) salvo para la tarifa 2.1.A.<\/li>\n<\/ul>\n<p>v\u00eda | <a href=\"http:\/\/www.autoconsumoaldetalle.es\/\" target=\"_blank\" rel=\"noopener noreferrer\"> autoconsumoaldetalle.es <\/a><\/p>\n","protected":false},"excerpt":{"rendered":"<p>La energ\u00eda el\u00e9ctrica es un bien b\u00e1sico e imprescindible para cualquier actividad comercial e industrial, sin la estamos pagando muy cara: el precio de la energ\u00eda est\u00e1 absorbiendo unos costes que no deber\u00edamos asumir los consumidores. Adicionalmente, en Espa\u00f1a tenemos el precio de la energ\u00eda m\u00e1s elevado de toda Europa y las pymes pagamos la energ\u00eda mucho m\u00e1s cara que las grandes empresas. Carlos Vivas, miembro de la Comisi\u00f3n de Energ\u00eda de PIMEC, nos cuenta en esta mesa debate, como el autoconsumo de energ\u00eda el\u00e9ctrica es una vertiente para rebajar costes y podr\u00eda generar miles de puestos de trabajo. Minuto<\/p>\n","protected":false},"author":30,"featured_media":8763,"comment_status":"open","ping_status":"closed","sticky":false,"template":"","format":"standard","meta":[],"categories":[330],"tags":[],"_links":{"self":[{"href":"https:\/\/www.pimealdia.org\/es\/wp-json\/wp\/v2\/posts\/8762"}],"collection":[{"href":"https:\/\/www.pimealdia.org\/es\/wp-json\/wp\/v2\/posts"}],"about":[{"href":"https:\/\/www.pimealdia.org\/es\/wp-json\/wp\/v2\/types\/post"}],"author":[{"embeddable":true,"href":"https:\/\/www.pimealdia.org\/es\/wp-json\/wp\/v2\/users\/30"}],"replies":[{"embeddable":true,"href":"https:\/\/www.pimealdia.org\/es\/wp-json\/wp\/v2\/comments?post=8762"}],"version-history":[{"count":0,"href":"https:\/\/www.pimealdia.org\/es\/wp-json\/wp\/v2\/posts\/8762\/revisions"}],"wp:featuredmedia":[{"embeddable":true,"href":"https:\/\/www.pimealdia.org\/es\/wp-json\/wp\/v2\/media\/8763"}],"wp:attachment":[{"href":"https:\/\/www.pimealdia.org\/es\/wp-json\/wp\/v2\/media?parent=8762"}],"wp:term":[{"taxonomy":"category","embeddable":true,"href":"https:\/\/www.pimealdia.org\/es\/wp-json\/wp\/v2\/categories?post=8762"},{"taxonomy":"post_tag","embeddable":true,"href":"https:\/\/www.pimealdia.org\/es\/wp-json\/wp\/v2\/tags?post=8762"}],"curies":[{"name":"wp","href":"https:\/\/api.w.org\/{rel}","templated":true}]}}