{"id":9145,"date":"2017-09-15T13:14:35","date_gmt":"2017-09-15T11:14:35","guid":{"rendered":"https:\/\/www.pimealdia.org\/?p=9145\/"},"modified":"2017-09-15T13:14:35","modified_gmt":"2017-09-15T11:14:35","slug":"com-puc-contractar-un-sol-licitant-dasil","status":"publish","type":"post","link":"https:\/\/www.pimealdia.org\/es\/com-puc-contractar-un-sol-licitant-dasil\/","title":{"rendered":"\u00bfC\u00f3mo puedo contratar un solicitante de asilo?"},"content":{"rendered":"<p>Los actuales conflictos de \u00c1frica y Oriente Medio y las graves crisis como las de Venezuela o Am\u00e9rica Central han provocado movimientos de poblaci\u00f3n sin precedentes en la historia moderna, al menos en lo que se refiere al volumen de personas desplazadas forzosamente. Estas personas nos llegan en busca de trabajo, por lo que queremos hablar de c\u00f3mo podemos contratar un solicitante de asilo.<\/p>\n<blockquote><p>Se habla de una cifra superior a 65 millones de refugiados y desplazados internos en todo el mundo<\/p><\/blockquote>\n<p>Hay que poner de relieve, la firma de la Declaraci\u00f3n de Nueva York de Refugiados y migrados de septiembre de 2016 en la que 193 Estados miembros de la ONU renovaron su compromiso con la protecci\u00f3n de los refugiados con la <strong> fin de conseguir un reparto colectivo y equilibrado de la responsabilidad sobre las personas refugiadas <\/strong> entre pa\u00edses y el desarrollo de un Pacto Mundial respecto la cuesti\u00f3n en 2018.<\/p>\n<p>Las condiciones necesarias para ser reconocida como <strong> persona refugiada <\/strong> (que es el objetivo de toda persona solicitante de asilo) implica que quien solicita asilo debe haber abandonado su pa\u00eds de origen por sufrir un miedo, fundamentada, de ser perseguida debido a la raza, religi\u00f3n, nacionalidad, opiniones pol\u00edticas, pertenencia a determinado grupo social, de g\u00e9nero u orientaci\u00f3n sexual.<\/p>\n<p><img loading=\"lazy\" class=\"aligncenter wp-image-9114 size-full\" src=\"https:\/\/www.pimealdia.org\/wp-content\/uploads\/2017\/09\/refugiats.png\" alt=\"\" width=\"665 \" height=\" 150 \" srcset=\"https:\/\/www.pimealdia.org\/wp-content\/uploads\/2017\/09\/refugiats.png 665w, https:\/\/www.pimealdia.org\/wp-content\/uploads\/2017\/09\/refugiats-300x68.png 300w, https:\/\/www.pimealdia.org\/wp-content\/uploads\/2017\/09\/refugiats-600x135.png 600w, https:\/\/www.pimealdia.org\/wp-content\/uploads\/2017\/09\/refugiats-400x90.png 400w\" sizes=\"(max-width: 665px) 100vw, 665px\" \/><\/p>\n<p>La principal diferencia entre solicitantes de asilo e inmigrantes econ\u00f3micos se fundamenta en la voluntariedad o no de su proyecto migratorio. La persona que solicita asilo se ve obligada a huir de su entorno de vida habitual porque <strong> su vida o libertad corren peligro <\/strong>, por lo que es necesario dotarle de protecci\u00f3n dentro del \u00e1mbito internacional.<\/p>\n<p>Las personas solicitantes de asilo <strong> est\u00e1n autorizadas a trabajar<\/strong>, de forma autom\u00e1tica sin necesidad de realizar ning\u00fan tr\u00e1mite adicional, a partir de los 6 meses desde la fecha que se present\u00f3 la solicitud y ser admitida a tr\u00e1mite, y est\u00e1n documentados con la &#8220;tarjeta amarilla&#8221; vigente. Es muy sencillo de identificar ya que en la propia tarjeta consta la frase &#8220;autoriza a trabajar&#8221;. No existe ning\u00fan tipo de restricci\u00f3n ni en el sector de actividad ni en el \u00e1mbito geogr\u00e1fico.<\/p>\n<p>Las personas con otras medidas de protecci\u00f3n internacional tienen su propia acreditaci\u00f3n que les permite trabajar y residir en Espa\u00f1a durante un a\u00f1o, con posibilidad de renovar.<\/p>\n<blockquote><p>Las personas refugiadas est\u00e1n autorizadas a trabajar renovando cada 5 a\u00f1os su permiso<\/p><\/blockquote>\n<h4>Datos obtenidos de Eurostat y del Ministerio del Interior<\/h4>\n<p>A continuaci\u00f3n hacemos un breve recopilaci\u00f3n de datos obtenidos de Eurostat y del Ministerio del Interior:<\/p>\n<p><img loading=\"lazy\" class=\"size-medium wp-image-9120 alignright\" src=\"https:\/\/www.pimealdia.org\/wp-content\/uploads\/2017\/09\/globo-terr\u00e1queo-295x300.jpg\" alt=\"\" width=\"295\" height=\"300\" srcset=\"https:\/\/www.pimealdia.org\/wp-content\/uploads\/2017\/09\/globo-terr\u00e1queo-295x300.jpg 295w, https:\/\/www.pimealdia.org\/wp-content\/uploads\/2017\/09\/globo-terr\u00e1queo-1005x1024.jpg 1005w, https:\/\/www.pimealdia.org\/wp-content\/uploads\/2017\/09\/globo-terr\u00e1queo-785x800.jpg 785w, https:\/\/www.pimealdia.org\/wp-content\/uploads\/2017\/09\/globo-terr\u00e1queo-589x600.jpg 589w, https:\/\/www.pimealdia.org\/wp-content\/uploads\/2017\/09\/globo-terr\u00e1queo-393x400.jpg 393w, https:\/\/www.pimealdia.org\/wp-content\/uploads\/2017\/09\/globo-terr\u00e1queo-50x50.jpg 50w, https:\/\/www.pimealdia.org\/wp-content\/uploads\/2017\/09\/globo-terr\u00e1queo.jpg 1178w\" sizes=\"(max-width: 295px) 100vw, 295px\" \/> \u2022 Los solicitantes de asilo en Espa\u00f1a se han triplicado en 10 a\u00f1os, concretamente en el a\u00f1o 2016 se presentaron 15.755 solicitudes.<br \/>\n\u2022 Un 60% de los solicitantes son hombres y un 40% mujeres<br \/>\n\u2022 El pa\u00eds con un mayor n\u00famero de solicitantes de protecci\u00f3n internacional en la Uni\u00f3n Europea fue Alemania con 745.265 solicitudes<br \/>\n\u2022 En el a\u00f1o 2016 en Espa\u00f1a tuvieron un 67% de resoluciones favorables, y un 33% de resoluciones desfavorables, tuvieron un total de 10.250 resoluciones.<br \/>\n\u2022 El pa\u00eds con un mayor n\u00famero de resoluciones en Europa fue Alemania con 631.180 resoluciones, siendo favorables un 69%.<br \/>\n\u2022 El gran grueso de solicitantes de protecci\u00f3n internacional en Espa\u00f1a son nacionales de Venezuela, Siria y Ucrania.<\/p>\n<p>Finalmente, poner de manifiesto que de acuerdo con el mundo globalizado en el que vivimos las empresas necesitamos personas que aporten nuevas experiencias y conocimientos. La <strong> diversidad de personas <\/strong>en<strong>\u00a0<\/strong>una empresa <strong> aumenta su nivel de competitividad <\/strong>\u00a0y en muchas ocasiones les facilita <strong> el acceso a nuevos mercados <\/strong>.<\/p>\n","protected":false},"excerpt":{"rendered":"<p>Los actuales conflictos de \u00c1frica y Oriente Medio y las graves crisis como las de Venezuela o Am\u00e9rica Central han provocado movimientos de poblaci\u00f3n sin precedentes en la historia moderna, al menos en lo que se refiere al volumen de personas desplazadas forzosamente. Estas personas nos llegan en busca de trabajo, por lo que queremos hablar de c\u00f3mo podemos contratar un solicitante de asilo. Se habla de una cifra superior a 65 millones de refugiados y desplazados internos en todo el mundo Hay que poner de relieve, la firma de la Declaraci\u00f3n de Nueva York de Refugiados y migrados de<\/p>\n","protected":false},"author":40,"featured_media":9113,"comment_status":"open","ping_status":"closed","sticky":false,"template":"","format":"standard","meta":[],"categories":[330,772],"tags":[781],"_links":{"self":[{"href":"https:\/\/www.pimealdia.org\/es\/wp-json\/wp\/v2\/posts\/9145"}],"collection":[{"href":"https:\/\/www.pimealdia.org\/es\/wp-json\/wp\/v2\/posts"}],"about":[{"href":"https:\/\/www.pimealdia.org\/es\/wp-json\/wp\/v2\/types\/post"}],"author":[{"embeddable":true,"href":"https:\/\/www.pimealdia.org\/es\/wp-json\/wp\/v2\/users\/40"}],"replies":[{"embeddable":true,"href":"https:\/\/www.pimealdia.org\/es\/wp-json\/wp\/v2\/comments?post=9145"}],"version-history":[{"count":2,"href":"https:\/\/www.pimealdia.org\/es\/wp-json\/wp\/v2\/posts\/9145\/revisions"}],"predecessor-version":[{"id":9148,"href":"https:\/\/www.pimealdia.org\/es\/wp-json\/wp\/v2\/posts\/9145\/revisions\/9148"}],"wp:featuredmedia":[{"embeddable":true,"href":"https:\/\/www.pimealdia.org\/es\/wp-json\/wp\/v2\/media\/9113"}],"wp:attachment":[{"href":"https:\/\/www.pimealdia.org\/es\/wp-json\/wp\/v2\/media?parent=9145"}],"wp:term":[{"taxonomy":"category","embeddable":true,"href":"https:\/\/www.pimealdia.org\/es\/wp-json\/wp\/v2\/categories?post=9145"},{"taxonomy":"post_tag","embeddable":true,"href":"https:\/\/www.pimealdia.org\/es\/wp-json\/wp\/v2\/tags?post=9145"}],"curies":[{"name":"wp","href":"https:\/\/api.w.org\/{rel}","templated":true}]}}