{"id":9242,"date":"2017-09-19T15:31:21","date_gmt":"2017-09-19T13:31:21","guid":{"rendered":"https:\/\/www.pimealdia.org\/dibuixant-un-nou-futur-la-reforma-del-treball-autonom-i-ara-que\/"},"modified":"2017-09-20T00:06:45","modified_gmt":"2017-09-19T22:06:45","slug":"dibuixant-un-nou-futur-la-reforma-del-treball-autonom-i-ara-que","status":"publish","type":"post","link":"https:\/\/www.pimealdia.org\/es\/dibuixant-un-nou-futur-la-reforma-del-treball-autonom-i-ara-que\/","title":{"rendered":"Dibujando un nuevo futuro: La reforma del trabajo aut\u00f3nomo \u00bfY ahora qu\u00e9?"},"content":{"rendered":"<p>Dibujando un nuevo futuro para los aut\u00f3nomos: breves notas de la jornada &#8220;La reforma del trabajo aut\u00f3nomo. \u00bfY ahora qu\u00e9?<\/p>\n<p>Ayer, tuve la suerte de poder asistir a una jornada organizada por <a href=\"https:\/\/www.pimealdia.org\/es\/category\/autonomos\/\" target=\"_blank\" rel=\"noopener noreferrer\">Aut\u00f3nomos<\/a> PIMEC, que con el t\u00edtulo de <strong> &#8220;La reforma del trabajo aut\u00f3nomo. \u00bfY ahora qu\u00e9? &#8220;<\/strong>, la asociaci\u00f3n m\u00e1s representativa del trabajo aut\u00f3nomo en Catalu\u00f1a, hizo lo que todo el mundo hace de vez en cuando: <strong> parar la m\u00e1quina, ver donde est\u00e1, donde se viene, y sobre todo, decidir hacia d\u00f3nde se quiere ir.<\/strong><\/p>\n<blockquote class=\"wp-embedded-content\" data-secret=\"NLLGBzRxEd\"><p><a href=\"https:\/\/www.pimealdia.org\/es\/quines-son-les-mesures-per-autonoms-aprovades-al-congres\/\">\u00bfCu\u00e1les son las medidas para aut\u00f3nomos aprobadas en el Congreso?<\/a><\/p><\/blockquote>\n<p><iframe class=\"wp-embedded-content\" sandbox=\"allow-scripts\" security=\"restricted\" style=\"position: absolute; clip: rect(1px, 1px, 1px, 1px);\" title=\"\u00ab\u00bfCu\u00e1les son las medidas para aut\u00f3nomos aprobadas en el Congreso?\u00bb \u2014 Pime al dia\" src=\"https:\/\/www.pimealdia.org\/es\/quines-son-les-mesures-per-autonoms-aprovades-al-congres\/embed\/#?secret=NLLGBzRxEd\" data-secret=\"NLLGBzRxEd\" width=\"600\" height=\"338\" frameborder=\"0\" marginwidth=\"0\" marginheight=\"0\" scrolling=\"no\"><\/iframe><\/p>\n<p>La reflexi\u00f3n para las organizaciones, es siempre importante, pero lo es a\u00fan m\u00e1s, para una organizaci\u00f3n que vela por representar a un colectivo de 551.000 s\u00f3lo en Catalu\u00f1a, con caracter\u00edsticas propias, pero heterogeneidad casi infinita.<\/p>\n<h3>La jornada, const\u00f3 de tres partes bien diferenciadas:<\/h3>\n<blockquote class=\"twitter-tweet\" data-lang=\"es\">\n<p dir=\"ltr\" lang=\"und\">? Hoy la programaci\u00f3n * de Pyme al D\u00eda * sale en directo desde la Jornada de Aut\u00f3nomos <a href=\"https:\/\/twitter.com\/hashtag\/Somaut%C3%B2noms?src=hash\"> # Somaut\u00f2noms <\/a><a href=\"https:\/\/t.co\/8mLOaBCu1j\"> pic.twitter.com\/8mLOaBCu1j <\/a><\/p>\n<p>&#8211; Pyme al D\u00eda (@Pime_al_Dia) <a href=\"https:\/\/twitter.com\/Pime_al_Dia\/status\/909690216327319552\"> 18 de septiembre de 2017 <\/a><\/p><\/blockquote>\n<p><script src=\"\/\/platform.twitter.com\/widgets.js\" async=\"\" charset=\"UTF-8\">\/\/ <![CDATA[ \/\/ ]]><\/script><\/p>\n<h4>Primera parte: &#8220;La ley de aut\u00f3nomos: valoraci\u00f3n y camino a recorrer&#8221;<\/h4>\n<p>Primeramente, la ponencia, titulada &#8220;La ley de aut\u00f3nomos: valoraci\u00f3n y camino a recorrer&#8221;, a cargo del <strong> Joan M. Gimeno <\/strong> (Presidente de la Comisi\u00f3n Econ\u00f3mico-fiscal de PIMEC) y <strong> Antonio Benavides <\/strong> (Inspector de Trabajo y Seguridad Social de Barcelona), ten\u00eda como objetivo hacer una valoraci\u00f3n lo m\u00e1s objetiva posible, sobre el contenido de la <a href=\"https:\/\/www.pimealdia.org\/es \/5-medidas-de-la-reforma-leta-que-har\u00e1n-mes-facil-la-vida-a-quien-levantan-la-persiana \/\" target=\" _ blank \"> reforma la LETA<\/a>, as\u00ed como definir algunas cuestiones que han quedado pendientes.<\/p>\n<p>En este sentido, cuestiones como:<\/p>\n<ul>\n<li>la tarifa para los nuevos aut\u00f3nomos<\/li>\n<li>la <a href=\"https:\/\/www.pimealdia.org\/es\/seguir-en-actiu-i-cobrar-la-pensio-una-gran-millora-per-als-autonoms\/\" target=\"_blank\" rel=\"noopener noreferrer\">compatibilidad con la pensi\u00f3n de jubilaci\u00f3n <\/a> en el caso de los aut\u00f3nomos con asalariados<\/li>\n<li>la reducci\u00f3n de los recargos por deudas de cotizaci\u00f3n con la Seguridad Social<\/li>\n<li>las ayudas a la conciliaci\u00f3n<\/li>\n<li>las deducciones por dietas<\/li>\n<li>el reconocimiento de los accidentes &#8220;in itinere&#8221;, o las nuevas posibilidades en cuanto a la conciliaci\u00f3n<\/li>\n<\/ul>\n<p>Estos fueron algunos de los puntos m\u00e1s relevantes tratados.<\/p>\n<blockquote><p>Sin embargo, los ponentes tambi\u00e9n mostraron ciertas dudas con respecto a algunos de los puntos que la nueva ley contemplar\u00e1<\/p><\/blockquote>\n<p>Cuestiones como el acomodo de las <a href=\"https:\/\/www.pimealdia.org\/es\/bonificacio-contractacio-familiars-millora-dificil-us\/\" target=\"_blank\" rel=\"noopener noreferrer\">bonificaciones para la contrataci\u00f3n de familiares<\/a> o <strong> deducciones por suministros <\/strong>, que tienen un encaje legal, y una concreci\u00f3n en la reforma, al menos, compleja, as\u00ed como la falta de un tratamiento fiscal que sea perceptible como equitativo, han sido algunas de las aportaciones m\u00e1s relevantes de esta ponencia.<\/p>\n<h4>Segunda parte: &#8220;Los aut\u00f3nomos y el futuro del trabajo&#8221;<\/h4>\n<p>En la segunda mesa, denominada &#8220;Los aut\u00f3nomos y el futuro del trabajo&#8221;, ponentes de renombre internacional como el <strong> Gen\u00eds Roca <\/strong> (socio y presidente de RocaSalvatella) y en <strong> Simon Dolan <\/strong>, (doctor en Recursos Humanos, experto en psicolog\u00eda del trabajo y catedr\u00e1tico de ESADE), nos dieron su punto de vista sobre el futuro del trabajo y su afectaci\u00f3n para nuestro colectivo.<\/p>\n<p>En este sentido, y sin pretender recoger minuciosamente el contenido de la misma, dada la complejidad del debate, los expertos han centrado sus exposiciones en diferentes cuestiones:<\/p>\n<ul>\n<li>la transformaci\u00f3n de la econom\u00eda<\/li>\n<li>los nuevos horizontes del trabajo<\/li>\n<li>la robotizaci\u00f3n de la producci\u00f3n<\/li>\n<li>la necesidad de entender los procesos productivos de manera integral por su afectaci\u00f3n en el colectivo<\/li>\n<li>etc<\/li>\n<\/ul>\n<p>Para ilustrarlo, ha sido especialmente de inter\u00e9s una cita mencionada a lo largo de la ponencia, que dec\u00eda: <strong> &#8220;Mi padre tuvo un trabajo, yo tendr\u00e9 set en mi vida y mi hijo en tendr\u00e1 7 a la vez para ilustrar la evoluci\u00f3n del mercado de trabajo &#8220;<\/strong> y que ha causado mucho debate a lo largo de la jornada, dado que explica de manera sencilla, algunas de las din\u00e1micas de fondo exist entos en la actualidad en nuestro mercado de trabajo, independientemente de que \u00e9stas, nos parezcan deseables o no, por sus efectos en el sostenimiento de las pensiones y el estado del bienestar en general.<\/p>\n<blockquote class=\"twitter-tweet\">\n<p dir=\"ltr\" lang=\"und\">? Los diputados parlamentarios nos cuentan las medidas aprobadas en el Congreso ?? <a href=\"https:\/\/t.co\/6GPhZSO3j1\"> https:\/\/t.co\/6GPhZSO3j1 <\/a> <a href=\"https:\/\/twitter.com\/hashtag\/SomAut%C3%B2noms? src = hash \"> # SomAut\u00f2noms <\/a> <a href=\"https:\/\/t.co\/ajwkxcFDnB\"> pic.twitter.com\/ajwkxcFDnB <\/a><\/p>\n<p>&#8211; Pyme al D\u00eda (@Pime_al_Dia) <a href=\"https:\/\/twitter.com\/Pime_al_Dia\/status\/909715827473240064\"> 18 de septiembre de 2017 <\/a><\/p><\/blockquote>\n<p><script async src = \"\/\/platform.twitter.com\/widgets.js \"charset =\" uTF-8 \"> <\/script><\/p>\n<h4>tercera parte:&#8221; Debate entre representantes pol\u00edticos responsables de los cambios legislativos a nivel estatal &#8220;<\/h4>\n<p>Finalmente, y cogiendo el hilo de este \u00faltimo punto, la tercera tabla, llamada &#8220;Debate entre representantes pol\u00edticos responsables de los cambios legislativos a nivel estatal&#8221;, que cont\u00f3 con la presencia de <strong> Jos\u00e9 Ignacio Ech\u00e1niz <\/strong> (diputado Grupo Parlamentario PP), Merc\u00e8 Perea (diputada Grupo Parlamentario PSOE), <strong> Alberto Montero <\/strong> (diputado Grupo Parlamentario Podemos), <strong> Sergio del Campo <\/strong> (diputado Grupo Parlamentario Ciudadanos), <strong> Joan Capdevila <\/strong> (diputado Grupo Parlamentario ERC) y <strong> Carles Campuzano <\/strong> (diputado Grupo Parlamentario PDeCat), sirvi\u00f3 para que los diferentes partidos pol\u00edticos con representaci\u00f3n en el Congreso, explicaran no s\u00f3lo aquellas mejoras conseguidas en la <strong> reforma de la LETA <\/strong>, sino tambi\u00e9n, de aquellas cuestiones que han quedado en el tintero para el futuro del colectivo (con rese\u00f1as expl\u00edcitas de alg\u00fan ponente, a un libro tan interesante como <strong> el Estado Emprendedor de Mariana Mazzucato<\/strong>, que aprovecho para recomendar) .<\/p>\n<p>En este sentido, y en la modesta opini\u00f3n del que escribe, se empezaron a apuntar algunos de los debates m\u00e1s relevantes para el futuro del colectivo de aut\u00f3nomos (futuro de las <a href=\"https:\/\/www.pimealdia.org\/es\/endarrerir-la-jubilacio-afavoreix-locupacio\/\" target=\"_blank\" rel=\"noopener noreferrer\">jubilaciones<\/a>, prestaciones sociales en general, fiscalidad, etc,), que deber\u00e1n ser tratadas en breve a la comisi\u00f3n del Congreso encargada de estas cuestiones (y donde esperamos que se d\u00e9 voz a las asociaciones de <a href=\"https:\/\/www.pimealdia.org\/es\/los-superheroes-del-mundo-real-son-los-autonomos\/\" target=\"_blank\" rel=\"noopener noreferrer\">aut\u00f3nomos<\/a>, como as\u00ed se han comprometido los diferentes grupos parlamentarios en el acto de hoy).<\/p>\n<p>En s\u00edntesis, y para terminar, decir que queda mucho trabajo por hacer, pero como dec\u00eda <strong> Victor Hugo: &#8220;el futuro tiene muchos nombres. Para los d\u00e9biles es lo inalcanzable. Para los temerosos, lo desconocido. Para los valientes es la oportunidad &#8220;<\/strong> y los aut\u00f3nomos y los emprendedores, si algo tienen, es valent\u00eda, ya se llame Marco Polo comerciante por toda Asia, o Manel en el bar de la esquina cada vez que se levanta temprano para levantar la persiana.<\/p>\n<p>As\u00ed pues, el <strong>\u00bfy\u00a0ahora qu\u00e9? <\/strong> hay que responder sencillamente que ahora, \u00a1a trabajar!<\/p>\n","protected":false},"excerpt":{"rendered":"<p>Dibujando un nuevo futuro para los aut\u00f3nomos: breves notas de la jornada &#8220;La reforma del trabajo aut\u00f3nomo. \u00bfY ahora qu\u00e9? Ayer, tuve la suerte de poder asistir a una jornada organizada por Aut\u00f3nomos PIMEC, que con el t\u00edtulo de &#8220;La reforma del trabajo aut\u00f3nomo. \u00bfY ahora qu\u00e9? &#8220;, la asociaci\u00f3n m\u00e1s representativa del trabajo aut\u00f3nomo en Catalu\u00f1a, hizo lo que todo el mundo hace de vez en cuando: parar la m\u00e1quina, ver donde est\u00e1, donde se viene, y sobre todo, decidir hacia d\u00f3nde se quiere ir. \u00bfCu\u00e1les son las medidas para aut\u00f3nomos aprobadas en el Congreso? La reflexi\u00f3n para las<\/p>\n","protected":false},"author":44,"featured_media":9240,"comment_status":"open","ping_status":"closed","sticky":false,"template":"","format":"standard","meta":[],"categories":[342],"tags":[],"_links":{"self":[{"href":"https:\/\/www.pimealdia.org\/es\/wp-json\/wp\/v2\/posts\/9242"}],"collection":[{"href":"https:\/\/www.pimealdia.org\/es\/wp-json\/wp\/v2\/posts"}],"about":[{"href":"https:\/\/www.pimealdia.org\/es\/wp-json\/wp\/v2\/types\/post"}],"author":[{"embeddable":true,"href":"https:\/\/www.pimealdia.org\/es\/wp-json\/wp\/v2\/users\/44"}],"replies":[{"embeddable":true,"href":"https:\/\/www.pimealdia.org\/es\/wp-json\/wp\/v2\/comments?post=9242"}],"version-history":[{"count":11,"href":"https:\/\/www.pimealdia.org\/es\/wp-json\/wp\/v2\/posts\/9242\/revisions"}],"predecessor-version":[{"id":9256,"href":"https:\/\/www.pimealdia.org\/es\/wp-json\/wp\/v2\/posts\/9242\/revisions\/9256"}],"wp:featuredmedia":[{"embeddable":true,"href":"https:\/\/www.pimealdia.org\/es\/wp-json\/wp\/v2\/media\/9240"}],"wp:attachment":[{"href":"https:\/\/www.pimealdia.org\/es\/wp-json\/wp\/v2\/media?parent=9242"}],"wp:term":[{"taxonomy":"category","embeddable":true,"href":"https:\/\/www.pimealdia.org\/es\/wp-json\/wp\/v2\/categories?post=9242"},{"taxonomy":"post_tag","embeddable":true,"href":"https:\/\/www.pimealdia.org\/es\/wp-json\/wp\/v2\/tags?post=9242"}],"curies":[{"name":"wp","href":"https:\/\/api.w.org\/{rel}","templated":true}]}}