{"id":9395,"date":"2017-09-26T14:32:38","date_gmt":"2017-09-26T12:32:38","guid":{"rendered":"https:\/\/www.pimealdia.org\/nova-convocatoria-de-subvencions-per-a-la-contractacio-de-majors-de-45-anys\/"},"modified":"2017-09-26T17:43:36","modified_gmt":"2017-09-26T15:43:36","slug":"nova-convocatoria-de-subvencions-per-a-la-contractacio-de-majors-de-45-anys","status":"publish","type":"post","link":"https:\/\/www.pimealdia.org\/es\/nova-convocatoria-de-subvencions-per-a-la-contractacio-de-majors-de-45-anys\/","title":{"rendered":"Nueva convocatoria de subvenciones para la contrataci\u00f3n de mayores de 45 a\u00f1os"},"content":{"rendered":"<p>Con el objetivo de mejorar y favorecer la contrataci\u00f3n de personas en situaci\u00f3n de paro, el <strong> Servicio P\u00fablico de Empleo de Catalu\u00f1a (SOC) <\/strong> ha abierto <strong> nueva convocatoria de subvenciones <\/strong>para la contrataci\u00f3n para las empresas que contraten a <strong> personas mayores de 45 a\u00f1os <\/strong> y que se encuentran en <strong> situaci\u00f3n de paro <\/strong> (RESOLUCI\u00d3N TSF \/2106\/2017).<\/p>\n<p>https:\/\/www.pimealdia.org\/es\/recomanacions-per-al-col-lectiu-de-45-a-64-anys-el-mes-afectat-per-la-crisi\/<\/p>\n<p>El <strong> Servicio P\u00fablico de Empleo de Catalu\u00f1a <\/strong> subvenciona los contratos de trabajo formalizados entre el <strong> 5 de septiembre y el 15 de noviembre de 2017<\/strong>, con una duraci\u00f3n m\u00ednima de <strong> 6 meses y m\u00e1xima de 12 meses<\/strong>, a excepci\u00f3n de la contrataci\u00f3n de una persona con discapacidad, en que podr\u00e1 subvencionarse un m\u00e1ximo de 18 meses.<\/p>\n<p>La jornada laboral a subvencionar est\u00e1 entre el <strong> 50% y el 100% <\/strong>. Los contratos se han de suscribir, como m\u00e1ximo, <strong> 2 meses antes de la presentaci\u00f3n <\/strong> de la solicitud de subvenci\u00f3n y, como muy tarde, el <strong> 15 de noviembre de 2017 <\/strong>.<\/p>\n<p><img loading=\"lazy\" class=\"size-medium wp-image-4652 alignright\" src=\"https:\/\/www.pimealdia.org\/wp-content\/uploads\/2016\/06\/fira-internacional-1-300x200.jpg\" alt=\"\" width=\"300\" height=\"200\" srcset=\"https:\/\/www.pimealdia.org\/wp-content\/uploads\/2016\/06\/fira-internacional-1-300x200.jpg 300w, https:\/\/www.pimealdia.org\/wp-content\/uploads\/2016\/06\/fira-internacional-1-1024x683.jpg 1024w, https:\/\/www.pimealdia.org\/wp-content\/uploads\/2016\/06\/fira-internacional-1-1000x667.jpg 1000w, https:\/\/www.pimealdia.org\/wp-content\/uploads\/2016\/06\/fira-internacional-1-800x533.jpg 800w, https:\/\/www.pimealdia.org\/wp-content\/uploads\/2016\/06\/fira-internacional-1-600x400.jpg 600w, https:\/\/www.pimealdia.org\/wp-content\/uploads\/2016\/06\/fira-internacional-1-400x267.jpg 400w, https:\/\/www.pimealdia.org\/wp-content\/uploads\/2016\/06\/fira-internacional-1.jpg 1500w\" sizes=\"(max-width: 300px) 100vw, 300px\" \/> la cuant\u00eda de la subvenci\u00f3n va desde un m\u00ednimo de <strong> 2.250 \u20ac y hasta 24.000 \u20ac, <\/strong>que viene determinado en funci\u00f3n de tres factores:<\/p>\n<ul>\n<li>El Salario Bruto Anual<\/li>\n<li>La jornada de trabajo<\/li>\n<li>La duraci\u00f3n del contrato de trabajo. Para contratos de 12 meses, la cuant\u00eda de la subvenci\u00f3n es m\u00e1s del doble que los de 6 meses<\/li>\n<\/ul>\n<p><img loading=\"lazy\" class=\"size-medium wp-image-9382 alignleft\" src=\"https:\/\/www.pimealdia.org\/wp-content\/uploads\/2017\/09\/subvencions-per-a-la-contractaci\u00f3-1-300x200.jpg\" alt=\"\" width=\"300\" height=\"200\" srcset=\"https:\/\/www.pimealdia.org\/wp-content\/uploads\/2017\/09\/subvencions-per-a-la-contractaci\u00f3-1-300x200.jpg 300w, https:\/\/www.pimealdia.org\/wp-content\/uploads\/2017\/09\/subvencions-per-a-la-contractaci\u00f3-1-1024x683.jpg 1024w, https:\/\/www.pimealdia.org\/wp-content\/uploads\/2017\/09\/subvencions-per-a-la-contractaci\u00f3-1-1000x667.jpg 1000w, https:\/\/www.pimealdia.org\/wp-content\/uploads\/2017\/09\/subvencions-per-a-la-contractaci\u00f3-1-800x533.jpg 800w, https:\/\/www.pimealdia.org\/wp-content\/uploads\/2017\/09\/subvencions-per-a-la-contractaci\u00f3-1-600x400.jpg 600w, https:\/\/www.pimealdia.org\/wp-content\/uploads\/2017\/09\/subvencions-per-a-la-contractaci\u00f3-1-400x267.jpg 400w, https:\/\/www.pimealdia.org\/wp-content\/uploads\/2017\/09\/subvencions-per-a-la-contractaci\u00f3-1.jpg 1920w\" sizes=\"(max-width: 300px) 100vw, 300px\" \/>En esta convocatoria, el SOC ha incluido un nuevo baremo para incentivar a las empresas que gestionen las ofertas de empleo a trav\u00e9s de la Oficina de Trabajo. En este sentido, si la persona contratada <strong> ha sido proporcionada por la Oficina de Trabajo<\/strong>, la subvenci\u00f3n ser\u00e1 mayor que en caso de que el candidato o candidata haya sido seleccionada a trav\u00e9s de otros medios (Candidato propio) , <strong> a menos que se trate de la contrataci\u00f3n de una mujer en un empleo donde las mujeres est\u00e1n subrepresentadas <\/strong>.<\/p>\n<p>Asimismo, en caso de que la persona contratada tenga reconocida oficialmente una <strong> discapacidad mayor o igual al 33%<\/strong>, el baremo de la subvenci\u00f3n es considerablemente superior.<\/p>\n<p>Pueden ser beneficiarias de esta <a href=\"https:\/\/www.pimealdia.org\/es\/quines-subvencions-contractacio-hi-haura-2017-ii\/\" target=\"_blank\" rel=\"noopener noreferrer\">subvenci\u00f3n<\/a> todas las <strong> personas f\u00edsicas y jur\u00eddicas, con capacidad para la contrataci\u00f3n laboral, y centro de trabajo en Catalu\u00f1a<\/strong>, a excepci\u00f3n de las administraciones p\u00fablicas y sus entidades dependientes o vinculadas, las empresas de inserci\u00f3n y las empresas de trabajo temporal.<\/p>\n<p>Las empresas interesadas en obtener esta <a href=\"https:\/\/www.pimealdia.org\/es\/quines-subvencions-contractacio-hi-haura-2017\/\" target=\"_blank\" rel=\"noopener noreferrer\">subvenci\u00f3n <\/a> deben hacer llegar el formulario de solicitud y la documentaci\u00f3n correspondiente a <a href=\"http:\/\/web.gencat.cat\/ca\/tramits\/tramits-temes\/21129-Foment_incorpporacio_majors_45_anys?category=76e71568 -a82c-11e3-a972-000c29052e2c \" target=\" _ blank \"> Tr\u00e1mites Gencat <\/a>.<\/p>\n","protected":false},"excerpt":{"rendered":"<p>Con el objetivo de mejorar y favorecer la contrataci\u00f3n de personas en situaci\u00f3n de paro, el Servicio P\u00fablico de Empleo de Catalu\u00f1a (SOC) ha abierto nueva convocatoria de subvenciones para la contrataci\u00f3n para las empresas que contraten a personas mayores de 45 a\u00f1os y que se encuentran en situaci\u00f3n de paro (RESOLUCI\u00d3N TSF \/2106\/2017). https:\/\/www.pimealdia.org\/es\/recomanacions-per-al-col-lectiu-de-45-a-64-anys-el-mes-afectat-per-la-crisi\/ El Servicio P\u00fablico de Empleo de Catalu\u00f1a subvenciona los contratos de trabajo formalizados entre el 5 de septiembre y el 15 de noviembre de 2017, con una duraci\u00f3n m\u00ednima de 6 meses y m\u00e1xima de 12 meses, a excepci\u00f3n de la contrataci\u00f3n de una persona<\/p>\n","protected":false},"author":8,"featured_media":9379,"comment_status":"open","ping_status":"closed","sticky":false,"template":"","format":"standard","meta":[],"categories":[330],"tags":[387],"_links":{"self":[{"href":"https:\/\/www.pimealdia.org\/es\/wp-json\/wp\/v2\/posts\/9395"}],"collection":[{"href":"https:\/\/www.pimealdia.org\/es\/wp-json\/wp\/v2\/posts"}],"about":[{"href":"https:\/\/www.pimealdia.org\/es\/wp-json\/wp\/v2\/types\/post"}],"author":[{"embeddable":true,"href":"https:\/\/www.pimealdia.org\/es\/wp-json\/wp\/v2\/users\/8"}],"replies":[{"embeddable":true,"href":"https:\/\/www.pimealdia.org\/es\/wp-json\/wp\/v2\/comments?post=9395"}],"version-history":[{"count":3,"href":"https:\/\/www.pimealdia.org\/es\/wp-json\/wp\/v2\/posts\/9395\/revisions"}],"predecessor-version":[{"id":9398,"href":"https:\/\/www.pimealdia.org\/es\/wp-json\/wp\/v2\/posts\/9395\/revisions\/9398"}],"wp:featuredmedia":[{"embeddable":true,"href":"https:\/\/www.pimealdia.org\/es\/wp-json\/wp\/v2\/media\/9379"}],"wp:attachment":[{"href":"https:\/\/www.pimealdia.org\/es\/wp-json\/wp\/v2\/media?parent=9395"}],"wp:term":[{"taxonomy":"category","embeddable":true,"href":"https:\/\/www.pimealdia.org\/es\/wp-json\/wp\/v2\/categories?post=9395"},{"taxonomy":"post_tag","embeddable":true,"href":"https:\/\/www.pimealdia.org\/es\/wp-json\/wp\/v2\/tags?post=9395"}],"curies":[{"name":"wp","href":"https:\/\/api.w.org\/{rel}","templated":true}]}}