{"id":9499,"date":"2017-09-29T12:53:00","date_gmt":"2017-09-29T10:53:00","guid":{"rendered":"https:\/\/www.pimealdia.org\/sense-pluges-generals-a-la-vista-prediccio-meteorologica-del-30-de-setembre-al-6-doctubre-2017\/"},"modified":"2017-09-29T13:47:53","modified_gmt":"2017-09-29T11:47:53","slug":"sense-pluges-generals-a-la-vista-prediccio-meteorologica-del-30-de-setembre-al-6-doctubre-2017","status":"publish","type":"post","link":"https:\/\/www.pimealdia.org\/es\/sense-pluges-generals-a-la-vista-prediccio-meteorologica-del-30-de-setembre-al-6-doctubre-2017\/","title":{"rendered":"Sin lluvias generales a la vista: predicci\u00f3n meteorol\u00f3gica del 30 de septiembre al 6 de octubre 2017"},"content":{"rendered":"<p>Estamos en <strong> el veranillo de San Miguel<\/strong>, jornadas agradables que estad\u00edsticamente vienen despu\u00e9s del primer temporal del oto\u00f1o. Este a\u00f1o de temporal no hemos tenido, pero no han faltado las tormentas y los descensos t\u00e9rmicos.<\/p>\n<figure id=\"attachment_9479\" aria-describedby=\"caption-attachment-9479\" style=\"width: 300px\" class=\"wp-caption alignleft\"><img loading=\"lazy\" class=\"wp-image-9479 size-medium\" src=\"https:\/\/www.pimealdia.org\/wp-content\/uploads\/2017\/09\/nublado-300x125.jpg\" alt=\"\" width=\"300\" height=\"125\" srcset=\"https:\/\/www.pimealdia.org\/wp-content\/uploads\/2017\/09\/nublado-300x125.jpg 300w, https:\/\/www.pimealdia.org\/wp-content\/uploads\/2017\/09\/nublado-400x167.jpg 400w, https:\/\/www.pimealdia.org\/wp-content\/uploads\/2017\/09\/nublado.jpg 448w\" sizes=\"(max-width: 300px) 100vw, 300px\" \/><figcaption id=\"caption-attachment-9479\" class=\"wp-caption-text\">Fin de semana con una interrupci\u00f3n en la estabilidad, fuerza nublado nubes\u00a0<\/figcaption><\/figure>\n<p>Este fin de semana tendremos una <strong> interrupci\u00f3n en la estabilidad<\/strong>, con nubes sobre todo el s\u00e1bado por la tarde, que es cuando no faltar\u00e1n algunos chubascos en puntos de la mitad norte del pa\u00eds. <strong> Domingo <\/strong> se mantendr\u00e1n los <strong> nubes <\/strong> pero con muy poca lluvia y de nuevo <strong> a partir del lunes <\/strong> se nos aproxima <strong> el anticicl\u00f3n<\/strong>, sin\u00f3nimo de falta de lluvias.<\/p>\n<h4>La situaci\u00f3n meteorol\u00f3gica condiciona las actividades de las empresas<\/h4>\n<p>Esto nos lleva a hacer un ejercicio que demuestra de qu\u00e9 manera una situaci\u00f3n meteorol\u00f3gica determinada condiciona las actividades de muchas empresas. Si efectivamente <strong> gran parte de la pr\u00f3xima semana <\/strong> el tiempo es m\u00e1s o menos <strong> tranquilo<\/strong>, es momento adecuado para:<\/p>\n<ul>\n<li><img loading=\"lazy\" class=\"wp-image-9492 alignright\" src=\"https:\/\/www.pimealdia.org\/wp-content\/uploads\/2017\/09\/sol-300x282.png\" alt=\"\" width=\"185\" height=\"174\" srcset=\"https:\/\/www.pimealdia.org\/wp-content\/uploads\/2017\/09\/sol-300x282.png 300w, https:\/\/www.pimealdia.org\/wp-content\/uploads\/2017\/09\/sol.png 400w\" sizes=\"(max-width: 185px) 100vw, 185px\" \/> Ir a la droguer\u00eda para comprar pintura y pintar aquella fachada medio pelada, ya que <strong> el tiempo seco facilitar\u00e1 que se seque con rapidez. <\/strong><\/li>\n<li>Rehabilitar la terraza o aquel techo <strong> sin que sufra por si llover\u00e1 o no. <\/strong><\/li>\n<li>Las empresas de energ\u00eda ver\u00e1n como el consumo ser\u00e1 m\u00e1s bien modesto ya que <strong> ni har\u00e1 bastante calor <\/strong> para conectar aires acondicionados <strong>, ni demasiado fr\u00edo <\/strong> para utilizar calefacciones.<\/li>\n<li>Los hoteles y campings podr\u00e1n tener m\u00e1s clientela ya que se podr\u00e1 disfrutar de un <strong> tiempo agradable <\/strong> y en muchas zonas acompa\u00f1adas de un buen sol.<\/li>\n<\/ul>\n<p><img loading=\"lazy\" class=\"aligncenter wp-image-9480 size-full\" src=\"https:\/\/www.pimealdia.org\/wp-content\/uploads\/2017\/09\/camping.jpg\" alt=\"\" width=\"665 \" height=\" 209 \" srcset=\"https:\/\/www.pimealdia.org\/wp-content\/uploads\/2017\/09\/camping.jpg 665w, https:\/\/www.pimealdia.org\/wp-content\/uploads\/2017\/09\/camping-300x94.jpg 300w, https:\/\/www.pimealdia.org\/wp-content\/uploads\/2017\/09\/camping-600x189.jpg 600w, https:\/\/www.pimealdia.org\/wp-content\/uploads\/2017\/09\/camping-400x126.jpg 400w\" sizes=\"(max-width: 665px) 100vw, 665px\" \/><\/p>\n<ul>\n<li>Tambi\u00e9n los parques de atracciones <strong> no tendr\u00e1n obst\u00e1culos meteorol\u00f3gicos <\/strong> que puedan influir en la asistencia de la gente.<\/li>\n<li>Las tareas en el campo, explotaci\u00f3n forestal, viticultores que est\u00e1n terminando la vendimia &#8230; ning\u00fan problema ya que <strong> no llover\u00e1 <\/strong> -aunque en bastantes zonas se necesita agua- <strong> con temperaturas demasiado elevadas de d\u00eda y frescas de noche<\/strong>. Buen momento para realizar tareas en el campo.<\/li>\n<li>Mercanc\u00edas y pasajeros sin problemas, con alg\u00fan banco de niebla de madrugada, <strong> sin lluvia ni heladas <\/strong> para viajar arriba y abajo.<\/li>\n<li>Sector n\u00e1utico y mar\u00edtimo, <strong> sin temporales a la vista. <\/strong><\/li>\n<li><img loading=\"lazy\" class=\"size-full wp-image-9484 alignright\" src=\"https:\/\/www.pimealdia.org\/wp-content\/uploads\/2017\/09\/fiesta-al-aire-libre.jpg \" alt=\" \" width=\" 194 \" height=\" 259 \" \/> Eventos como bodas, fiestas al aire libre &#8230; <strong> sin sorpresas imprevistas y poco deseadas. <\/strong><\/li>\n<li>Las aseguradoras no tendr\u00e1n exceso de trabajo por ca\u00edda de rayos ni vientos fuertes u otros fen\u00f3menos adversos.<\/li>\n<li>Productoras de cine, si tiene que hacer rodajes al aire libre y no desea lluvia ni cielos grises, puede a partir de <strong> Lunes &#8230; <\/strong><\/li>\n<\/ul>\n<p>y as\u00ed podr\u00edamos continuar bastante rato. Imag\u00ednaros lo comentado pero con un temporal de lluvia &#8230; ya llegar\u00e1, ya.<\/p>\n<p>Por gentileza de <a href=\"http:\/\/www.taikometeorologia.com\/\" target=\"_blank\" rel=\"noopener noreferrer\"> taiko Meteorolog\u00eda <\/a><\/p>\n","protected":false},"excerpt":{"rendered":"<p>Estamos en el veranillo de San Miguel, jornadas agradables que estad\u00edsticamente vienen despu\u00e9s del primer temporal del oto\u00f1o. Este a\u00f1o de temporal no hemos tenido, pero no han faltado las tormentas y los descensos t\u00e9rmicos. Este fin de semana tendremos una interrupci\u00f3n en la estabilidad, con nubes sobre todo el s\u00e1bado por la tarde, que es cuando no faltar\u00e1n algunos chubascos en puntos de la mitad norte del pa\u00eds. Domingo se mantendr\u00e1n los nubes pero con muy poca lluvia y de nuevo a partir del lunes se nos aproxima el anticicl\u00f3n, sin\u00f3nimo de falta de lluvias. La situaci\u00f3n meteorol\u00f3gica condiciona<\/p>\n","protected":false},"author":60,"featured_media":7479,"comment_status":"open","ping_status":"closed","sticky":false,"template":"","format":"standard","meta":[],"categories":[338],"tags":[],"_links":{"self":[{"href":"https:\/\/www.pimealdia.org\/es\/wp-json\/wp\/v2\/posts\/9499"}],"collection":[{"href":"https:\/\/www.pimealdia.org\/es\/wp-json\/wp\/v2\/posts"}],"about":[{"href":"https:\/\/www.pimealdia.org\/es\/wp-json\/wp\/v2\/types\/post"}],"author":[{"embeddable":true,"href":"https:\/\/www.pimealdia.org\/es\/wp-json\/wp\/v2\/users\/60"}],"replies":[{"embeddable":true,"href":"https:\/\/www.pimealdia.org\/es\/wp-json\/wp\/v2\/comments?post=9499"}],"version-history":[{"count":3,"href":"https:\/\/www.pimealdia.org\/es\/wp-json\/wp\/v2\/posts\/9499\/revisions"}],"predecessor-version":[{"id":9500,"href":"https:\/\/www.pimealdia.org\/es\/wp-json\/wp\/v2\/posts\/9499\/revisions\/9500"}],"wp:featuredmedia":[{"embeddable":true,"href":"https:\/\/www.pimealdia.org\/es\/wp-json\/wp\/v2\/media\/7479"}],"wp:attachment":[{"href":"https:\/\/www.pimealdia.org\/es\/wp-json\/wp\/v2\/media?parent=9499"}],"wp:term":[{"taxonomy":"category","embeddable":true,"href":"https:\/\/www.pimealdia.org\/es\/wp-json\/wp\/v2\/categories?post=9499"},{"taxonomy":"post_tag","embeddable":true,"href":"https:\/\/www.pimealdia.org\/es\/wp-json\/wp\/v2\/tags?post=9499"}],"curies":[{"name":"wp","href":"https:\/\/api.w.org\/{rel}","templated":true}]}}