{"id":9533,"date":"2017-10-02T17:59:28","date_gmt":"2017-10-02T15:59:28","guid":{"rendered":"https:\/\/www.pimealdia.org\/5-errores-que-debes-evitar-si-eres-empresario\/"},"modified":"2017-10-02T17:59:28","modified_gmt":"2017-10-02T15:59:28","slug":"5-errores-que-debes-evitar-si-eres-empresario","status":"publish","type":"post","link":"https:\/\/www.pimealdia.org\/es\/5-errores-que-debes-evitar-si-eres-empresario\/","title":{"rendered":"5 errores que debes evitar si eres empresario"},"content":{"rendered":"<p>Si bien es cierto que los empresarios son quienes mejor conocen sus empresas, no es menos cierto que, en algunas ocasiones \u201clos \u00e1rboles les impiden ver el bosque\u201d y aplic\u00e1ndolo a la actividad empresarial lo podr\u00edamos interpretar como que \u201cel negocio les impide ver la empresa\u201d. Con una\u00a0adecuada planificaci\u00f3n estrat\u00e9gica empresarial, podremos cubrir y dar respuesta a<strong>\u00a0<\/strong>todas las necesidades de la empresa.<\/p>\n<blockquote class=\"wp-embedded-content\" data-secret=\"bF0I0xBjVV\"><p><a href=\"https:\/\/www.pimealdia.org\/es\/mentalidad-fuera-de-la-caja-ver-mas-alla-de-nosotros-mismos\/\">Mentalidad fuera de la caja: ver m\u00e1s all\u00e1 de nosotros mismos<\/a><\/p><\/blockquote>\n<p><iframe class=\"wp-embedded-content\" sandbox=\"allow-scripts\" security=\"restricted\" style=\"position: absolute; clip: rect(1px, 1px, 1px, 1px);\" title=\"\u00abMentalidad fuera de la caja: ver m\u00e1s all\u00e1 de nosotros mismos\u00bb \u2014 Pime al dia\" src=\"https:\/\/www.pimealdia.org\/es\/mentalidad-fuera-de-la-caja-ver-mas-alla-de-nosotros-mismos\/embed\/#?secret=bF0I0xBjVV\" data-secret=\"bF0I0xBjVV\" width=\"600\" height=\"338\" frameborder=\"0\" marginwidth=\"0\" marginheight=\"0\" scrolling=\"no\"><\/iframe><\/p>\n<p>Es un tanto incoherente, pero en diversas ocasiones los empresarios desarrollan su actividad empresarial desde su punto de vista y no desde el punto de vista de sus clientes, proveedores y empleados.\u00a0Por ello, a continuaci\u00f3n se detallan<strong> 5 errores que debes evitar si eres empresario.<\/strong><\/p>\n<h4><img loading=\"lazy\" class=\"alignnone size-full wp-image-9429\" src=\"https:\/\/www.pimealdia.org\/wp-content\/uploads\/2017\/09\/1.jpg\" alt=\"\" width=\"50\" height=\"50\" \/>\u00a0Relaciones t\u00f3xicas<\/h4>\n<p>Todos conocemos personas en nuestra vida que, por alg\u00fan u otro motivo nos resultan t\u00f3xicas y su existencia es muy habitual en la\u00a0 actividad empresarial. As\u00ed encontramos a clientes t\u00f3xicos a los que no podemos dejar de suministrar por alg\u00fan motivo pero que perjudican nuestra rentabilidad; otras veces encontramos a proveedores t\u00f3xicos a los que tenemos que seguir comprando por ciertos compromisos y, naturalmente a empleados t\u00f3xicos que generan mala influencia en sus compa\u00f1eros y que acaban afectando al <a href=\"https:\/\/www.pimealdia.org\/es\/quina-importancia-clima-laboral\/\" target=\"_blank\" rel=\"noopener noreferrer\">clima laboral<\/a>.<\/p>\n<blockquote class=\"wp-embedded-content\" data-secret=\"OKLCGqLz2i\"><p><a href=\"https:\/\/www.pimealdia.org\/es\/millorar-clima-laboral-meva-empresa\/\">\u00bfC\u00f3mo puedo mejorar el clima laboral de mi empresa?<\/a><\/p><\/blockquote>\n<p><iframe class=\"wp-embedded-content\" sandbox=\"allow-scripts\" security=\"restricted\" style=\"position: absolute; clip: rect(1px, 1px, 1px, 1px);\" title=\"\u00ab\u00bfC\u00f3mo puedo mejorar el clima laboral de mi empresa?\u00bb \u2014 Pime al dia\" src=\"https:\/\/www.pimealdia.org\/es\/millorar-clima-laboral-meva-empresa\/embed\/#?secret=OKLCGqLz2i\" data-secret=\"OKLCGqLz2i\" width=\"600\" height=\"338\" frameborder=\"0\" marginwidth=\"0\" marginheight=\"0\" scrolling=\"no\"><\/iframe><\/p>\n<p>Y si bien todo ello se podr\u00eda solucionar con una adecuada gesti\u00f3n y planificaci\u00f3n empresarial, su realizaci\u00f3n no suele agradar en las empresas porque se piensa en el efecto a corto plazo y no en los beneficios y mejoras con los que va a contar la empresa en el medio-largo plazo.<\/p>\n<h4><img loading=\"lazy\" class=\"alignnone size-full wp-image-9432\" src=\"https:\/\/www.pimealdia.org\/wp-content\/uploads\/2017\/09\/2.jpg\" alt=\"\" width=\"50\" height=\"50\" \/>Escasa diversificaci\u00f3n de productos y servicios<\/h4>\n<p><u><\/u>Ciertas Empresas focalizan su actividad empresarial en productos que llevan a\u00f1os y a\u00f1os fabricando o en servicios que han prestado habitualmente, sin pararse a pensar si el cliente actual los quiere tal y como son. Y as\u00ed, el d\u00eda que dicho cliente se va con la competencia, el empresario no entiende el motivo, cuando hubiera sido tan sencillo como realizar un seguimiento personalizado de los clientes v\u00eda cuestionario o entrevista personal en donde se hubieran podido detectar m\u00faltiples aspectos.<\/p>\n<h4><u><img loading=\"lazy\" class=\"alignnone size-full wp-image-9435\" src=\"https:\/\/www.pimealdia.org\/wp-content\/uploads\/2017\/09\/3.jpg\" alt=\"\" width=\"50\" height=\"50\" \/><\/u>Improvisaci\u00f3n comercial<\/h4>\n<p><img loading=\"lazy\" class=\"size-medium wp-image-9049 alignleft\" src=\"https:\/\/www.pimealdia.org\/wp-content\/uploads\/2017\/09\/europa-en-afecta1-300x225-300x225.jpg\" alt=\"\" width=\"300\" height=\"225\" \/>Algunas empresas quieren incrementar su ventas de un modo r\u00e1pido y lo solucionan contratando un comercial que si no cuenta con una cartera consolidada, a duras penas puede desarrollar una cartera nueva. O bien contratan a un responsable de ventas que si bien se mueve como pez en el agua con los grandes clientes no as\u00ed con su equipo y lo que consigue por un lado lo pierde por otro. Y as\u00ed, se acaba improvisando, tomando decisiones inadecuadas y gastando dinero en acciones que tiene escaso retorno en incremento de ventas.<\/p>\n<h4><img loading=\"lazy\" class=\"alignnone size-full wp-image-9438\" src=\"https:\/\/www.pimealdia.org\/wp-content\/uploads\/2017\/09\/4.jpg\" alt=\"\" width=\"50\" height=\"50\" \/>Orgullo directivo<\/h4>\n<p>En algunas ocasiones, me he encontrado con empresarios que por mucho que les indiques que las decisiones que est\u00e1n tomando no son las adecuadas, hacen caso omiso y, en su af\u00e1n por seguir haciendo las cosas como ellos creen que es lo mejor, acaban por llevar a la empresa a una delicada situaci\u00f3n de la que, lamentablemente, es muy dif\u00edcil salir.<\/p>\n<blockquote class=\"wp-embedded-content\" data-secret=\"3aHGv4az0W\"><p><a href=\"https:\/\/www.pimealdia.org\/es\/lideratge-empresarial-se-liderar-en-que-puc-millorar\/\">Liderazgo Empresarial. \u00bfS\u00e9 liderar? \u00bfEn qu\u00e9 puedo mejorar?<\/a><\/p><\/blockquote>\n<p><iframe class=\"wp-embedded-content\" sandbox=\"allow-scripts\" security=\"restricted\" style=\"position: absolute; clip: rect(1px, 1px, 1px, 1px);\" title=\"\u00abLiderazgo Empresarial. \u00bfS\u00e9 liderar? \u00bfEn qu\u00e9 puedo mejorar?\u00bb \u2014 Pime al dia\" src=\"https:\/\/www.pimealdia.org\/es\/lideratge-empresarial-se-liderar-en-que-puc-millorar\/embed\/#?secret=3aHGv4az0W\" data-secret=\"3aHGv4az0W\" width=\"600\" height=\"338\" frameborder=\"0\" marginwidth=\"0\" marginheight=\"0\" scrolling=\"no\"><\/iframe><\/p>\n<h4><img loading=\"lazy\" class=\"alignnone size-full wp-image-9441\" src=\"https:\/\/www.pimealdia.org\/wp-content\/uploads\/2017\/09\/5.jpg\" alt=\"\" width=\"50\" height=\"50\" \/>Inexistencia de planificaci\u00f3n<\/h4>\n<p>Ciertas empresas, sorprendentemente, viven al d\u00eda y no son capaces de planificar su actividad empresarial en su puntos cr\u00edticos como pueden ser planificaci\u00f3n de cobros y pagos, lo cual provoca fuertes tensiones de tesorer\u00eda y posibles entradas en suspensi\u00f3n de pagos.<\/p>\n<p>En definitiva, todo ello se soluciona con una <strong>adecuada planificaci\u00f3n estrat\u00e9gica empresarial<\/strong> que debe ser dise\u00f1ada, desarrollada e implementada por profesionales cualificados que cuenten con la suficiente experiencia para que su ejecuci\u00f3n sea lo m\u00e1s eficaz y eficiente para las empresas.<\/p>\n<p><strong>Ana Isabel P\u00e9rez Ortega,\u00a0<\/strong>consultora Dept. Consultor\u00eda estrat\u00e9gica de PIMEC<\/p>\n","protected":false},"excerpt":{"rendered":"<p>Si bien es cierto que los empresarios son quienes mejor conocen sus empresas, no es menos cierto que, en algunas ocasiones \u201clos \u00e1rboles les impiden ver el bosque\u201d y aplic\u00e1ndolo a la actividad empresarial lo podr\u00edamos interpretar como que \u201cel negocio les impide ver la empresa\u201d. Con una\u00a0adecuada planificaci\u00f3n estrat\u00e9gica empresarial, podremos cubrir y dar respuesta a\u00a0todas las necesidades de la empresa. Mentalidad fuera de la caja: ver m\u00e1s all\u00e1 de nosotros mismos Es un tanto incoherente, pero en diversas ocasiones los empresarios desarrollan su actividad empresarial desde su punto de vista y no desde el punto de vista de<\/p>\n","protected":false},"author":30,"featured_media":9532,"comment_status":"open","ping_status":"closed","sticky":false,"template":"","format":"standard","meta":[],"categories":[330],"tags":[445,383],"_links":{"self":[{"href":"https:\/\/www.pimealdia.org\/es\/wp-json\/wp\/v2\/posts\/9533"}],"collection":[{"href":"https:\/\/www.pimealdia.org\/es\/wp-json\/wp\/v2\/posts"}],"about":[{"href":"https:\/\/www.pimealdia.org\/es\/wp-json\/wp\/v2\/types\/post"}],"author":[{"embeddable":true,"href":"https:\/\/www.pimealdia.org\/es\/wp-json\/wp\/v2\/users\/30"}],"replies":[{"embeddable":true,"href":"https:\/\/www.pimealdia.org\/es\/wp-json\/wp\/v2\/comments?post=9533"}],"version-history":[{"count":0,"href":"https:\/\/www.pimealdia.org\/es\/wp-json\/wp\/v2\/posts\/9533\/revisions"}],"wp:featuredmedia":[{"embeddable":true,"href":"https:\/\/www.pimealdia.org\/es\/wp-json\/wp\/v2\/media\/9532"}],"wp:attachment":[{"href":"https:\/\/www.pimealdia.org\/es\/wp-json\/wp\/v2\/media?parent=9533"}],"wp:term":[{"taxonomy":"category","embeddable":true,"href":"https:\/\/www.pimealdia.org\/es\/wp-json\/wp\/v2\/categories?post=9533"},{"taxonomy":"post_tag","embeddable":true,"href":"https:\/\/www.pimealdia.org\/es\/wp-json\/wp\/v2\/tags?post=9533"}],"curies":[{"name":"wp","href":"https:\/\/api.w.org\/{rel}","templated":true}]}}