{"id":9673,"date":"2017-10-06T11:45:13","date_gmt":"2017-10-06T09:45:13","guid":{"rendered":"https:\/\/www.pimealdia.org\/ni-plou-ni-ploura-tenim-anticiclo-per-estona-prediccio-meteorologica-del-7-doctubre-al-13-doctubre-2017\/"},"modified":"2017-10-06T11:57:49","modified_gmt":"2017-10-06T09:57:49","slug":"ni-plou-ni-ploura-tenim-anticiclo-per-estona-prediccio-meteorologica-del-7-doctubre-al-13-doctubre-2017","status":"publish","type":"post","link":"https:\/\/www.pimealdia.org\/es\/ni-plou-ni-ploura-tenim-anticiclo-per-estona-prediccio-meteorologica-del-7-doctubre-al-13-doctubre-2017\/","title":{"rendered":"\u00a1Ni llueve, ni llover\u00e1! Tenemos anticicl\u00f3n para rato: predicci\u00f3n meteorol\u00f3gica del 7 al 13 de octubre 2017"},"content":{"rendered":"<p>El pasado mes de marzo tuvimos lluvias generosas. Por fin aquellas precipitaciones auguraban una primavera lozana y un a\u00f1o venturoso &#8230; pero Abril nos llev\u00f3 muy poca lluvia y mayo, junio, julio, agosto, septiembre &#8230; y lo que llevamos de octubre. Si no fuera por las tormentas, jefe temporal con cara y ojos nos ha afectado de forma general. <strong> Aqu\u00ed tenemos la predicci\u00f3n meteorol\u00f3gica de esta semana! <\/strong><\/p>\n<p>Ahora estamos en octubre, el mes m\u00e1s lluvioso del a\u00f1o en muchas comarcas, sobre todo de la mitad este, pero el anticicl\u00f3n, terco m\u00e1s que terco, no se quiere mover de Portugal, Cant\u00e1brico, Andaluc\u00eda pero lo que realmente debemos destacar es que no tiene ningunas ganas de irse ni a corto, ni a medio plazo.<\/p>\n<p><img loading=\"lazy\" class=\"size-medium wp-image-9669 alignleft\" src=\"https:\/\/www.pimealdia.org\/wp-content\/uploads\/2017\/10\/anticicl\u00f3n-300x188.jpg\" alt=\"\" width=\"300\" height=\"188\" srcset=\"https:\/\/www.pimealdia.org\/wp-content\/uploads\/2017\/10\/anticicl\u00f3n-300x188.jpg 300w, https:\/\/www.pimealdia.org\/wp-content\/uploads\/2017\/10\/anticicl\u00f3n-1024x640.jpg 1024w, https:\/\/www.pimealdia.org\/wp-content\/uploads\/2017\/10\/anticicl\u00f3n-1000x625.jpg 1000w, https:\/\/www.pimealdia.org\/wp-content\/uploads\/2017\/10\/anticicl\u00f3n-800x500.jpg 800w, https:\/\/www.pimealdia.org\/wp-content\/uploads\/2017\/10\/anticicl\u00f3n-600x375.jpg 600w, https:\/\/www.pimealdia.org\/wp-content\/uploads\/2017\/10\/anticicl\u00f3n-400x250.jpg 400w, https:\/\/www.pimealdia.org\/wp-content\/uploads\/2017\/10\/anticicl\u00f3n.jpg 1200w\" sizes=\"(max-width: 300px) 100vw, 300px\" \/>S\u00f3lo podemos hablar de peque\u00f1os cambios como el de <strong> hoy viernes y s\u00e1bado con una bajada de temperatura moderada<\/strong>, alg\u00fan chubasco en la costa, fen\u00f3menos puntuales, pero la pr\u00f3xima semana, especialmente entre <strong> martes y s\u00e1bado el anticicl\u00f3n volver\u00e1 a fortalecerse<\/strong>. Todas las grandes perturbaciones atl\u00e1nticas continuar\u00e1n atacando el norte del continente &#8230; y nosotros mir\u00e1ndonos de lejos.<\/p>\n<p>El tema setas este a\u00f1o bastante irregular y atrasado, dependiendo de donde hayan descargado las tormentas. A pesar de las noches frescas o algo fr\u00edas, la pr\u00f3xima semana el ambiente continuar\u00e1 siendo anormalmente c\u00e1lido por las fechas, por lo tanto las tiendas de ropa no podr\u00e1n vender demasiada ropa de abrigo.<\/p>\n<figure id=\"attachment_9668\" aria-describedby=\"caption-attachment-9668\" style=\"width: 300px\" class=\"wp-caption alignleft\"><img loading=\"lazy\" class=\"wp-image-9668 size-medium\" src=\"https:\/\/www.pimealdia.org\/wp-content\/uploads\/2017\/10\/predicci\u00f3-300x201.jpg\" alt=\"\" width=\"300\" height=\"201\" srcset=\"https:\/\/www.pimealdia.org\/wp-content\/uploads\/2017\/10\/predicci\u00f3-300x201.jpg 300w, https:\/\/www.pimealdia.org\/wp-content\/uploads\/2017\/10\/predicci\u00f3-1024x687.jpg 1024w, https:\/\/www.pimealdia.org\/wp-content\/uploads\/2017\/10\/predicci\u00f3-1000x671.jpg 1000w, https:\/\/www.pimealdia.org\/wp-content\/uploads\/2017\/10\/predicci\u00f3-800x537.jpg 800w, https:\/\/www.pimealdia.org\/wp-content\/uploads\/2017\/10\/predicci\u00f3-600x403.jpg 600w, https:\/\/www.pimealdia.org\/wp-content\/uploads\/2017\/10\/predicci\u00f3-400x268.jpg 400w, https:\/\/www.pimealdia.org\/wp-content\/uploads\/2017\/10\/predicci\u00f3.jpg 1200w\" sizes=\"(max-width: 300px) 100vw, 300px\" \/><figcaption id=\"caption-attachment-9668\" class=\"wp-caption-text\">La ausencia de lluvias favorece la realizaci\u00f3n de trabajos al aire libre<\/figcaption><\/figure>\n<p>Como os coment\u00e1bamos la semana pasada, la ausencia de lluvias favorece la realizaci\u00f3n de trabajos al aire libre tales como asfaltado de calles, obras diversas, construcci\u00f3n, arreglar goteras. Ya lo sabemos que <a href=\"https:\/\/www.pimealdia.org\/es\/mai-plou-a-gust-de-tothom-prediccio-meteorologica-del-26-dagost-a-l1-setembre-2017 \/ \" target=\" _ blank \"> nunca llueve al gusto de todos, <\/a> as\u00ed que los m\u00e1s perjudicados son los agricultores y ganaderos que ven como la sequ\u00eda va ganando puntos, los acu\u00edferos se est\u00e1n secando, los r\u00edos bajan que dan pena, especialmente los del Pirineo occidental, el pastoreo es escaso en muchas zonas. El 70% de la cosecha de cereales en zonas del centro de Espa\u00f1a est\u00e1 perdida mientras que en Catalu\u00f1a, la situaci\u00f3n no es tan mala pero en apenas es regular.<\/p>\n<p>La producci\u00f3n hidroel\u00e9ctrica, con los embalses cada vez m\u00e1s carentes de agua, es bastante escasa pero con el anticicl\u00f3n tan cerca no hace viento y por lo tanto la producci\u00f3n e\u00f3lica tambi\u00e9n es bastante baja. Tenemos esperanzas de que <strong> a partir del 18 a 20 de octubre tengamos un progresivo cambio de tendencia<\/strong>. Mientras tanto las pistas de esqu\u00ed no se preocupan especialmente, mejor que haga este tiempo tan seco ahora y no en pleno invierno. Lo dicho, nunca llueve al gusto de todos.<\/p>\n<p>Por gentileza de <a href=\"http:\/\/www.taikometeorologia.com\/\" target=\"_blank\" rel=\"noopener noreferrer\"> taiko Meteorolog\u00eda <\/a><\/p>\n","protected":false},"excerpt":{"rendered":"<p>El pasado mes de marzo tuvimos lluvias generosas. Por fin aquellas precipitaciones auguraban una primavera lozana y un a\u00f1o venturoso &#8230; pero Abril nos llev\u00f3 muy poca lluvia y mayo, junio, julio, agosto, septiembre &#8230; y lo que llevamos de octubre. Si no fuera por las tormentas, jefe temporal con cara y ojos nos ha afectado de forma general. Aqu\u00ed tenemos la predicci\u00f3n meteorol\u00f3gica de esta semana! Ahora estamos en octubre, el mes m\u00e1s lluvioso del a\u00f1o en muchas comarcas, sobre todo de la mitad este, pero el anticicl\u00f3n, terco m\u00e1s que terco, no se quiere mover de Portugal, Cant\u00e1brico,<\/p>\n","protected":false},"author":60,"featured_media":7479,"comment_status":"open","ping_status":"closed","sticky":false,"template":"","format":"standard","meta":[],"categories":[338],"tags":[],"_links":{"self":[{"href":"https:\/\/www.pimealdia.org\/es\/wp-json\/wp\/v2\/posts\/9673"}],"collection":[{"href":"https:\/\/www.pimealdia.org\/es\/wp-json\/wp\/v2\/posts"}],"about":[{"href":"https:\/\/www.pimealdia.org\/es\/wp-json\/wp\/v2\/types\/post"}],"author":[{"embeddable":true,"href":"https:\/\/www.pimealdia.org\/es\/wp-json\/wp\/v2\/users\/60"}],"replies":[{"embeddable":true,"href":"https:\/\/www.pimealdia.org\/es\/wp-json\/wp\/v2\/comments?post=9673"}],"version-history":[{"count":4,"href":"https:\/\/www.pimealdia.org\/es\/wp-json\/wp\/v2\/posts\/9673\/revisions"}],"predecessor-version":[{"id":9677,"href":"https:\/\/www.pimealdia.org\/es\/wp-json\/wp\/v2\/posts\/9673\/revisions\/9677"}],"wp:featuredmedia":[{"embeddable":true,"href":"https:\/\/www.pimealdia.org\/es\/wp-json\/wp\/v2\/media\/7479"}],"wp:attachment":[{"href":"https:\/\/www.pimealdia.org\/es\/wp-json\/wp\/v2\/media?parent=9673"}],"wp:term":[{"taxonomy":"category","embeddable":true,"href":"https:\/\/www.pimealdia.org\/es\/wp-json\/wp\/v2\/categories?post=9673"},{"taxonomy":"post_tag","embeddable":true,"href":"https:\/\/www.pimealdia.org\/es\/wp-json\/wp\/v2\/tags?post=9673"}],"curies":[{"name":"wp","href":"https:\/\/api.w.org\/{rel}","templated":true}]}}